{"id":256621,"date":"2025-11-26T11:08:13","date_gmt":"2025-11-26T11:08:13","guid":{"rendered":"https:\/\/www.europesays.com\/es\/256621\/"},"modified":"2025-11-26T11:08:13","modified_gmt":"2025-11-26T11:08:13","slug":"burgos-burpellet-acumula-puntos-y-medallas-en-los-campeonatos-de-africa","status":"publish","type":"post","link":"https:\/\/www.europesays.com\/es\/256621\/","title":{"rendered":"Burgos-Burpellet acumula puntos y medallas en los campeonatos de Africa"},"content":{"rendered":"<p>El equipo Burgos-Burpellet se march\u00f3 de los campeonatos de Africa con la satisfacci\u00f3n de haber alcanzado hasta dos medallas y, adem\u00e1s, con una cosecha de puntos UCI que es la envidia del resto de rivales en la b\u00fasqueda de una plaza en el top30 del Ranking UCI de 2026.<\/p>\n<p>Los equipos ProTeam necesitan finalizar entre los 30 mejores del mundo para poder aspirar a una plaza en las grandes vueltas de la temporada siguiente. Ahora mismo, a pesar de estar todav\u00eda en los \u00faltimos meses del a\u00f1o 2025, hemos comenzado con la temporada 2026, por lo que a la Uni\u00f3n Ciclista Internacional respecta. Por tanto, <strong>el campeonato de Africa<\/strong> ha sido un excelente bot\u00edn de puntos y un gran impacto medi\u00e1tico para Burgos-Burpellet.<\/p>\n<p>En la prueba de fondo en carretera, <strong>Merhawi Kudus<\/strong> se llev\u00f3 la medalla de oro, por lo que ser\u00e1 campe\u00f3n africano durante todo el a\u00f1o 2026, y <strong>Cameron Mayer<\/strong> tambi\u00e9n estuvo entre los mejores. En la prueba de contrarreloj individual sucedi\u00f3 al rev\u00e9s: Mayer fue podio al acabar tercero y Kudus se defendi\u00f3 con dignidad. Y ambos sumaron m\u00e1s puntos en cronos mixtas-por equipos. En total, ambos ciclistas han sumado en un fin de semana un total de <strong>393 puntos.<\/strong><\/p>\n<p>Pero, \u00bfson muchos o pocos? Para que lo veamos en su justa dimensi\u00f3n, un equipo necesita sumar alrededor de <strong>2.500 puntos UCI<\/strong> para meterse entre los 30 primeros. Por tanto, hablamos de que estos dos corredores han conseguido ya algo m\u00e1s de un 15% de los puntos que necesitar\u00e1 el equipo. Y no hay que olvidar que ambos corredores tienen por delante los campeonatos nacionales, donde pueden volver a sumar puntos con una alt\u00edsima probabilidad. Lo m\u00e1s normal es que con estos dos ciclistas, el equipo sume aproximadamente<strong> 600 puntos UCI<\/strong>, lo que significa el 20% de los puntos que necesita el equipo para la temporada 2026. Por tanto, el objetivo comienza bien\u2026 pero no hay nada hecho hasta finales de octubre de 2026, que es cuando se suman todos los puntos UCI del a\u00f1o.<\/p>\n","protected":false},"excerpt":{"rendered":"El equipo Burgos-Burpellet se march\u00f3 de los campeonatos de Africa con la satisfacci\u00f3n de haber alcanzado hasta dos&hellip;\n","protected":false},"author":2,"featured_media":256622,"comment_status":"","ping_status":"","sticky":false,"template":"","format":"standard","meta":{"footnotes":""},"categories":[273],"tags":[313,312,168,25,24,23,167],"class_list":{"0":"post-256621","1":"post","2":"type-post","3":"status-publish","4":"format-standard","5":"has-post-thumbnail","7":"category-ciclismo","8":"tag-ciclismo","9":"tag-cycling","10":"tag-deportes","11":"tag-es","12":"tag-espana","13":"tag-spain","14":"tag-sports"},"share_on_mastodon":{"url":"https:\/\/pubeurope.com\/@es\/115615688512423426","error":""},"_links":{"self":[{"href":"https:\/\/www.europesays.com\/es\/wp-json\/wp\/v2\/posts\/256621","targetHints":{"allow":["GET"]}}],"collection":[{"href":"https:\/\/www.europesays.com\/es\/wp-json\/wp\/v2\/posts"}],"about":[{"href":"https:\/\/www.europesays.com\/es\/wp-json\/wp\/v2\/types\/post"}],"author":[{"embeddable":true,"href":"https:\/\/www.europesays.com\/es\/wp-json\/wp\/v2\/users\/2"}],"replies":[{"embeddable":true,"href":"https:\/\/www.europesays.com\/es\/wp-json\/wp\/v2\/comments?post=256621"}],"version-history":[{"count":0,"href":"https:\/\/www.europesays.com\/es\/wp-json\/wp\/v2\/posts\/256621\/revisions"}],"wp:featuredmedia":[{"embeddable":true,"href":"https:\/\/www.europesays.com\/es\/wp-json\/wp\/v2\/media\/256622"}],"wp:attachment":[{"href":"https:\/\/www.europesays.com\/es\/wp-json\/wp\/v2\/media?parent=256621"}],"wp:term":[{"taxonomy":"category","embeddable":true,"href":"https:\/\/www.europesays.com\/es\/wp-json\/wp\/v2\/categories?post=256621"},{"taxonomy":"post_tag","embeddable":true,"href":"https:\/\/www.europesays.com\/es\/wp-json\/wp\/v2\/tags?post=256621"}],"curies":[{"name":"wp","href":"https:\/\/api.w.org\/{rel}","templated":true}]}}