{"id":256623,"date":"2025-11-26T11:10:10","date_gmt":"2025-11-26T11:10:10","guid":{"rendered":"https:\/\/www.europesays.com\/es\/256623\/"},"modified":"2025-11-26T11:10:10","modified_gmt":"2025-11-26T11:10:10","slug":"el-lointek-gernika-renueva-el-billete-europeo","status":"publish","type":"post","link":"https:\/\/www.europesays.com\/es\/256623\/","title":{"rendered":"El Lointek Gernika renueva el billete europeo"},"content":{"rendered":"<p class=\"article-body__text \">\n        <strong>Lointek Gernika 81<\/strong>\n<\/p>\n<p class=\"article-body__text \">\n        <strong>ELITZUR RAMLA: <\/strong>Nelson (12), Rotberg (13), Green (4), Herbert-Harrigan (15), Guirantess (8) -cinco inicial- Garzon (3), Ravahe (10).\n<\/p>\n<p class=\"article-body__text \">\n        <strong>LOINTEK GERNIKA: <\/strong>Matarranz (6), Olaeta (15), Westerik (10), Bessoir (21), Adams (5) -cinco inicial- Krnjic (5), Castedo (0), Polleros (19).\n<\/p>\n<p class=\"article-body__text \">\n        <strong>Parciales:<\/strong> 26-16, 39-46 (descanso), 47-63 y 65- 81.\n<\/p>\n<p class=\"article-body__text \">\n        <strong>\u00c1rbitros: <\/strong>Dori (ITA), Scholze (CHE) y Mincheva (BUL). Sin eliminadas.\n<\/p>\n<p class=\"article-body__text \">\n        <strong>Incidencias: <\/strong>Partido de la fase de grupos de la Eurocup disputado a puerta cerrada en el Izzi Arena de Sof\u00eda.\n<\/p>\n<p class=\"article-body__text \">\n        El<a href=\"https:\/\/www.deia.eus\/tags\/lointek-gernika\/\" title=\"Lointek Gernika Bizkaia\" class=\"link copy\" rel=\"nofollow noopener\" target=\"_blank\"> Lointek Gernika Bizkaia<\/a> abraz\u00f3 ayer en el exilio de Sof\u00eda la <strong>clasificaci\u00f3n para la fase de eliminatorias de la Eurocup gracias a su amplia victoria ante el Elitzur Ramla<\/strong>. Si no lo hacen como segundas de grupo, para lo que necesitan perder ma\u00f1ana por menos de 16 puntos, lo har\u00e1n como terceras ya que <strong>sus tres triunfos y su excelente average general de +66 le hacen inalcanzable para cuatro terceros clasificados de grupo en la \u00faltima jornada.<\/strong>\n<\/p>\n<p class=\"article-body__text \">\n        <strong>El partido empez\u00f3 con un cariz peligroso, ya que las gernikarras, que no ten\u00edan a Masa Jankovic, salieron a bajas revoluciones, como con excesivas precauciones y escasa tensi\u00f3n, como prueban sus siete p\u00e9rdidas de bal\u00f3n en estos diez minutos<\/strong>. El equipo israel\u00ed puso un 7-0 inicial que las granates redujeron a un 17-16, pero que se transform\u00f3 en un 26-16 al acabar el primer cuarto. Las concesiones defensivas del conjunto de <a href=\"https:\/\/www.deia.eus\/tags\/lucas-fernandez\/\" title=\"Lucas Fern\u00e1ndez\" class=\"link copy\" rel=\"nofollow noopener\" target=\"_blank\">Lucas Fern\u00e1ndez <\/a>concedieron demasiados tiros liberados que el Elitzur anot\u00f3 porque a\u00fan ten\u00eda las fuerzas intactas en su quinteto inicial, de calidad y la suma de Guirantes, ex del Avenida, recientemente, pero como se vio m\u00e1s adelante con jugadoras lejos de su mejor momento f\u00edsico y muy poco banquillo.\n<\/p>\n<p class=\"article-body__text \">\n        <strong>El Lointek Gernika empez\u00f3 a afinar desde el per\u00edmetro, pero las israel\u00edes a\u00fan manten\u00edan una ventaja de 34-27 pasados cuatro minutos del segundo cuarto<\/strong>. Adem\u00e1s, las tres faltas de Emily Bessoir antes del descanso supon\u00edan un motivo de precauci\u00f3n, pero apareci\u00f3 Sarah Polleros para dar la vuelta al partido con sus triples y convertirse en jugadora decisiva. <strong>Tras un tiempo muerto, la defensa gernikarra mejor\u00f3 su actividad y sus ajustes para penalizar la mala ocupaci\u00f3n de espacio del Elitzur y dos robos seguidos permitieron a Olaeta y Westerik dar la primera ventaja a las vizcainas, que ya no perder\u00edan en lo que quedaba de choque. <\/strong>Dos triples de Polleros completaron un parcial de 1-14 que puso el control del partido en manos del Lointek Gernika.\n<\/p>\n<p>  UNA CANASTA EN SEIS MINUTOS <\/p>\n<p class=\"article-body__text \">\n        Aunque <strong>el Elitzur Ramla apret\u00f3 el marcador hasta un 43-47, la defensa granate ya hab\u00eda sellado para dejar a su rival casi seis minutos con solo una canasta. Un parcial de 4-16 abri\u00f3 una brecha que ya era importante para afrontar con m\u00e1s tranquilidad un \u00faltimo cuarto <\/strong>en el que el Elitzur quiso tomar algunos riesgos defensivos y fren\u00f3 en parte la fluidez en ataque de las gernikarras, que sin embargo manten\u00edan el mando porque su defensa hizo consumir varias posesiones a su rival sin siquiera tirar. As\u00ed, un 2+1 de Polleros puso el 54-72 a 4.30 del final, la m\u00e1xima ventaja del Lointek Gernika en el partido.\n<\/p>\n<p class=\"article-body__text \">\n        El cansancio se dejaba notar en los dos equipos. Uno quer\u00eda guardar su ventaja y el otro, reducirla para mantener alguna opci\u00f3n de clasificaci\u00f3n.<strong> El Elitzur firm\u00f3 un 7- 0 con acciones individuales, pero el conjunto vizcaino, en la duda de si seguir corriendo o alargar sus ataques, recuper\u00f3 el hilo tras otro tiempo y cinco puntos finales de Bessoir pusieron la diferencia final que abre la puerta de la segunda fase al Lointek Gernik<\/strong>a, que podr\u00e1 manejar el partido de ma\u00f1ana con ambici\u00f3n por mejorar su posici\u00f3n de cara a las eliminatorias, pero con la seguridad de que el primer objetivo est\u00e1 cumplido. <strong>Ser\u00e1 el momento de tratar de nuevo de repartir los minutos y sin que sea necesario forzar a Jankovic ya que el domingo tocar\u00e1 recibir en Maloste al Cad\u00ed La Seu.<\/strong><\/p>\n","protected":false},"excerpt":{"rendered":"Lointek Gernika 81 ELITZUR RAMLA: Nelson (12), Rotberg (13), Green (4), Herbert-Harrigan (15), Guirantess (8) -cinco inicial- Garzon&hellip;\n","protected":false},"author":2,"featured_media":256624,"comment_status":"","ping_status":"","sticky":false,"template":"","format":"standard","meta":{"footnotes":""},"categories":[269],"tags":[299,298,8124,168,25,24,5824,3705,9276,6656,23,167],"class_list":{"0":"post-256623","1":"post","2":"type-post","3":"status-publish","4":"format-standard","5":"has-post-thumbnail","7":"category-baloncesto","8":"tag-baloncesto","9":"tag-basketball","10":"tag-billete","11":"tag-deportes","12":"tag-es","13":"tag-espana","14":"tag-europeo","15":"tag-gernika","16":"tag-lointek","17":"tag-renueva","18":"tag-spain","19":"tag-sports"},"share_on_mastodon":{"url":"https:\/\/pubeurope.com\/@es\/115615696559551498","error":""},"_links":{"self":[{"href":"https:\/\/www.europesays.com\/es\/wp-json\/wp\/v2\/posts\/256623","targetHints":{"allow":["GET"]}}],"collection":[{"href":"https:\/\/www.europesays.com\/es\/wp-json\/wp\/v2\/posts"}],"about":[{"href":"https:\/\/www.europesays.com\/es\/wp-json\/wp\/v2\/types\/post"}],"author":[{"embeddable":true,"href":"https:\/\/www.europesays.com\/es\/wp-json\/wp\/v2\/users\/2"}],"replies":[{"embeddable":true,"href":"https:\/\/www.europesays.com\/es\/wp-json\/wp\/v2\/comments?post=256623"}],"version-history":[{"count":0,"href":"https:\/\/www.europesays.com\/es\/wp-json\/wp\/v2\/posts\/256623\/revisions"}],"wp:featuredmedia":[{"embeddable":true,"href":"https:\/\/www.europesays.com\/es\/wp-json\/wp\/v2\/media\/256624"}],"wp:attachment":[{"href":"https:\/\/www.europesays.com\/es\/wp-json\/wp\/v2\/media?parent=256623"}],"wp:term":[{"taxonomy":"category","embeddable":true,"href":"https:\/\/www.europesays.com\/es\/wp-json\/wp\/v2\/categories?post=256623"},{"taxonomy":"post_tag","embeddable":true,"href":"https:\/\/www.europesays.com\/es\/wp-json\/wp\/v2\/tags?post=256623"}],"curies":[{"name":"wp","href":"https:\/\/api.w.org\/{rel}","templated":true}]}}