{"id":256625,"date":"2025-11-26T11:11:09","date_gmt":"2025-11-26T11:11:09","guid":{"rendered":"https:\/\/www.europesays.com\/es\/256625\/"},"modified":"2025-11-26T11:11:09","modified_gmt":"2025-11-26T11:11:09","slug":"zohran-mamdani-alcalde-de-nueva-york-fan-de-hector-bellerin-amo-a-este-hombre","status":"publish","type":"post","link":"https:\/\/www.europesays.com\/es\/256625\/","title":{"rendered":"Zohran Mamdani, alcalde de Nueva York, fan de H\u00e9ctor Beller\u00edn: \u00abAmo a este hombre\u00bb"},"content":{"rendered":"<p style=\"\">El nuevo alcalde de Nueva York, el socialista <strong>Zohran Mamdani<\/strong> es un reconocido aficionado al f\u00fatbol. Hincha del Arsenal, es un declarado aficionado del futbolista del <strong>Betis H\u00e9ctor Beller\u00edn<\/strong>, con pasado en el club londinense, el motivo por el que \u00e9ste le envi\u00f3  &#8230; un mensaje durante el programa televisivo The Adam Friedland Show, que tambi\u00e9n es presentado por un reconocido humorista norteamericano y aficionado del Arsenal.<\/p>\n<p class=\"voc-p\" style=\"\">Beller\u00edn dej\u00f3 <strong>un mensaje de admiraci\u00f3n al pol\u00edtico estadounidense<\/strong>, cuya elecci\u00f3n como alcalde de la ciudad m\u00e1s conocida del mundo ha tenido un enorme impacto, que encontr\u00f3 la respuesta de Mamdani para sorpresa de todos los espectadores. <strong>\u00abAmo a este hombre\u00bb, se\u00f1al\u00f3 el alcalde<\/strong>, despu\u00e9s de que el mensaje en v\u00eddeo de Beller\u00edn fuera uno de los que le pusieran entre distintos jugadores del Arsenal.<\/p>\n<p><img decoding=\"async\" loading=\"lazy\" src=\"https:\/\/www.europesays.com\/es\/wp-content\/uploads\/2025\/11\/mamdani-U34287453425ieM-760x427@diario_abc.jpg\" class=\"voc-img\" width=\"760\" height=\"427\" alt=\"Zohran Mamdani, alcalde de Nueva York, fan de H\u00e9ctor Beller\u00edn: \u00abAmo a este hombre\u00bb\" data-voc-vtm-id=\"in-text-traffic\"\/><\/p>\n<p class=\"voc-p\" style=\"\">\u00abNo s\u00e9 si me reconoces con este escudo, este cabello y este bigote. Adam me dijo que vosotros ibais a ver el derbi juntos. No s\u00e9 si hab\u00e9is visto este video antes, despu\u00e9s o a media parte, pero estoy seguro de que ganamos de alguna manera. Ser un fan de Arsenal est\u00e1 muy relacionado con ser una persona jodidamente &#8216;cool&#8217;. Y mi teor\u00eda est\u00e1 realmente y verdaderamente comprobada\u00bb, comenz\u00f3 Beller\u00edn, que luego elogi\u00f3 a Mamdani. \u00abIncluso aqu\u00ed en Espa\u00f1a, sentimos la energ\u00eda de lo que ha pasado. Es realmente necesario. <strong>Eres lo que necesita Nueva York ahora mismo, lo que necesita el mundo ahora mismo<\/strong>. Y, hombre, te env\u00edo un mont\u00f3n de amor y respeto de aqu\u00ed, de Espa\u00f1a. Desde un gran fan de Arsenal y antiguo jugador de Arsenal, a un gran fan de Arsenal tambi\u00e9n. A ti tambi\u00e9n, Adam. Te env\u00edo un mont\u00f3n de amor, un gran abrazo y espero verlos pronto. Disfruta el partido\u00bb, agreg\u00f3 el futbolista b\u00e9tico.<\/p>\n<blockquote class=\"twitter-tweet\" data-media-max-width=\"560\">\n<p lang=\"en\" dir=\"ltr\">On the The Adam Friedland Show, following a message from Ian Wright, another Arsenal great, H\u00e9ctor Beller\u00edn sends a message in for Zohran Mamdani. <\/p>\n<p>Beller\u00edn congratulates the Mayor-Elect and fellow Gunners fan, telling him how much his victory means for NYC and the world. <a href=\"https:\/\/twitter.com\/hashtag\/COYG?src=hash&amp;ref_src=twsrc%5Etfw\" rel=\"nofollow noopener\" target=\"_blank\">#COYG<\/a> <a href=\"https:\/\/t.co\/OG8NC0D7Lu\" rel=\"nofollow\">pic.twitter.com\/OG8NC0D7Lu<\/a><\/p>\n<p>\u2014 Brown Town Rising (@browntownrising) <a href=\"https:\/\/twitter.com\/browntownrising\/status\/1993286688840511965?ref_src=twsrc%5Etfw\" rel=\"nofollow noopener\" target=\"_blank\">November 25, 2025<\/a><\/p><\/blockquote>\n<p class=\"voc-p\" style=\"\"><strong>El mensaje fue recibido con el mismo entusiasmo por Mamdani<\/strong>, que mantiene un discurso de izquierdas muy cercano a los ideales de Beller\u00edn. \u00abAmo a este hombre\u00bb, respondi\u00f3 el pol\u00edtico sobre Beller\u00edn, mostrando ese v\u00ednculo inesperado entre el jugador del Betis y una de las sensaciones de la pol\u00edtica actual en Estados Unidos.<\/p>\n<p><script async src=\"https:\/\/platform.twitter.com\/widgets.js\" charset=\"utf-8\"><\/script><\/p>\n","protected":false},"excerpt":{"rendered":"El nuevo alcalde de Nueva York, el socialista Zohran Mamdani es un reconocido aficionado al f\u00fatbol. Hincha del&hellip;\n","protected":false},"author":2,"featured_media":256626,"comment_status":"","ping_status":"","sticky":false,"template":"","format":"standard","meta":{"footnotes":""},"categories":[268],"tags":[1201,53348,12272,168,25,24,8470,280,282,20830,366,56086,795,281,23,167,5867,58243],"class_list":{"0":"post-256625","1":"post","2":"type-post","3":"status-publish","4":"format-standard","5":"has-post-thumbnail","7":"category-futbol","8":"tag-alcalde","9":"tag-amo","10":"tag-bellerin","11":"tag-deportes","12":"tag-es","13":"tag-espana","14":"tag-fan","15":"tag-football","16":"tag-futbol","17":"tag-hector","18":"tag-hombre","19":"tag-mamdani","20":"tag-nueva","21":"tag-soccer","22":"tag-spain","23":"tag-sports","24":"tag-york","25":"tag-zohran"},"share_on_mastodon":{"url":"https:\/\/pubeurope.com\/@es\/115615700692710505","error":""},"_links":{"self":[{"href":"https:\/\/www.europesays.com\/es\/wp-json\/wp\/v2\/posts\/256625","targetHints":{"allow":["GET"]}}],"collection":[{"href":"https:\/\/www.europesays.com\/es\/wp-json\/wp\/v2\/posts"}],"about":[{"href":"https:\/\/www.europesays.com\/es\/wp-json\/wp\/v2\/types\/post"}],"author":[{"embeddable":true,"href":"https:\/\/www.europesays.com\/es\/wp-json\/wp\/v2\/users\/2"}],"replies":[{"embeddable":true,"href":"https:\/\/www.europesays.com\/es\/wp-json\/wp\/v2\/comments?post=256625"}],"version-history":[{"count":0,"href":"https:\/\/www.europesays.com\/es\/wp-json\/wp\/v2\/posts\/256625\/revisions"}],"wp:featuredmedia":[{"embeddable":true,"href":"https:\/\/www.europesays.com\/es\/wp-json\/wp\/v2\/media\/256626"}],"wp:attachment":[{"href":"https:\/\/www.europesays.com\/es\/wp-json\/wp\/v2\/media?parent=256625"}],"wp:term":[{"taxonomy":"category","embeddable":true,"href":"https:\/\/www.europesays.com\/es\/wp-json\/wp\/v2\/categories?post=256625"},{"taxonomy":"post_tag","embeddable":true,"href":"https:\/\/www.europesays.com\/es\/wp-json\/wp\/v2\/tags?post=256625"}],"curies":[{"name":"wp","href":"https:\/\/api.w.org\/{rel}","templated":true}]}}