{"id":256627,"date":"2025-11-26T11:12:14","date_gmt":"2025-11-26T11:12:14","guid":{"rendered":"https:\/\/www.europesays.com\/es\/256627\/"},"modified":"2025-11-26T11:12:14","modified_gmt":"2025-11-26T11:12:14","slug":"asi-es-loli-bahia-la-modelo-que-la-acompana","status":"publish","type":"post","link":"https:\/\/www.europesays.com\/es\/256627\/","title":{"rendered":"as\u00ed es Loli Bah\u00eda, la modelo que la acompa\u00f1a"},"content":{"rendered":"<p><strong>Rosal\u00eda<\/strong> ve c\u00f3mo se cumple lo que parec\u00eda imposible: superar con \u2018Lux\u2019 el \u00e9xito estratosf\u00e9rico de \u2018Motomami\u2019. El ruido del triunfo y la fama puede ser ensordecedor pero Rosal\u00eda cuenta con un c\u00edrculo de hierro que la protege, asesora y ayuda a gestionar una carrera que no deja de crecer. <strong>En ese c\u00edrculo hay dos figuras clave<\/strong>: su madre, Pilar Tobella, y su hermana mayor, Pili.<\/p>\n<p>Pero la artista tambi\u00e9n cuenta con un gran apoyo fuera del entorno familiar, <strong>una amiga con la que comparte la pasi\u00f3n por la m\u00fasica<\/strong> y la moda, que le ayuda a moverse en una industria exigente e inestable y podr\u00eda haber tenido un papel fundamental en la creaci\u00f3n de su nuevo disco, el m\u00e1s espiritual hasta el momento.\u00a0<\/p>\n<p><img loading=\"lazy\" decoding=\"async\"   src=\"https:\/\/www.europesays.com\/es\/wp-content\/uploads\/2025\/11\/portada-reina-sofia_9714287b_251126064713_1200x1584.webp.webp\" alt=\"Portada Reina Sof\u00eda\" class=\"lazyload\" width=\"1200\" height=\"1584\" data-aspectratio=\"1200\/1584\"\/>&#13;Lecturas<\/p>\n<p>Se trata de <strong>Loli Bahia, una modelo de 23 a\u00f1os de origen argelino<\/strong> que la acompa\u00f1a en esta nueva etapa. Esta supermodelo nacida en Lyon empez\u00f3 a estudiar m\u00fasica cl\u00e1sica a los 5 a\u00f1os y estaba en un internado cuando fue descubierta a los 17 a\u00f1os para desfilar para Louis Vuitton. Dice que, de no haber sido modelo, jugar\u00eda al volley ball de forma profesional.<\/p>\n<p><strong>Ella y Rosal\u00eda se conocieron en los desfiles de Par\u00eds<\/strong>, de los que la cantante es asidua desde hace a\u00f1os. La modelo, que toca el tromb\u00f3n y la bater\u00eda, ha acompa\u00f1ado a la cantante en su reciente visita a Madrid y es quien le ha ayudado con el \u00e1rabe en la canci\u00f3n \u2018La Yugular\u2019. Esta pasado fin de semana ambas han acudido en Par\u00eds a los conciertos de Lady Gaga y Latin Mafia.<\/p>\n<p>Mujeres poderosas<\/p>\n<p>Los otros puntales en la vida de Rosal\u00eda son <a href=\"https:\/\/www.lecturas.com\/actualidad\/asi-es-familia-rosalia-su-hermana-pili-divorcio-sus-padres_184189\" rel=\"nofollow noopener\" target=\"_blank\">su madre y su hermana<\/a>. <strong>Rosal\u00eda naci\u00f3 y creci\u00f3 en San Esteve Sesrovires<\/strong>, una localidad de siete mil habitantes cerca de Barcelona en un hogar en el que pronto captaron su talento para la m\u00fasica. Cuando ten\u00eda diez a\u00f1os, su madre la llev\u00f3 a una escuela de m\u00fasica, y el resto es historia. Cuando Rosal\u00eda empez\u00f3 a despuntar, <strong>Pilar Tobella dej\u00f3 su trabajo como subdirectora comercial<\/strong> de una f\u00e1brica de metal y cogi\u00f3 las riendas de la carrera de su hija.<\/p>\n<p><img loading=\"lazy\" decoding=\"async\"   src=\"https:\/\/www.europesays.com\/es\/wp-content\/uploads\/2025\/11\/rosalia-y-jimmy-fallon_2254b821_251126071929_1200x1500.webp.webp\" alt=\"Rosal\u00eda y Jimmy Fallon\" class=\"lazyload\" width=\"1200\" height=\"1500\" data-aspectratio=\"1200\/1500\"\/>&#13;NBC<\/p>\n<p>Hoy, es la administradora \u00fanica de Motomoami S.L, la sociedad con la que gestiona con mano de hierro los millonarios ingresos y las producciones de la artista y que en 2023 factur\u00f3 doce millones\u2026 Puedes leer el reportaje al completo en el \u00faltimo n\u00famero de la revista Lecturas. <strong>Ya a la venta en tu kiosco y en Amazon.<\/strong><br \/>\u00a0<\/p>\n","protected":false},"excerpt":{"rendered":"Rosal\u00eda ve c\u00f3mo se cumple lo que parec\u00eda imposible: superar con \u2018Lux\u2019 el \u00e9xito estratosf\u00e9rico de \u2018Motomami\u2019. El&hellip;\n","protected":false},"author":2,"featured_media":256628,"comment_status":"","ping_status":"","sticky":false,"template":"","format":"standard","meta":{"footnotes":""},"categories":[174],"tags":[255,146,147,25,24,256,23],"class_list":{"0":"post-256627","1":"post","2":"type-post","3":"status-publish","4":"format-standard","5":"has-post-thumbnail","7":"category-famosos","8":"tag-celebrities","9":"tag-entertainment","10":"tag-entretenimiento","11":"tag-es","12":"tag-espana","13":"tag-famosos","14":"tag-spain"},"share_on_mastodon":{"url":"https:\/\/pubeurope.com\/@es\/115615704571234472","error":""},"_links":{"self":[{"href":"https:\/\/www.europesays.com\/es\/wp-json\/wp\/v2\/posts\/256627","targetHints":{"allow":["GET"]}}],"collection":[{"href":"https:\/\/www.europesays.com\/es\/wp-json\/wp\/v2\/posts"}],"about":[{"href":"https:\/\/www.europesays.com\/es\/wp-json\/wp\/v2\/types\/post"}],"author":[{"embeddable":true,"href":"https:\/\/www.europesays.com\/es\/wp-json\/wp\/v2\/users\/2"}],"replies":[{"embeddable":true,"href":"https:\/\/www.europesays.com\/es\/wp-json\/wp\/v2\/comments?post=256627"}],"version-history":[{"count":0,"href":"https:\/\/www.europesays.com\/es\/wp-json\/wp\/v2\/posts\/256627\/revisions"}],"wp:featuredmedia":[{"embeddable":true,"href":"https:\/\/www.europesays.com\/es\/wp-json\/wp\/v2\/media\/256628"}],"wp:attachment":[{"href":"https:\/\/www.europesays.com\/es\/wp-json\/wp\/v2\/media?parent=256627"}],"wp:term":[{"taxonomy":"category","embeddable":true,"href":"https:\/\/www.europesays.com\/es\/wp-json\/wp\/v2\/categories?post=256627"},{"taxonomy":"post_tag","embeddable":true,"href":"https:\/\/www.europesays.com\/es\/wp-json\/wp\/v2\/tags?post=256627"}],"curies":[{"name":"wp","href":"https:\/\/api.w.org\/{rel}","templated":true}]}}