{"id":256631,"date":"2025-11-26T11:16:10","date_gmt":"2025-11-26T11:16:10","guid":{"rendered":"https:\/\/www.europesays.com\/es\/256631\/"},"modified":"2025-11-26T11:16:10","modified_gmt":"2025-11-26T11:16:10","slug":"mira-las-fotos-de-su-look","status":"publish","type":"post","link":"https:\/\/www.europesays.com\/es\/256631\/","title":{"rendered":"mir\u00e1 las fotos de su look"},"content":{"rendered":"\n<p data-start=\"12192\" data-end=\"12581\"> En plena gira europea de su Mayhem Ball, <strong><a href=\"https:\/\/www.mdzol.com\/mdz-show\/premios-grammy-2026-lady-gaga-bad-bunny-enterate-quienes-son-todos-los-nominados-n1380620\" target=\"_blank\" rel=\"follow nofollow noopener\" title=\"Premios Grammy 2026: desde Lady Gaga hasta Bad Bunny, enter\u00e1te qui\u00e9nes son todos los nominados\">Lady Gaga<\/a><\/strong> fue vista a la salida del restaurante Laurent en Par\u00eds. All\u00ed, <strong>Gaga<\/strong> se mostr\u00f3 con un traje de sat\u00e9n verde menta firmado por <a href=\"https:\/\/www.mdzol.com\/temas\/tom-ford-63818.html\" class=\"agrupador\" rel=\"96807 nofollow noopener\" target=\"_blank\">Tom Ford<\/a>, un color que siempre se asoci\u00f3 a renovaci\u00f3n y frescura. En su caso, se vio como una mixtura de glamour parisino con ese toque de extravagancia que la caracteriza desde el inicio de su carrera.<\/p>\n<p data-start=\"12948\" data-end=\"13316\"> El traje oversize, perteneciente a la colecci\u00f3n Primavera-Verano 2026, dej\u00f3 ver un minibralette negro y un minicintur\u00f3n de cuero, piezas que le dieron un contraste m\u00e1s oscuro y definieron un aire moderno con tintes g\u00f3ticos en su <strong><a href=\"https:\/\/www.mdzol.com\/estilo\/embarazo-estilo-cami-homs-mostro-como-lucir-el-color-tendencia-su-look-n1391320\" target=\"_blank\" rel=\"follow nofollow noopener\" title=\"Embarazo con estilo: Cami Homs mostr\u00f3 c\u00f3mo lucir el color tendencia con su look\">look<\/a><\/strong>. Mientras, las gafas oversize fueron un punto retro-futurista que reforz\u00f3 el concepto de transformaci\u00f3n.<\/p>\n<p data-start=\"13318\" data-end=\"13684\"> En su mano, <strong>Lady Gaga<\/strong> llev\u00f3 un bolso mini Kelly en negro, y stilettos del mismo tono que completaron la parte inferior, lo que mantuvo la atenci\u00f3n en la estructura del traje. El conjunto funcion\u00f3 como un gui\u00f1o a la moda cl\u00e1sica, pero con el sello teatral que siempre la distingui\u00f3.<\/p>\n<p data-start=\"13686\" data-end=\"14155\"> La artista atravieza un momento profesional muy particular, puesto que semanas antes hab\u00eda sido fotografiada en Mil\u00e1n filmando El diablo viste de Prada 2, uno de los estrenos m\u00e1s esperados. Con Meryl Streep y Anne Hathaway retomando sus papeles, la pel\u00edcula ya genera expectativas globales.<\/p>\n<p>\t\t No te pierdas las fotos del look de Lady Gaga:  <\/p>\n<p>Ftn_112225_Look_Lady_Gaga_SIghting_Paris0005Lady-Gaga.jpg   <\/p>\n<p>  <img loading=\"lazy\" decoding=\"async\" src=\"https:\/\/www.mdzol.com\/css-custom\/373\/lazy.svg\" data-td-src-property=\"https:\/\/media.mdzol.com\/p\/2312aa1d77330e6e25d558256c14d8a7\/adjuntos\/373\/imagenes\/001\/846\/0001846285\/760x0\/smart\/ftn_112225_look_lady_gaga_sighting_paris0005lady-gagajpg.webp\" alt=\"Lady Gaga encendi\u00f3 Par\u00eds con su traje de Tom Ford.\" title=\"Lady Gaga encendi\u00f3 Par\u00eds con su traje de Tom Ford.\" width=\"760\" height=\"1138\" id=\"1852607-Libre-1420425838_embed\"\/>    <\/p>\n<p>Lady Gaga encendi\u00f3 Par\u00eds con su traje de Tom Ford.<\/p>\n<p>Ftn_112225_Look_Lady_Gaga_SIghting_Paris0009Lady-Gaga.jpg   <\/p>\n<p>  <img loading=\"lazy\" decoding=\"async\" src=\"https:\/\/www.mdzol.com\/css-custom\/373\/lazy.svg\" data-td-src-property=\"https:\/\/media.mdzol.com\/p\/fec712dfe3c31763ee9c2d08325dc3dc\/adjuntos\/373\/imagenes\/001\/846\/0001846286\/760x0\/smart\/ftn_112225_look_lady_gaga_sighting_paris0009lady-gagajpg.webp\" alt=\"El traje oversize de Lady Gaga que se volvi\u00f3 viral.\" title=\"El traje oversize de Lady Gaga que se volvi\u00f3 viral.\" width=\"760\" height=\"1138\" id=\"1852608-Libre-1776632128_embed\"\/>    <\/p>\n<p>El traje oversize de Lady Gaga que se volvi\u00f3 viral.<\/p>\n","protected":false},"excerpt":{"rendered":"En plena gira europea de su Mayhem Ball, Lady Gaga fue vista a la salida del restaurante Laurent&hellip;\n","protected":false},"author":2,"featured_media":256632,"comment_status":"","ping_status":"","sticky":false,"template":"","format":"standard","meta":{"footnotes":""},"categories":[170],"tags":[146,147,25,24,184,185,23],"class_list":{"0":"post-256631","1":"post","2":"type-post","3":"status-publish","4":"format-standard","5":"has-post-thumbnail","7":"category-musica","8":"tag-entertainment","9":"tag-entretenimiento","10":"tag-es","11":"tag-espana","12":"tag-music","13":"tag-musica","14":"tag-spain"},"share_on_mastodon":{"url":"https:\/\/pubeurope.com\/@es\/115615724442410146","error":""},"_links":{"self":[{"href":"https:\/\/www.europesays.com\/es\/wp-json\/wp\/v2\/posts\/256631","targetHints":{"allow":["GET"]}}],"collection":[{"href":"https:\/\/www.europesays.com\/es\/wp-json\/wp\/v2\/posts"}],"about":[{"href":"https:\/\/www.europesays.com\/es\/wp-json\/wp\/v2\/types\/post"}],"author":[{"embeddable":true,"href":"https:\/\/www.europesays.com\/es\/wp-json\/wp\/v2\/users\/2"}],"replies":[{"embeddable":true,"href":"https:\/\/www.europesays.com\/es\/wp-json\/wp\/v2\/comments?post=256631"}],"version-history":[{"count":0,"href":"https:\/\/www.europesays.com\/es\/wp-json\/wp\/v2\/posts\/256631\/revisions"}],"wp:featuredmedia":[{"embeddable":true,"href":"https:\/\/www.europesays.com\/es\/wp-json\/wp\/v2\/media\/256632"}],"wp:attachment":[{"href":"https:\/\/www.europesays.com\/es\/wp-json\/wp\/v2\/media?parent=256631"}],"wp:term":[{"taxonomy":"category","embeddable":true,"href":"https:\/\/www.europesays.com\/es\/wp-json\/wp\/v2\/categories?post=256631"},{"taxonomy":"post_tag","embeddable":true,"href":"https:\/\/www.europesays.com\/es\/wp-json\/wp\/v2\/tags?post=256631"}],"curies":[{"name":"wp","href":"https:\/\/api.w.org\/{rel}","templated":true}]}}