{"id":256635,"date":"2025-11-26T11:18:10","date_gmt":"2025-11-26T11:18:10","guid":{"rendered":"https:\/\/www.europesays.com\/es\/256635\/"},"modified":"2025-11-26T11:18:10","modified_gmt":"2025-11-26T11:18:10","slug":"la-enesima-de-araujo-y-el-gesto-de-flick-que-explican-la-humillacion-del-barca","status":"publish","type":"post","link":"https:\/\/www.europesays.com\/es\/256635\/","title":{"rendered":"la en\u00e9sima de Araujo y el gesto de Flick que explican la humillaci\u00f3n del Bar\u00e7a"},"content":{"rendered":"\n<p> <strong>Dur\u00edsimo repaso del Chelsea al Barcelona en Champions<\/strong> (3-0), en <a href=\"https:\/\/www.elconfidencial.com\/deportes\/futbol\/champions\/2025-11-25\/chelsea-barca-champions-lamine-yamal-estevao_4254753\/\" target=\"_self\" rel=\"nofollow noopener\">un partido donde el conjunto ingl\u00e9s fue muy superior al catal\u00e1n<\/a> de principio a fin, pero donde una jugada marc\u00f3 la debacle definitiva de los de <strong>Hansi Flick<\/strong>: la <strong>absurda expulsi\u00f3n de Ronald Araujo al borde del descanso<\/strong>. Con uno menos, con un ritmo absolutamente inferior, con incapacidad para mover el bal\u00f3n con velocidad y entender como defender al conjunto blue, el Bar\u00e7a sufri\u00f3 un rapapolvo <strong>de esos que no se olvidan<\/strong>. <\/p>\n<p> Desde los primeros minutos de partido, <a href=\"https:\/\/www.elconfidencial.com\/deportes\/2025-11-25\/champions-league-directo-chelsea-barcelona_4254320\/\" target=\"_self\" rel=\"nofollow noopener\">el Chelsea se mostr\u00f3 infinitamente superior a un Bar\u00e7a incapaz de encontrar los dominios de Robert S\u00e1nchez<\/a>, salvo en <strong>un par de balones profundos con Ferran y Ferm\u00edn como jugadores m\u00e1s din\u00e1micos<\/strong> en los metros finales. Pero los ingleses firmaron un partido perfecto para maniatar al Bar\u00e7a: presi\u00f3n muy alta, continuos esfuerzos defensivos y mucho ritmo en ataque, doblando continuamente por banda para que la jugara terminara en el lado contrario. <\/p>\n<p>              <img decoding=\"async\" class=\"inTextNews__img\" alt=\"Foto: chelsea-barca-champions-lamine-yamal-estevao\" src=\"https:\/\/www.europesays.com\/es\/wp-content\/uploads\/2025\/11\/f.elconfidencial.com\/original\/78c\/dd0\/f2a\/78cdd0f2a6729042293ca132c5c426a7.jpg\"  \/>     <\/p>\n<p>TE PUEDE INTERESAR<\/p>\n<p>      <a class=\"inTextNews__title\" href=\"https:\/\/www.elconfidencial.com\/deportes\/futbol\/champions\/2025-11-25\/chelsea-barca-champions-lamine-yamal-estevao_4254753\/\" onclick=\"window.ECCO.emit(&#039;amplitude&#039;, { dataEventName: &#039;click_related_article_module&#039;, data: { related_article_url: &#039;https:\/\/www.elconfidencial.com\/deportes\/futbol\/champions\/2025-11-25\/chelsea-barca-champions-lamine-yamal-estevao_4254753\/&#039;, related_article_author: &#039;Albert Ortega&#039;, related_article_section: &#039;champions&#039; } })\" rel=\"nofollow noopener\" target=\"_blank\"> El Chelsea arrolla al Bar\u00e7a y Ara\u00fajo condena a su equipo en la Champions League (3-0) <\/a>   <\/p>\n<p>    Albert Ortega. Barcelona   <\/p>\n<p> <a href=\"https:\/\/www.elconfidencial.com\/deportes\/futbol\/2023-02-01\/millonada-paga-enzo-fernandez-argentino-lucio-mundial-junto-a-messi_3567810\/\" target=\"_self\" rel=\"nofollow noopener\">Pieza importante fue Enzo Fern\u00e1ndez<\/a> que, como si fuera un mediapunta, era el <strong>jugador encargado de aprovechar los espacios que dejaba la defensa azulgrana <\/strong>y, de hecho, bes\u00f3 la red contraria en un par de ocasiones, pero<strong> Slavko Vincic, asistido por el VAR, los anul\u00f3 por fuera de juego<\/strong>. Aun as\u00ed, la presi\u00f3n blue era tan grande que el Bar\u00e7a estaba demasiado aculado atr\u00e1s y, fruto de esa situaci\u00f3n sobre el c\u00e9sped, llegaba el autogol de <strong>Jules Kound\u00e9<\/strong>, un golpe del que Bar\u00e7a no se supo reponer. <\/p>\n<p> Pero el mazazo que sentenci\u00f3 el partido<strong> lleg\u00f3 antes del descanso&#8230; y fue el en\u00e9simo tiro en el pie de Araujo<\/strong>. El uruguayo, que hab\u00eda visto amarilla en el minuto 32 por protestar, iba a irse a la calle despu\u00e9s de una acci\u00f3n temeraria solo 9 minutos m\u00e1s tarde. <a href=\"https:\/\/www.elconfidencial.com\/deportes\/futbol\/2025-07-22\/cucurella-athletic-barca-nico-williams-inscripciones-gerard-romero_4177833\/\" target=\"_self\" rel=\"nofollow noopener\">En un bal\u00f3n dividido con Cucurella<\/a>, el internacional espa\u00f1ol la tocaba lo justo para superar al central cul\u00e9 que,<strong> descontrolado y violento, se llevaba por delante al lateral zurdo <\/strong>de manera clamorosa. Segunda amarilla y a la calle. <\/p>\n<blockquote class=\"twitter-tweet\" data-media-max-width=\"560\">\n<p lang=\"es\" dir=\"ltr\">\ud83d\udfe5 La expulsi\u00f3n de Araujo. <a href=\"https:\/\/twitter.com\/hashtag\/UCL?src=hash&amp;ref_src=twsrc%5Etfw\" rel=\"nofollow noopener\" target=\"_blank\">#UCL<\/a> <a href=\"https:\/\/twitter.com\/hashtag\/LaCasaDelF%C3%BAtbol?src=hash&amp;ref_src=twsrc%5Etfw\" rel=\"nofollow noopener\" target=\"_blank\">#LaCasaDelF\u00fatbol<\/a> <a href=\"https:\/\/t.co\/Ly5F6C0j2M\" rel=\"nofollow\">pic.twitter.com\/Ly5F6C0j2M<\/a><\/p>\n<p>\u2014 F\u00fatbol en Movistar Plus+ (@MovistarFutbol) <a href=\"https:\/\/twitter.com\/MovistarFutbol\/status\/1993421677611610551?ref_src=twsrc%5Etfw\" rel=\"nofollow noopener\" target=\"_blank\">November 25, 2025<\/a><\/p><\/blockquote>\n<p> El problema de Araujo es que <strong>no es la primera vez que queda se\u00f1alado <\/strong>en un partido importante. En la 2024-25, comet\u00eda <a href=\"https:\/\/www.elconfidencial.com\/deportes\/futbol\/champions\/2025-05-07\/barcelona-inter-milan-araujo-flick-gundogan_4123449\/\" target=\"_self\" rel=\"nofollow noopener\">dos errores infantiles en las semis de Champions ante el Inter<\/a> que condenaban al Barcelona a la eliminaci\u00f3n. Un curso antes, en la 2023-24 ante el PSG, perd\u00eda un absurdo bal\u00f3n en salida y en el intento de recuperaci\u00f3n, de nuevo sin control, <a href=\"https:\/\/www.elconfidencial.com\/deportes\/futbol\/champions\/2024-04-17\/barca-psg-champions-league-araujo-mbappe-expulsion_3868055\/\" target=\"_self\" rel=\"nofollow noopener\">se llevaba puesto a Barcola. Roja directa en el 29&#8242; y remontada de los galos<\/a> para eliminar a los azulgranas. <\/p>\n<p> En los \u00faltimos meses, <strong>Araujo se ha especializado en salir en buena parte de las fotos<\/strong> de los errores defensivos del Barcelona, muchos de ellos en partidos importantes. Es m\u00e1s, es el cuarto jugador de toda la historia de la Champions que ha sido<strong> expulsado dos veces en el primer tiempo de un partido<\/strong>. Y <strong>Hansi Flick<\/strong> lo sab\u00eda. La cara, sin decir una sola palabra, del alem\u00e1n mirando a su segundo, <strong>Marcus Sorg<\/strong>, tras producirse la expulsi\u00f3n, le delataba: llevaba un &#8216;te lo dije&#8217; impl\u00edcito. <\/p>\n<blockquote class=\"twitter-tweet\" data-media-max-width=\"560\">\n<p lang=\"es\" dir=\"ltr\">\u00abHemos tenido para meter el primero, pero con este Chelsea y con uno menos es muy dif\u00edcil\u00bb, Flick.<a href=\"https:\/\/twitter.com\/hashtag\/LaCasaDelF%C3%BAtbol?src=hash&amp;ref_src=twsrc%5Etfw\" rel=\"nofollow noopener\" target=\"_blank\">#LaCasaDelF\u00fatbol<\/a> <a href=\"https:\/\/twitter.com\/hashtag\/UCL?src=hash&amp;ref_src=twsrc%5Etfw\" rel=\"nofollow noopener\" target=\"_blank\">#UCL<\/a> <a href=\"https:\/\/t.co\/DYnSYFZ81l\" rel=\"nofollow\">pic.twitter.com\/DYnSYFZ81l<\/a><\/p>\n<p>\u2014 F\u00fatbol en Movistar Plus+ (@MovistarFutbol) <a href=\"https:\/\/twitter.com\/MovistarFutbol\/status\/1993443834194501723?ref_src=twsrc%5Etfw\" rel=\"nofollow noopener\" target=\"_blank\">November 25, 2025<\/a><\/p><\/blockquote>\n<p> \u00abEn la primera amarilla no s\u00e9 qu\u00e9 pas\u00f3, tengo que hablar con Araujo y <strong>tengo que verlo para analizarlo<\/strong>. En cuanto a la segunda&#8230; Quiz\u00e1s no deber\u00eda haber ido abajo, pero esto puede pasar en el f\u00fatbol. <strong>No era el momento ni el partido para ello<\/strong>\u00ab, explicaba Flick en la posterior rueda de prensa. \u00abEmpezamos muy bien el partido y tuvimos una gran oportunidad para el 0-1, pero <strong>la roja lo cambia todo<\/strong>. Nunca es f\u00e1cil contra este equipo, sobre todo, con uno menos\u00bb, se\u00f1alaba. <\/p>\n<p> Los <strong>posteriores goles de Estevao y Delap<\/strong> confirmaban la humillaci\u00f3n. Ahora, el Bar\u00e7a est\u00e1 <strong>fuera del pase directo a los octavos de Champions <\/strong>y necesita que se den una serie de combinaciones para lograrlo, si bien sus \u00faltimos tres partidos son sencillos: Eintracht (c), Slavia (f) y Copenhague (c). Pero el golpe recibido ante el Chelsea confirma que los ingleses est\u00e1n un punto por encima de los azulgranas. El meneo es de esos que duelen y m\u00e1s cuando <strong>el se\u00f1alado vuelve a ser el de casi siempre<\/strong>. <\/p>\n<p> <strong>Dur\u00edsimo repaso del Chelsea al Barcelona en Champions<\/strong> (3-0), en <a href=\"https:\/\/www.elconfidencial.com\/deportes\/futbol\/champions\/2025-11-25\/chelsea-barca-champions-lamine-yamal-estevao_4254753\/\" target=\"_self\" rel=\"nofollow noopener\">un partido donde el conjunto ingl\u00e9s fue muy superior al catal\u00e1n<\/a> de principio a fin, pero donde una jugada marc\u00f3 la debacle definitiva de los de <strong>Hansi Flick<\/strong>: la <strong>absurda expulsi\u00f3n de Ronald Araujo al borde del descanso<\/strong>. Con uno menos, con un ritmo absolutamente inferior, con incapacidad para mover el bal\u00f3n con velocidad y entender como defender al conjunto blue, el Bar\u00e7a sufri\u00f3 un rapapolvo <strong>de esos que no se olvidan<\/strong>. <\/p>\n<p>              <script async src=\"https:\/\/platform.twitter.com\/widgets.js\" charset=\"utf-8\"><\/script><\/p>\n","protected":false},"excerpt":{"rendered":"Dur\u00edsimo repaso del Chelsea al Barcelona en Champions (3-0), en un partido donde el conjunto ingl\u00e9s fue muy&hellip;\n","protected":false},"author":2,"featured_media":256636,"comment_status":"","ping_status":"","sticky":false,"template":"","format":"standard","meta":{"footnotes":""},"categories":[93],"tags":[168,25,24,23,167],"class_list":{"0":"post-256635","1":"post","2":"type-post","3":"status-publish","4":"format-standard","5":"has-post-thumbnail","7":"category-deportes","8":"tag-deportes","9":"tag-es","10":"tag-espana","11":"tag-spain","12":"tag-sports"},"share_on_mastodon":{"url":"https:\/\/pubeurope.com\/@es\/115615727998620280","error":""},"_links":{"self":[{"href":"https:\/\/www.europesays.com\/es\/wp-json\/wp\/v2\/posts\/256635","targetHints":{"allow":["GET"]}}],"collection":[{"href":"https:\/\/www.europesays.com\/es\/wp-json\/wp\/v2\/posts"}],"about":[{"href":"https:\/\/www.europesays.com\/es\/wp-json\/wp\/v2\/types\/post"}],"author":[{"embeddable":true,"href":"https:\/\/www.europesays.com\/es\/wp-json\/wp\/v2\/users\/2"}],"replies":[{"embeddable":true,"href":"https:\/\/www.europesays.com\/es\/wp-json\/wp\/v2\/comments?post=256635"}],"version-history":[{"count":0,"href":"https:\/\/www.europesays.com\/es\/wp-json\/wp\/v2\/posts\/256635\/revisions"}],"wp:featuredmedia":[{"embeddable":true,"href":"https:\/\/www.europesays.com\/es\/wp-json\/wp\/v2\/media\/256636"}],"wp:attachment":[{"href":"https:\/\/www.europesays.com\/es\/wp-json\/wp\/v2\/media?parent=256635"}],"wp:term":[{"taxonomy":"category","embeddable":true,"href":"https:\/\/www.europesays.com\/es\/wp-json\/wp\/v2\/categories?post=256635"},{"taxonomy":"post_tag","embeddable":true,"href":"https:\/\/www.europesays.com\/es\/wp-json\/wp\/v2\/tags?post=256635"}],"curies":[{"name":"wp","href":"https:\/\/api.w.org\/{rel}","templated":true}]}}