{"id":256637,"date":"2025-11-26T11:19:14","date_gmt":"2025-11-26T11:19:14","guid":{"rendered":"https:\/\/www.europesays.com\/es\/256637\/"},"modified":"2025-11-26T11:19:14","modified_gmt":"2025-11-26T11:19:14","slug":"aragon-y-zaragoza-hacen-un-llamamiento-al-uso-de-mascarilla-en-centros-sociosanitarios-y-espacios-cerrados","status":"publish","type":"post","link":"https:\/\/www.europesays.com\/es\/256637\/","title":{"rendered":"Arag\u00f3n y Zaragoza hacen un llamamiento al uso de mascarilla en centros sociosanitarios y espacios cerrados"},"content":{"rendered":"<p>            <a href=\"https:\/\/gacetamedica.com\/wp-content\/uploads\/2025\/11\/6221bcadda36e.jpeg\" data-caption=\"\" rel=\"nofollow noopener\" target=\"_blank\"><img loading=\"lazy\" decoding=\"async\" width=\"696\" height=\"345\" class=\"entry-thumb td-modal-image\" src=\"https:\/\/www.europesays.com\/es\/wp-content\/uploads\/2025\/11\/6221bcadda36e-696x345.jpeg\"   alt=\"\" title=\"\"\/><\/a><\/p>\n<p>El Gobierno de Arag\u00f3n y el Ayuntamiento de Zaragoza ha puesto en marcha un<strong> operativo para depositar mascarillas en centros sociosanitarios y en la red de transporte p\u00fablico<\/strong> con el objetivo de proteger a la poblaci\u00f3n y reducir la incidencia de la gripe en la capital aragonesa. El objetivo es favorecer su uso como medida de <strong>protecci\u00f3n frente a virus respiratorios<\/strong> una vez que ha quedado demostrada su eficacia. La acci\u00f3n, que se lleva a cabo conjuntamente, tiene lugar en la semana en que se ha declarado en Arag\u00f3n la epidemia de gripe.<\/p>\n<p>Ante esta situaci\u00f3n, el Ayuntamiento de Zaragoza ha decidido distribuir mascarillas a los usuarios del Albergue Municipal, de la Casa de Amparo, de las Casas de Acogida y en los Centros de Convivencia para Mayores. Asimismo, personal de Protecci\u00f3n Civil y Voluntarios de Zaragoza van a repartir de forma gratuita y preventiva mascarillas en paradas de tranv\u00eda y bus urbano, as\u00ed como en los accesos a los principales hospitales de la capital. En paralelo, el servicio de teleasistencia ofrecer\u00e1 recomendaciones a los usuarios.<\/p>\n<p>El <strong>nivel de riesgo se ha elevado del 1 al 2 en la provincia de Zaragoza<\/strong>, lo que supone intensificar las recomendaciones y publicar este mi\u00e9rcoles en el Bolet\u00edn Oficial de Arag\u00f3n una Orden del consejero de Sanidad, Jos\u00e9 Luis Bancalero Flores, que se refiere especialmente al uso de las mascarillas. La orden va a entrar en vigor en la provincia de Zaragoza de forma inmediata, mientras que en las provincias de Huesca y Teruel ser\u00e1 de aplicaci\u00f3n cuando se supere el umbral epid\u00e9mico. En estas dos provincias, se mantiene el nivel de riesgo 1.<\/p>\n<p>Esta orden establece la <strong>m\u00e1xima recomendaci\u00f3n y contempla la posible obligatoriedad del uso de la mascarilla <\/strong>a los profesionales que prestan servicios en los centros sanitarios, sociosanitarios y centros de servicios sociales especializados, durante cualquier actividad que suponga atenci\u00f3n directa a la ciudadan\u00eda, como medida de autoprotecci\u00f3n y para evitar contagios, si la direcci\u00f3n de estos centros as\u00ed lo considera.<\/p>\n<p>Esta decisi\u00f3n se tomar\u00e1 teniendo en cuenta la evaluaci\u00f3n de riesgo, <strong>plan espec\u00edfico de actuaci\u00f3n o plan de contingencia<\/strong> de estos establecimientos y centros. Asimismo, establece como altamente recomendable el uso de la mascarilla al resto de profesionales de estos centros en el ejercicio de cualquier otra actividad que no suponga atenci\u00f3n directa a la ciudadan\u00eda y se desarrolle en esos centros, as\u00ed como a pacientes y usuarios.<\/p>\n<p>Tambi\u00e9n se establece como altamente recomendable el uso de mascarilla para la ciudadan\u00eda como medida de protecci\u00f3n en el acceso a los <strong>centros sanitarios, sociosanitarios y centros de servicios sociales <\/strong>especializados, as\u00ed como en espacios <strong>interiores con aglomeraciones de personas<\/strong>. Se recuerda que no est\u00e1 recomendado el uso de mascarilla en menores de 6 a\u00f1os de edad.<\/p>\n<p><strong>La mejor prevenci\u00f3n es la vacunaci\u00f3n<\/strong><\/p>\n<p>Adem\u00e1s del uso de mascarilla, las autoridades sanitarias recuerdan que la mejor herramienta para prevenir la gripe es la vacunaci\u00f3n. Por eso este fin de semana se habilita la vacunaci\u00f3n contra la gripe y el COVID sin cita previa en el Hospital Nuestra Se\u00f1ora de Gracia de Zaragoza. Tendr\u00e1n lugar el s\u00e1bado y el domingo, de 9:00 a 19:00 horas y est\u00e1n dirigidas a poblaci\u00f3n diana.<\/p>\n<p>Seg\u00fan los \u00faltimos datos disponibles, correspondientes a la semana del 17 al 23 de noviembre, se han registrado en la Comunidad Aut\u00f3noma 63,4 casos de gripe por cada 100.000 habitantes, cuando el umbral epid\u00e9mico est\u00e1 fijado en 59,6 casos. La semana anterior, del 10 al 16 de noviembre, la incidencia fue de 40,63 casos por 100.000.<\/p>\n<p>Este a\u00f1o, se ha adelantado la declaraci\u00f3n de la epidemia en Arag\u00f3n, con especial incidencia en la provincia de Zaragoza y, sobre todo, en la ciudad de Zaragoza. Por provincias, la incidencia est\u00e1 en estos momentos en 76,1 casos de gripe por cada 100.000 habitantes en Zaragoza; 30,7 en Teruel; y 28,9 por 100.000 en Huesca.<\/p>\n<p>La pasada temporada de gripe 2024-2025 Arag\u00f3n registr\u00f3 el umbral de epidemia en el mes de enero. Lo que sucede este a\u00f1o est\u00e1 en consonancia con lo que ocurren las Comunidades Aut\u00f3nomas del norte de Espa\u00f1a y en otros pa\u00edses de Europa.<\/p>\n<p>Por este motivo, el Centro Europeo de Control de Enfermedades ha recomendado este a\u00f1o efectuar la vacunaci\u00f3n lo antes posible por el adelanto de la situaci\u00f3n de epidemia y por la presencia de la nueva cepa subclado K del virus de la gripe A (H3N2), que podr\u00eda provocar un cuadro peor que en a\u00f1os anteriores.<\/p>\n<p><strong>Tambi\u00e9n te puede interesar\u2026<\/strong><\/p>\n","protected":false},"excerpt":{"rendered":"El Gobierno de Arag\u00f3n y el Ayuntamiento de Zaragoza ha puesto en marcha un operativo para depositar mascarillas&hellip;\n","protected":false},"author":2,"featured_media":256638,"comment_status":"","ping_status":"","sticky":false,"template":"","format":"standard","meta":{"footnotes":""},"categories":[92],"tags":[25,24,165,166,23],"class_list":{"0":"post-256637","1":"post","2":"type-post","3":"status-publish","4":"format-standard","5":"has-post-thumbnail","7":"category-salud","8":"tag-es","9":"tag-espana","10":"tag-health","11":"tag-salud","12":"tag-spain"},"share_on_mastodon":{"url":"https:\/\/pubeurope.com\/@es\/115615731817473195","error":""},"_links":{"self":[{"href":"https:\/\/www.europesays.com\/es\/wp-json\/wp\/v2\/posts\/256637","targetHints":{"allow":["GET"]}}],"collection":[{"href":"https:\/\/www.europesays.com\/es\/wp-json\/wp\/v2\/posts"}],"about":[{"href":"https:\/\/www.europesays.com\/es\/wp-json\/wp\/v2\/types\/post"}],"author":[{"embeddable":true,"href":"https:\/\/www.europesays.com\/es\/wp-json\/wp\/v2\/users\/2"}],"replies":[{"embeddable":true,"href":"https:\/\/www.europesays.com\/es\/wp-json\/wp\/v2\/comments?post=256637"}],"version-history":[{"count":0,"href":"https:\/\/www.europesays.com\/es\/wp-json\/wp\/v2\/posts\/256637\/revisions"}],"wp:featuredmedia":[{"embeddable":true,"href":"https:\/\/www.europesays.com\/es\/wp-json\/wp\/v2\/media\/256638"}],"wp:attachment":[{"href":"https:\/\/www.europesays.com\/es\/wp-json\/wp\/v2\/media?parent=256637"}],"wp:term":[{"taxonomy":"category","embeddable":true,"href":"https:\/\/www.europesays.com\/es\/wp-json\/wp\/v2\/categories?post=256637"},{"taxonomy":"post_tag","embeddable":true,"href":"https:\/\/www.europesays.com\/es\/wp-json\/wp\/v2\/tags?post=256637"}],"curies":[{"name":"wp","href":"https:\/\/api.w.org\/{rel}","templated":true}]}}