{"id":256639,"date":"2025-11-26T11:20:11","date_gmt":"2025-11-26T11:20:11","guid":{"rendered":"https:\/\/www.europesays.com\/es\/256639\/"},"modified":"2025-11-26T11:20:11","modified_gmt":"2025-11-26T11:20:11","slug":"la-cantante-de-delaporte-denuncia-una-agresion-sexual-en-un-concierto-en-madrid","status":"publish","type":"post","link":"https:\/\/www.europesays.com\/es\/256639\/","title":{"rendered":"La cantante de Delaporte denuncia una agresi\u00f3n sexual en un concierto en Madrid"},"content":{"rendered":"<p>26\/11\/2025<br \/>\n<br \/><strong><br \/>\nActualizado a las 10:55h.<br \/>\n<\/strong><\/p>\n<p class=\"voc-p\" style=\"\">En plena semana del 25N, D\u00eda Internacional de la Eliminaci\u00f3n de la Violencia contra la Mujer, el d\u00fao musical Delaporte ha denunciado que su vocalista, Sandra Delaporte, ha sido<strong> v\u00edctima de una agresi\u00f3n sexual <\/strong>durante un concierto en Madrid el pasado viernes. <\/p>\n<p class=\"voc-p\" style=\"\">El d\u00fao  &#8230; ha realizado un comunicado este martes explicando el suceso: \u00abMientras Sandra bailaba en el pogo con el p\u00fablico, como hacemos siempre, porque nos encanta celebrar la m\u00fasica desde la cercan\u00eda, el amor y la comunidad, <strong>un hombre le agarr\u00f3 de la cabeza y le comi\u00f3 la boca sin su consentimiento.<\/strong> Fue un acto de violencia sexual inaceptable\u00bb, afirmaron. <\/p>\n<p class=\"voc-p\" style=\"\">Sandra ante estos hechos qued\u00f3 paralizada y en \u00abshock\u00bb, decidi\u00f3 continuar con el evento, aunque en un principio no hab\u00eda comentado nada <strong>\u00abporque no quer\u00eda manchar las cosas bonitas que s\u00ed sucedieron\u00bb,<\/strong> finalmente despu\u00e9s de unos d\u00edas se inform\u00f3 a su teclista Sergio Salvi para evaluar la situaci\u00f3n. <\/p>\n<p class=\"voc-p\" style=\"\">El grupo musical, que<strong> ha calificado la agresi\u00f3n como \u00abun acto de violencia sexual inaceptable\u00bb<\/strong>, ha pedido que tanto el p\u00fablico como los artistas denuncien este tipo de comportamientos si se encuentran en situaciones de violencia, incomodidad o duda. \u00abLos conciertos para nosotros son un espacio seguro y sagrado para todas las personas que vienen a disfrutar. Queremos poder bajarnos a bailar con vosotros sin miedo. No queremos dejar de eneros cerca y de hacer de cada live una declaraci\u00f3n de amor\u00bb, subrayaron. <\/p>\n<p class=\"voc-p\" style=\"\">Delaporte ha querido publicar este mensaje para <strong>sentar unas bases de seguridad en sus pr\u00f3ximos encuentros,<\/strong> puesto que no quieren que se vuelva a repetir un incidente de estas caracter\u00edsticas y para que sus conciertos no dejen de ser \u00abun lugar tan vivo, tan libre y tan nuestro\u00bb.<\/p>\n<p>\nArt\u00edculo solo para suscriptores\n<\/p>\n<p>Reportar un error<\/p>\n","protected":false},"excerpt":{"rendered":"26\/11\/2025 Actualizado a las 10:55h. En plena semana del 25N, D\u00eda Internacional de la Eliminaci\u00f3n de la Violencia&hellip;\n","protected":false},"author":2,"featured_media":256640,"comment_status":"","ping_status":"","sticky":false,"template":"","format":"standard","meta":{"footnotes":""},"categories":[91],"tags":[11971,2339,64468,6775,16738,146,147,25,24,205,12212,9129,23,16631,64469],"class_list":{"0":"post-256639","1":"post","2":"type-post","3":"status-publish","4":"format-standard","5":"has-post-thumbnail","7":"category-entretenimiento","8":"tag-agresion","9":"tag-concierto","10":"tag-delaporte","11":"tag-denuncia","12":"tag-duo","13":"tag-entertainment","14":"tag-entretenimiento","15":"tag-es","16":"tag-espana","17":"tag-madrid","18":"tag-musical","19":"tag-sexual","20":"tag-spain","21":"tag-sufrio","22":"tag-vocalista"},"share_on_mastodon":{"url":"https:\/\/pubeurope.com\/@es\/115615735684243729","error":""},"_links":{"self":[{"href":"https:\/\/www.europesays.com\/es\/wp-json\/wp\/v2\/posts\/256639","targetHints":{"allow":["GET"]}}],"collection":[{"href":"https:\/\/www.europesays.com\/es\/wp-json\/wp\/v2\/posts"}],"about":[{"href":"https:\/\/www.europesays.com\/es\/wp-json\/wp\/v2\/types\/post"}],"author":[{"embeddable":true,"href":"https:\/\/www.europesays.com\/es\/wp-json\/wp\/v2\/users\/2"}],"replies":[{"embeddable":true,"href":"https:\/\/www.europesays.com\/es\/wp-json\/wp\/v2\/comments?post=256639"}],"version-history":[{"count":0,"href":"https:\/\/www.europesays.com\/es\/wp-json\/wp\/v2\/posts\/256639\/revisions"}],"wp:featuredmedia":[{"embeddable":true,"href":"https:\/\/www.europesays.com\/es\/wp-json\/wp\/v2\/media\/256640"}],"wp:attachment":[{"href":"https:\/\/www.europesays.com\/es\/wp-json\/wp\/v2\/media?parent=256639"}],"wp:term":[{"taxonomy":"category","embeddable":true,"href":"https:\/\/www.europesays.com\/es\/wp-json\/wp\/v2\/categories?post=256639"},{"taxonomy":"post_tag","embeddable":true,"href":"https:\/\/www.europesays.com\/es\/wp-json\/wp\/v2\/tags?post=256639"}],"curies":[{"name":"wp","href":"https:\/\/api.w.org\/{rel}","templated":true}]}}