{"id":256651,"date":"2025-11-26T11:31:09","date_gmt":"2025-11-26T11:31:09","guid":{"rendered":"https:\/\/www.europesays.com\/es\/256651\/"},"modified":"2025-11-26T11:31:09","modified_gmt":"2025-11-26T11:31:09","slug":"el-adios-de-omar-fraile-no-se-si-volveria-a-ser-ciclista","status":"publish","type":"post","link":"https:\/\/www.europesays.com\/es\/256651\/","title":{"rendered":"El adi\u00f3s de Omar Fraile: \u201cNo s\u00e9 si volver\u00eda a ser ciclista\u201d"},"content":{"rendered":"<p class=\"\"><a href=\"https:\/\/as.com\/ciclismo\/mas_ciclismo\/un-ano-de-ilustres-retiradas-thomas-bardet-rui-costa-majka-castroviejo-f202511-n\/\" target=\"_self\" rel=\"nofollow noopener\" title=\"https:\/\/as.com\/ciclismo\/mas_ciclismo\/un-ano-de-ilustres-retiradas-thomas-bardet-rui-costa-majka-castroviejo-f202511-n\/\">En un a\u00f1o con numerosas retiradas<\/a>, alguna de ellas tan solo al rozar lo treintena o incluso antes, en clave espa\u00f1ola destaca la de <a href=\"https:\/\/as.com\/noticias\/omar-fraile-matarranz\/\" target=\"_self\" rel=\"nofollow noopener\" title=\"https:\/\/as.com\/noticias\/omar-fraile-matarranz\/\">Omar Fraile<\/a>. Eso s\u00ed, el vasco se despide a una edad considerada \u2018normal\u2019 en el ciclismo, o al menos en lo conocido: con 35 a\u00f1os. Profesional desde 2012 en el Orbea, pasos ilustres por el Caja Rural, Dimension Data, Astana e Ineos, el \u00faltimo de ellos y con el que se despide en este 2025. En el Memorial Isabel Clavero de Las Rozas, celebrado el pasado domingo en Madrid, Fraile habl\u00f3 con AS <a href=\"https:\/\/as.com\/ciclismo\/omar-fraile-cuelga-la-bicicleta-al-final-de-la-temporada-n\/\" target=\"_self\" rel=\"nofollow noopener\" title=\"https:\/\/as.com\/ciclismo\/omar-fraile-cuelga-la-bicicleta-al-final-de-la-temporada-n\/\">sobre su adi\u00f3s al profesionalismo.<\/a><\/p>\n<p class=\"\"><b>Y su carrera deportiva lleg\u00f3 a su fin&#8230;<\/b><\/p>\n<p class=\"\">\u00a1Eso es! Se acab\u00f3. Fue muy bonita y muy buena, y me llevo unos grand\u00edsimos recuerdos. Adem\u00e1s, me puedo despedir aqu\u00ed (en Las Rozas), con grandes amigos. Por desgracia no pudo ser el t\u00edpico Crit\u00e9rium por factores ajenos, pero quiero agradecer a Dani Clavero que siga a\u00f1o tras a\u00f1o sacando adelante este bonito d\u00eda.<\/p>\n<p class=\"\"><b>\u00bfC\u00f3mo se siente?<\/b><\/p>\n<p class=\"\">Bien porque era algo que ya necesitaba. Me estaba costando mucho ser ciclista en los \u00faltimos tiempos y afront\u00e9 bien este adi\u00f3s, sobre todo disfrutando mucho desde que tom\u00e9 la decisi\u00f3n.<\/p>\n<p class=\"\"><b>\u00bfY qu\u00e9 ser\u00e1 de su vida ahora?<\/b><\/p>\n<p class=\"\">De momento estar un poco tranquilo, tener tiempo libre y dedicarlo a mi familia. Tengo a los peque\u00f1os, a mi mujer&#8230; siempre me costaba irme de casa y ahora el poder disfrutar con ellos ser\u00e1 maravilloso.<\/p>\n<p class=\"\"><b>\u00bfY su relaci\u00f3n con el ciclismo?<\/b><\/p>\n<p class=\"\">Tengo la escuela de ciclismo que lleva mi nombre y estar\u00e9 tambi\u00e9n un poco con ello, a veces tambi\u00e9n en coches de invitados, y a nivel personal seguir\u00e9 montando en bici porque es algo que amo. Imagino que participar\u00e9 en algunas marchas, algo de gravel&#8230; pero no a nivel competitivo. Quiero disfrutar.<\/p>\n<p class=\"\"><b>Etapa en el Tour (2018), en el Giro (2017), maillot de la Monta\u00f1a en La Vuelta (2015 y 2016), campe\u00f3n de Espa\u00f1a&#8230; \u00bfes ahora cuando mirar\u00e1 m\u00e1s lo conseguido?<\/b><\/p>\n<p class=\"\">S\u00ed. Ser\u00e1 realmente cuando me vaya a dar cuenta de todo lo logrado en todo este tiempo, lo que hace esta etapa vivida todav\u00eda m\u00e1s importante.<\/p>\n<p><img decoding=\"async\" src=\"https:\/\/www.europesays.com\/es\/wp-content\/uploads\/2025\/11\/YX5ZI7JQRVCNNIGVEBW72UVPPM.jpeg\" alt=\"El adi\u00f3s de Omar Fraile: \u201cNo s\u00e9 si volver\u00eda a ser ciclista\u201d\" height=\"1600\" width=\"900\"   loading=\"lazy\"\/>Omar Fraile, en su entrevista con AS en Las RozasL. Garc\u00eda<\/p>\n<p class=\"\"><b>Ahora, muchos veteranos dicen que, con tantos cambios en el ciclismo, se pensar\u00edan de nuevo dedicarse a esto si tuviesen que empezar de nuevo. \u00bfCu\u00e1l es su opini\u00f3n?<\/b><\/p>\n<p class=\"\">Pienso lo mismo. Muchas veces me dicen que si mi hijo puede tambi\u00e9n llegar a ser ciclista, que si qu\u00e9 me parece&#8230; sinceramente, yo no s\u00e9 si volver\u00eda a ser ciclista. Es una cosa muy buena que me ha dado mucho, pero tambi\u00e9n me ha quitado mucho. No s\u00e9 si volver\u00eda a pasar por todo de nuevo.<\/p>\n<p class=\"\"><b>\u00bfPor qu\u00e9? \u00bfC\u00f3mo ve este rumbo actual?<\/b><\/p>\n<p class=\"\">Un corredor como yo, que se retira con 35 a\u00f1os, ser\u00e1 dif\u00edcil de ver a partir de ahora. Este a\u00f1o nos hemos retirado una alta cantidad de corredores, el pasado a\u00f1o igual&#8230; y est\u00e1 siendo la din\u00e1mica. Toda esa generaci\u00f3n del 1989, 1990, 1991 se est\u00e1 yendo fuera. Y as\u00ed seguir\u00e1.<\/p>\n<p class=\"\"><b>\u00bfCon qu\u00e9 se queda de sus \u00e9xitos?<\/b><\/p>\n<p class=\"\">La victoria del Tour. Es la carrera m\u00e1s importante del mundo. El Tour es el Tour, la carrera que ves cuando eres peque\u00f1o y la que todo el mundo te dir\u00e1 de cara a intentar ganar alguna vez. Haberlo hecho es un privilegio. En las grandes vueltas siempre me crec\u00eda, disfrut\u00e9 mucho en ellas.<\/p>\n<p class=\"\"><b>\u00bfSe esperaba lograr estos \u00e9xitos?<\/b><\/p>\n<p class=\"\">Ni una cuarta parte. Recuerdo que cuando peleaba por ser profesional pensaba que si estaba un par de a\u00f1os ya cumpl\u00eda mi sue\u00f1o y f\u00edjate, estamos hablando quince a\u00f1os despu\u00e9s de aquello, habiendo corrido en varios de los mejores equipos del mundo y ganando en las mejores carreras del mundo.<\/p>\n<p class=\"\"><b>\u00bfUn consejo para las nuevas generaciones?<\/b><\/p>\n<p class=\"\">Que disfruten de la bici. Es un deporte realmente precioso para los que realmente lo amamos. Que lo hagan sin presi\u00f3n y que no lleguen al punto de perder la ilusi\u00f3n por montar.<\/p>\n<p><a title=\"Retiradas m\u00e1s destacadas en 2025\" href=\"\" rel=\"\">Retiradas m\u00e1s destacadas en 2025<\/a><\/p>\n<ol>\n<li data-list=\"bullet\">Geraint Thomas (GBr) &#8211; 39 a\u00f1os<\/li>\n<li data-list=\"bullet\">Caleb Ewan (AUS) &#8211; 30<\/li>\n<li data-list=\"bullet\">Romain Bardet (FRA) &#8211; 34<\/li>\n<li data-list=\"bullet\">Louis Meintjes (SUS) &#8211; 33<\/li>\n<li data-list=\"bullet\">Alessandro de Marchi (ITA) &#8211; 39<\/li>\n<li data-list=\"bullet\">Rafal Majka (POL) &#8211; 36<\/li>\n<li data-list=\"bullet\"><strong style=\"background-color: rgb(246, 243, 236); color: rgb(34, 34, 34);\">Omar Fraile<\/strong> &#8211; 35<\/li>\n<li data-list=\"bullet\">Arnaud D\u00e9mare (FRA) &#8211; 34<\/li>\n<li data-list=\"bullet\">Tim Declercq (B\u00c9L) &#8211; 36<\/li>\n<li data-list=\"bullet\">Rui Costa (POR) &#8211; 39<\/li>\n<li data-list=\"bullet\"><strong style=\"background-color: rgb(246, 243, 236); color: rgb(34, 34, 34);\">Jonathan Castroviejo<\/strong> &#8211; 39<\/li>\n<\/ol>\n<p>Noticias relacionadas<\/p>\n<p class=\"\"><b>\u00a1Tus opiniones importan!<\/b> Comenta en los art\u00edculos y suscr\u00edbete gratis a nuestra <a href=\"https:\/\/asfan.as.com\/newsletters\/\" target=\"_blank\" rel=\"nofollow noopener\" title=\"https:\/\/asfan.as.com\/newsletters\/\">newsletter<\/a> y a las alertas informativas en la <a href=\"https:\/\/as.com\/aplicacion-de-as-n\/\" target=\"_blank\" rel=\"nofollow noopener\" title=\"https:\/\/as.com\/aplicacion-de-as-n\/\">App<\/a> o el canal de <a href=\"https:\/\/www.whatsapp.com\/channel\/0029VaAasdA7j6g745nz9M10\" target=\"_blank\" rel=\"nofollow noopener\" title=\"https:\/\/www.whatsapp.com\/channel\/0029VaAasdA7j6g745nz9M10\">WhatsApp<\/a>. <\/p>\n<p class=\"\">\u00bfBuscas licenciar contenido? Haz clic <a href=\"https:\/\/profesional.elpais.com\/soluciones-sindicacion?utm_medium=interno&amp;utm_source=crosslinking&amp;utm_campaign=sindicacion_as_pie_articulos\" target=\"_blank\" rel=\"nofollow noopener\" title=\"https:\/\/profesional.elpais.com\/soluciones-sindicacion?utm_medium=interno&amp;utm_source=crosslinking&amp;utm_campaign=sindicacion_as_pie_articulos\">aqu\u00ed<\/a><\/p>\n","protected":false},"excerpt":{"rendered":"En un a\u00f1o con numerosas retiradas, alguna de ellas tan solo al rozar lo treintena o incluso antes,&hellip;\n","protected":false},"author":2,"featured_media":256652,"comment_status":"","ping_status":"","sticky":false,"template":"","format":"standard","meta":{"footnotes":""},"categories":[273],"tags":[313,312,168,25,24,23,167],"class_list":{"0":"post-256651","1":"post","2":"type-post","3":"status-publish","4":"format-standard","5":"has-post-thumbnail","7":"category-ciclismo","8":"tag-ciclismo","9":"tag-cycling","10":"tag-deportes","11":"tag-es","12":"tag-espana","13":"tag-spain","14":"tag-sports"},"share_on_mastodon":{"url":"https:\/\/pubeurope.com\/@es\/115615779030533140","error":""},"_links":{"self":[{"href":"https:\/\/www.europesays.com\/es\/wp-json\/wp\/v2\/posts\/256651","targetHints":{"allow":["GET"]}}],"collection":[{"href":"https:\/\/www.europesays.com\/es\/wp-json\/wp\/v2\/posts"}],"about":[{"href":"https:\/\/www.europesays.com\/es\/wp-json\/wp\/v2\/types\/post"}],"author":[{"embeddable":true,"href":"https:\/\/www.europesays.com\/es\/wp-json\/wp\/v2\/users\/2"}],"replies":[{"embeddable":true,"href":"https:\/\/www.europesays.com\/es\/wp-json\/wp\/v2\/comments?post=256651"}],"version-history":[{"count":0,"href":"https:\/\/www.europesays.com\/es\/wp-json\/wp\/v2\/posts\/256651\/revisions"}],"wp:featuredmedia":[{"embeddable":true,"href":"https:\/\/www.europesays.com\/es\/wp-json\/wp\/v2\/media\/256652"}],"wp:attachment":[{"href":"https:\/\/www.europesays.com\/es\/wp-json\/wp\/v2\/media?parent=256651"}],"wp:term":[{"taxonomy":"category","embeddable":true,"href":"https:\/\/www.europesays.com\/es\/wp-json\/wp\/v2\/categories?post=256651"},{"taxonomy":"post_tag","embeddable":true,"href":"https:\/\/www.europesays.com\/es\/wp-json\/wp\/v2\/tags?post=256651"}],"curies":[{"name":"wp","href":"https:\/\/api.w.org\/{rel}","templated":true}]}}