{"id":256657,"date":"2025-11-26T11:35:11","date_gmt":"2025-11-26T11:35:11","guid":{"rendered":"https:\/\/www.europesays.com\/es\/256657\/"},"modified":"2025-11-26T11:35:11","modified_gmt":"2025-11-26T11:35:11","slug":"carlota-casado-la-mujer-que-suena-con-un-museo-de-la-movida-el-pais-semanal","status":"publish","type":"post","link":"https:\/\/www.europesays.com\/es\/256657\/","title":{"rendered":"Carlota Casado, la mujer que sue\u00f1a con un museo de la Movida | EL PA\u00cdS Semanal"},"content":{"rendered":"<p class=\"\">El de Carlota Casado (Madrid, 36 a\u00f1os) es un nombre habitual en los r\u00f3tulos de cr\u00e9dito de <a href=\"https:\/\/elpais.com\/noticias\/pedro-almodovar\/\" target=\"_self\" rel=\"nofollow noopener\" title=\"https:\/\/elpais.com\/noticias\/pedro-almodovar\/\">Pedro Almod\u00f3var<\/a>: ha trabajado en los departamentos de arte del manchego desde 2008, \u00faltimamente (La habitaci\u00f3n de al lado, Madres paralelas, La voz humana) como directora. Con eso y los dem\u00e1s t\u00edtulos que la ocupan \u2014<a href=\"https:\/\/elpais.com\/television\/2024-07-26\/historia-de-un-fenomeno-llamado-elite-aunque-la-serie-es-frivola-nosotros-no-hemos-frivolizado-con-ella.html\" target=\"_self\" rel=\"nofollow noopener\" title=\"https:\/\/elpais.com\/television\/2024-07-26\/historia-de-un-fenomeno-llamado-elite-aunque-la-serie-es-frivola-nosotros-no-hemos-frivolizado-con-ella.html\">\u00c9lite<\/a> hasta hace poco; su actual heredera en el trono de Netflix, Respira\u2014 podr\u00edamos dar su tiempo en los \u00faltimos a\u00f1os por despachado. Pero le preocupa algo m\u00e1s, algo fuera de los plat\u00f3s. Casado encabeza el movimiento por un museo para la Movida, un lugar que re\u00fa\u00adna las obras de aquel renacimiento cultural espa\u00f1ol que explot\u00f3 tras el franquismo, y que sirva para alejarlo del destino habitual de los recuerdos descuidados: el clich\u00e9.<\/p>\n<p class=\"\">\u201cMe siento un poco responsable de que toda esa obra no acabe desperdigada en casas sin m\u00e1s\u201d, explica Casado. \u201cVengo de una generaci\u00f3n que toda su vida ha o\u00eddo hablar mucho de la <a href=\"https:\/\/elpais.com\/elpais\/2015\/05\/12\/album\/1431448379_825206.html\" target=\"_self\" rel=\"nofollow noopener\" title=\"https:\/\/elpais.com\/elpais\/2015\/05\/12\/album\/1431448379_825206.html\">Movida<\/a>; los que ahora tienen 20 sabr\u00e1n que aqu\u00ed pas\u00f3 algo, pero no tienen d\u00f3nde mirar\u201d. Dejar a su suerte el recuerdo de aquella \u00e9poca de esplendor, donde se forj\u00f3 el talento de Almod\u00f3var, Alberto Garc\u00eda-Alix, Miguel Trillo, Ceesepe o Pablo P\u00e9rez-M\u00ednguez, conlleva un precio quiz\u00e1 demasiado elevado: \u201cLa Movida est\u00e1 denostada. La derecha los tiene como unos drogadictos maricones; la izquierda, como gente que se divert\u00eda y que no se politiz\u00f3 lo suficiente\u201d.<\/p>\n<p class=\"\">La idea del museo de la Movida es desde hace tiempo un chascarrillo de los salones culturales. La Comunidad de Madrid anunci\u00f3 uno en 2019 y lo descart\u00f3 en 2020. Desde entonces, Casado es quien m\u00e1s en serio se ha tomado la idea. Encabeza la Asociaci\u00f3n de Amigos para la Creaci\u00f3n de un Museo de la Movida Madrile\u00f1a, la cual organiz\u00f3, en la sede de la SGAE, la lectura de su manifiesto a finales de octubre. La asociaci\u00f3n suma cientos de miembros y se ha reunido con ejecutivos estatales y regionales. Todos piden un plan resuelto, financiado y un edificio p\u00fablico y vac\u00edo que lo pueda alojar. La motivaci\u00f3n de Casado viene de casa. Su madre es la dise\u00f1adora Elisa Bracci, una grande de aquella \u00e9poca. Antonio Alvarado, Ouka Leele, Trillo o Garc\u00eda-Alix eran caras habituales de su infancia. El trabajo tambi\u00e9n le abri\u00f3 los ojos: \u201cCuando empec\u00e9 a trabajar con Pedro aprend\u00ed a poner en valor a estos artistas\u201d, cuenta. Los decorados de La piel que habito inclu\u00edan obras de Guillermo P\u00e9rez Villalta; los de Dolor y gloria, de Sigfrido Mart\u00edn Begu\u00e9, Miguel \u00c1ngel Campo o Patricia Gadea.<\/p>\n<p class=\"\">Es f\u00e1cil toparse con hijos de la Movida, herederos directos o indirectos de Almod\u00f3var o Garc\u00eda-Alix, como ella. Casado cita a <a href=\"https:\/\/elpais.com\/eps\/personajes\/2024-12-06\/samantha-hudson-puedes-estar-triste-en-navidad-y-no-sufrir-sentir-la-nostalgia-no-es-padecerla.html\" target=\"_self\" rel=\"nofollow noopener\" title=\"https:\/\/elpais.com\/eps\/personajes\/2024-12-06\/samantha-hudson-puedes-estar-triste-en-navidad-y-no-sufrir-sentir-la-nostalgia-no-es-padecerla.html\">Samantha Hudson<\/a>, Barquero, Mr Piro. \u00bf<a href=\"https:\/\/elpais.com\/cultura\/2025-03-01\/carolina-durante-en-madrid-que-suerte-ser-joven-y-haber-estado-ahi.html\" target=\"_self\" rel=\"nofollow noopener\" title=\"https:\/\/elpais.com\/cultura\/2025-03-01\/carolina-durante-en-madrid-que-suerte-ser-joven-y-haber-estado-ahi.html\">Carolina Durante<\/a>? \u201cMovida: suenan como Los Nikis. \u00bfAlejandro Palomo? \u201cMovida\u201d. Tampoco hay que ser creativo para ser hijo de esa \u00e9poca. \u201cHay una herencia invisible: nuestra apertura social, la manera en que defendemos la diversidad: eso es Movida. Tras el franquismo, esta generaci\u00f3n dio por hecho que se pod\u00eda ser y dejar ser: gay, trans, pintor. Al principio fue en una microburbuja, pero se ha ido ampliando y hoy tenemos esos valores m\u00e1s arraigados que otros pa\u00edses\u201d.<\/p>\n<p class=\"\">Pero el tiempo no ha sido amable con la \u00e9poca. Espa\u00f1a, en general, no es amable con su pasado. \u201cNi con los artistas que no son comerciales. A La Oreja de Van Gogh s\u00ed la quieren\u201d, subraya Casado. \u201cEl resto tiene que irse fuera. <a href=\"https:\/\/elpais.com\/eps\/2025-11-09\/rosalia-habla-de-lux-no-me-atreveria-a-ponerle-palabras-a-mi-relacion-con-dios.html\" target=\"_self\" rel=\"nofollow noopener\" title=\"https:\/\/elpais.com\/eps\/2025-11-09\/rosalia-habla-de-lux-no-me-atreveria-a-ponerle-palabras-a-mi-relacion-con-dios.html\">Rosal\u00eda<\/a>. Pedro. [El grueso de los] artistas [de la Movida] no se fueron ni se han vendido como colectivo. Ellos van a su bola\u201d. Alguien tiene que encajarlos en la realidad. Alguien que los vea con cari\u00f1o y admiraci\u00f3n; es decir, la mirada de una hija. <\/p>\n","protected":false},"excerpt":{"rendered":"El de Carlota Casado (Madrid, 36 a\u00f1os) es un nombre habitual en los r\u00f3tulos de cr\u00e9dito de Pedro&hellip;\n","protected":false},"author":2,"featured_media":256658,"comment_status":"","ping_status":"","sticky":false,"template":"","format":"standard","meta":{"footnotes":""},"categories":[174],"tags":[24386,255,177,146,147,25,24,256,205,25357,185,152,7669,492,23],"class_list":{"0":"post-256657","1":"post","2":"type-post","3":"status-publish","4":"format-standard","5":"has-post-thumbnail","7":"category-famosos","8":"tag-anos-80","9":"tag-celebrities","10":"tag-cine","11":"tag-entertainment","12":"tag-entretenimiento","13":"tag-es","14":"tag-espana","15":"tag-famosos","16":"tag-madrid","17":"tag-movida-madrilena","18":"tag-musica","19":"tag-netflix","20":"tag-pedro-almodovar","21":"tag-sociedad","22":"tag-spain"},"share_on_mastodon":{"url":"https:\/\/pubeurope.com\/@es\/115615794947011716","error":""},"_links":{"self":[{"href":"https:\/\/www.europesays.com\/es\/wp-json\/wp\/v2\/posts\/256657","targetHints":{"allow":["GET"]}}],"collection":[{"href":"https:\/\/www.europesays.com\/es\/wp-json\/wp\/v2\/posts"}],"about":[{"href":"https:\/\/www.europesays.com\/es\/wp-json\/wp\/v2\/types\/post"}],"author":[{"embeddable":true,"href":"https:\/\/www.europesays.com\/es\/wp-json\/wp\/v2\/users\/2"}],"replies":[{"embeddable":true,"href":"https:\/\/www.europesays.com\/es\/wp-json\/wp\/v2\/comments?post=256657"}],"version-history":[{"count":0,"href":"https:\/\/www.europesays.com\/es\/wp-json\/wp\/v2\/posts\/256657\/revisions"}],"wp:featuredmedia":[{"embeddable":true,"href":"https:\/\/www.europesays.com\/es\/wp-json\/wp\/v2\/media\/256658"}],"wp:attachment":[{"href":"https:\/\/www.europesays.com\/es\/wp-json\/wp\/v2\/media?parent=256657"}],"wp:term":[{"taxonomy":"category","embeddable":true,"href":"https:\/\/www.europesays.com\/es\/wp-json\/wp\/v2\/categories?post=256657"},{"taxonomy":"post_tag","embeddable":true,"href":"https:\/\/www.europesays.com\/es\/wp-json\/wp\/v2\/tags?post=256657"}],"curies":[{"name":"wp","href":"https:\/\/api.w.org\/{rel}","templated":true}]}}