{"id":256659,"date":"2025-11-26T11:36:20","date_gmt":"2025-11-26T11:36:20","guid":{"rendered":"https:\/\/www.europesays.com\/es\/256659\/"},"modified":"2025-11-26T11:36:20","modified_gmt":"2025-11-26T11:36:20","slug":"en-espana-siempre-se-ha-hecho-una-arquitectura-con-muy-pocos-medios-sencilla-e-inteligente","status":"publish","type":"post","link":"https:\/\/www.europesays.com\/es\/256659\/","title":{"rendered":"En Espa\u00f1a siempre se ha hecho una arquitectura con muy pocos medios, sencilla e inteligente"},"content":{"rendered":"<p><strong>El trabajo de Anna y Eugeni Bach es la representaci\u00f3n perfecta de la fusi\u00f3n entre la <a href=\"https:\/\/www.arquitecturaydiseno.es\/decoracion\/cual-es-esencia-cabana-escandinava-y-como-recrearla-tu-casa-campo-espana_11464\" rel=\"nofollow noopener\" target=\"_blank\">mentalidad escandinava<\/a><\/strong> de llevar el coraz\u00f3n de la arquitectura al interior, <strong>y\u00a0<\/strong><strong>la concepci\u00f3n mediterr\u00e1nea del exterior<\/strong> como una extensi\u00f3n de la casa, y un <a href=\"https:\/\/www.arquitecturaydiseno.es\/arquitectura\/por-que-patios-andaluces-nuestras-abuelas-vuelven-a-estar-moda-arquitectura_12451\" rel=\"nofollow noopener\" target=\"_blank\">espacio dom\u00e9stico de vital importancia<\/a>.<\/p>\n<p><strong>La pareja dirige un estudio de arquitectura con base en Barcelona, de ra\u00edces finlandesas y espa\u00f1olas<\/strong>, que opera en un amplio espectro: desde proyectos urbanos o de vivienda hasta dise\u00f1o interior y de objetos. Su actividad se estructura en cuatro ramas: profesional, docente, investigadora y cultural, lo que les permite aunar la pr\u00e1ctica arquitect\u00f3nica con la ense\u00f1anza, la investigaci\u00f3n y la divulgaci\u00f3n cultural. Han sido reconocidos con premios como el FAD o el AHI Europeo, han expuesto en la Bienal de Venecia o la Trienal de Lisboa, y son profesores en universidades tan diversas como la ETSAB, La Salle o Washington University en St. Louis.<\/p>\n<p>El estilo de vida condiciona las caracter\u00edsticas de la arquitectura local<\/p>\n<p><strong>\u201cLa arquitectura del norte de Europa cuida a las personas de una manera especial\u201d<\/strong>, opina Anna Bach en conversaci\u00f3n con la arquitecta <a href=\"https:\/\/www.arquitecturaydiseno.es\/estilo-de-vida\/evolucion-cocina-como-espacio-social-cocinas-abiertas-han-contribuido-a-emancipacion-mujer_12561\" rel=\"nofollow noopener\" target=\"_blank\">N\u00faria Moliner<\/a>, para el programa Animals Arquitectes. <strong>En <a href=\"https:\/\/www.arquitecturaydiseno.es\/arquitectura\/ruta-alvar-aalto-finlandia-semana-visitando-sus-edificios-mas-importantes-pais_10054\" rel=\"nofollow noopener\" target=\"_blank\">Finlandia<\/a>, pa\u00eds de origen de Bach, la arquitectura se construye desde dentro hacia afuera<\/strong>, poniendo en primer plano la experiencia de habitar y el mimo por los espacios dom\u00e9sticos interiores, y dejando en un segundo plano el enfoque formal: en palabras de la arquitecta, \u201chay una cultura que parte no tanto de la representaci\u00f3n, como de la habitaci\u00f3n\u201d. De hecho, hay un t\u00e9rmino que define a la perfecci\u00f3n la sensaci\u00f3n a la que se refiere Bach: el <a href=\"https:\/\/www.arquitecturaydiseno.es\/decoracion\/nuevo-libro-sobre-hygge-que-va-a-arrasar-estas-navidades-entre-decoadictos_8078\" rel=\"nofollow noopener\" target=\"_blank\">hygge<\/a>, que carece de traducci\u00f3n directa al castellano.<\/p>\n<p>De la arquitectura propia de los pa\u00edses mediterr\u00e1neos, Bach destaca la forma en la que el clima y el paisaje condiciona la forma de pensar los espacios. En Espa\u00f1a, la vida se vive en el exterior, por lo que la arquitecta reconoce que \u00ab<strong>los mejores lugares y los m\u00e1s importantes de nuestros proyectos son en el exterior de la casa: los patios, las cubiertas, los porches\u2026\u00bb<\/strong>. Un ejemplo perfecto de ello es la Casa en Ga\u00fcses, de 2008.<\/p>\n<p>&#13;<img loading=\"lazy\" decoding=\"async\"   src=\"https:\/\/www.europesays.com\/es\/wp-content\/uploads\/2025\/11\/casa-en-gauses_cb16d2cf_251125173743_1920x1080.webp.webp\" alt=\"Casa en Ga\u00fcses\" class=\"lazyload\" width=\"1920\" height=\"1080\" data-aspectratio=\"1920\/1080\"\/> <a href=\"https:\/\/www.arquitecturaydiseno.es\/decoracion\/nina-mariani-arquitecta-italia-una-relacion-emocional-fuerte-con-el-balcon_12249\" data-ga4_event=\"custom_event\" data-ga4_event_name=\"click_intext\" data-ga4_link_url=\"https:\/\/www.arquitecturaydiseno.es\/decoracion\/nina-mariani-arquitecta-italia-una-relacion-emocional-fuerte-con-el-balcon_12249\" data-ga4_link_text=\"en_italia_el_balcon_no_es_un_espacio_secundario_se_cuida_como_una_habitacion_mas\" data-ga4_content_type=\"photo\" data-ga4_element=\"related\" rel=\"nofollow noopener\" target=\"_blank\">&#13;&#13;<img loading=\"lazy\" decoding=\"async\" src=\"https:\/\/www.europesays.com\/es\/wp-content\/uploads\/2025\/10\/foto1_58cdc957_250813140110_600x600.webp.webp\" alt=\"Foto1\" class=\"lazyload\" width=\"600\" height=\"600\" data-aspectratio=\"600\/600\"\/>&#13;&#13;<\/p>\n<p class=\"epigraph\">&#13;Noticia relacionada<\/p>\n<p class=\"title\">\u00abEn Italia, el balc\u00f3n no es un espacio secundario: se cuida como una habitaci\u00f3n m\u00e1s\u00bb<\/p>\n<p><\/a>Casa En Ga\u00fcses, un proyecto que habla del momento social que lo concibi\u00f3<\/p>\n<p>Se trata de un peque\u00f1o estudio\u2013vivienda de bajo presupuesto (70.000 \u20ac) dise\u00f1ado con muros de carga, soluciones constructivas tradicionales y acabados sencillos para adaptarse a un solar estrecho junto a una casa ya existente. Su forma responde tanto a la normativa (que exig\u00eda cubierta inclinada) como al paisaje, <strong>generando un perfil que dialoga con el espacio agreste que la rodea.<\/strong><\/p>\n<p>El proyecto prioriza la eficiencia clim\u00e1tica mediante una doble cubierta ventilada y la recogida de agua de lluvia para el huerto, y <strong>potencia la relaci\u00f3n interior-exterior con una gran esquina acristalada que se abre completamente hacia un porche ligero de ca\u00f1a y metal.<\/strong><\/p>\n<p><strong>Su integraci\u00f3n org\u00e1nica en el paisaje y la sencillez de los materiales refuerzan un car\u00e1cter humilde, funcional y profundamente arraigado al lugar, en pleno contexto de crisis econ\u00f3mica.<\/strong> \u201cLa casa defin\u00eda el momento: hicimos una casa econ\u00f3mica, muy sencilla, pero muy bien pensada\u201d, apunta Bach, quien reconoce que el estallido de la burbuja inmobiliaria puso en primer plano la filosof\u00eda con la que concibieron el proyecto: disfrutar de los espacios exteriores y de las peque\u00f1as cosas de la vida.<\/p>\n<p>Aun as\u00ed, la arquitecta subraya que el uso inteligente de los recursos ha sido siempre una cualidad inherente a la arquitectura vern\u00e1cula, que se remonta a mucho antes de la recesi\u00f3n econ\u00f3mica. <strong>\u201cEn Catalu\u00f1a y en Espa\u00f1a siempre se ha hecho una arquitectura con muy pocos medios, sencilla, precisa e inteligente; simplemente, antes de la crisis, no se hablaba de estas arquitecturas\u201d<\/strong>.<\/p>\n<p>&#13;<img loading=\"lazy\" decoding=\"async\"   src=\"https:\/\/www.europesays.com\/es\/wp-content\/uploads\/2025\/11\/casa-mmmmms_71d9e99c_251125173813_1920x1080.webp.webp\" alt=\"Casa MMMMMS\" class=\"lazyload\" width=\"1920\" height=\"1080\" data-aspectratio=\"1920\/1080\"\/> <a href=\"https:\/\/www.arquitecturaydiseno.es\/decoracion\/experta-nos-da-claves-para-mejorar-calidad-aire-casa_12665\" data-ga4_event=\"custom_event\" data-ga4_event_name=\"click_intext\" data-ga4_link_url=\"https:\/\/www.arquitecturaydiseno.es\/decoracion\/experta-nos-da-claves-para-mejorar-calidad-aire-casa_12665\" data-ga4_link_text=\"una_experta_nos_da_las_claves_para_mejorar_la_calidad_del_aire_en_casa\" data-ga4_content_type=\"photo\" data-ga4_element=\"related\" rel=\"nofollow noopener\" target=\"_blank\">&#13;&#13;<img loading=\"lazy\" decoding=\"async\" src=\"https:\/\/www.europesays.com\/es\/wp-content\/uploads\/2025\/11\/pilar-cinca-puntoyseguido_9cbbe0d3_251112210124_600x600.webp.webp\" alt=\"PILAR CINCA PUNTOYSEGUIDO\" class=\"lazyload\" width=\"600\" height=\"600\" data-aspectratio=\"600\/600\"\/>&#13;&#13;<\/p>\n<p class=\"epigraph\">&#13;Noticia relacionada<\/p>\n<p class=\"title\">Una experta nos da las claves para mejorar la calidad del aire en casa<\/p>\n<p><\/a>La continuidad interior-exterior, un sello distintivo del estudio Bach<\/p>\n<p>La Casa MMMMMS, proyectada en Camallera (Girona), es una vivienda de 300 m\u00b2 que impone la normativa local<strong> sin caer en la est\u00e9tica de la mas\u00eda tradicional, sino reinterpretando la tipolog\u00eda del almac\u00e9n agr\u00edcola<\/strong>. Cuenta con un espacio central de gran altura donde se insertan vol\u00famenes m\u00e1s peque\u00f1os (dormitorios, cocina, ba\u00f1os) que favorecen la intimidad, la iluminaci\u00f3n transversal y las vistas al paisaje.<strong> La voluntad en este proyecto es la de desvanecer el l\u00edmite entre espacios, consiguiendo que el exterior tenga el confort del interior, y viceversa.<\/strong><\/p>\n<p>El proyecto, adem\u00e1s, apuesta por la eficiencia energ\u00e9tica: ventilaci\u00f3n cruzada, lucernarios al norte, aislamiento reforzado, caldera de biomasa conectada a paneles solares y sistema de captaci\u00f3n de aguas pluviales para uso en riego y aguas grises. Todos los materiales, adem\u00e1s, provienen de industrias locales.<\/p>\n","protected":false},"excerpt":{"rendered":"El trabajo de Anna y Eugeni Bach es la representaci\u00f3n perfecta de la fusi\u00f3n entre la mentalidad escandinava&hellip;\n","protected":false},"author":2,"featured_media":256660,"comment_status":"","ping_status":"","sticky":false,"template":"","format":"standard","meta":{"footnotes":""},"categories":[173],"tags":[229,233,231,230,232,234,146,147,25,24,23],"class_list":{"0":"post-256659","1":"post","2":"type-post","3":"status-publish","4":"format-standard","5":"has-post-thumbnail","7":"category-arte-y-diseno","8":"tag-arte","9":"tag-arte-y-diseno","10":"tag-arts","11":"tag-arts-and-design","12":"tag-design","13":"tag-diseno","14":"tag-entertainment","15":"tag-entretenimiento","16":"tag-es","17":"tag-espana","18":"tag-spain"},"share_on_mastodon":{"url":"https:\/\/pubeurope.com\/@es\/115615799268005592","error":""},"_links":{"self":[{"href":"https:\/\/www.europesays.com\/es\/wp-json\/wp\/v2\/posts\/256659","targetHints":{"allow":["GET"]}}],"collection":[{"href":"https:\/\/www.europesays.com\/es\/wp-json\/wp\/v2\/posts"}],"about":[{"href":"https:\/\/www.europesays.com\/es\/wp-json\/wp\/v2\/types\/post"}],"author":[{"embeddable":true,"href":"https:\/\/www.europesays.com\/es\/wp-json\/wp\/v2\/users\/2"}],"replies":[{"embeddable":true,"href":"https:\/\/www.europesays.com\/es\/wp-json\/wp\/v2\/comments?post=256659"}],"version-history":[{"count":0,"href":"https:\/\/www.europesays.com\/es\/wp-json\/wp\/v2\/posts\/256659\/revisions"}],"wp:featuredmedia":[{"embeddable":true,"href":"https:\/\/www.europesays.com\/es\/wp-json\/wp\/v2\/media\/256660"}],"wp:attachment":[{"href":"https:\/\/www.europesays.com\/es\/wp-json\/wp\/v2\/media?parent=256659"}],"wp:term":[{"taxonomy":"category","embeddable":true,"href":"https:\/\/www.europesays.com\/es\/wp-json\/wp\/v2\/categories?post=256659"},{"taxonomy":"post_tag","embeddable":true,"href":"https:\/\/www.europesays.com\/es\/wp-json\/wp\/v2\/tags?post=256659"}],"curies":[{"name":"wp","href":"https:\/\/api.w.org\/{rel}","templated":true}]}}