{"id":256661,"date":"2025-11-26T11:38:14","date_gmt":"2025-11-26T11:38:14","guid":{"rendered":"https:\/\/www.europesays.com\/es\/256661\/"},"modified":"2025-11-26T11:38:14","modified_gmt":"2025-11-26T11:38:14","slug":"sandra-barneda-estalla-en-la-isla-de-las-tentaciones-contra-una-de-las-concursantes-estas-expulsada","status":"publish","type":"post","link":"https:\/\/www.europesays.com\/es\/256661\/","title":{"rendered":"Sandra Barneda estalla en \u2018La isla de las tentaciones\u2019 contra una de las concursantes: \u201cEst\u00e1s expulsada\u201d"},"content":{"rendered":"<p class=\"\">La novena edici\u00f3n de \u2018La isla de las tentaciones\u2019 ya es todo un fen\u00f3meno tanto en audiencia como en redes sociales gracias a las intensas tramas protagonizadas por Gerard, Claudia, Gilbert, Barranco, Sandra, Mayeli y compa\u00f1\u00eda. Con <b>una d\u00e9cima temporada ya confirmada y a punto de iniciar sus grabaciones en Rep\u00fablica Dominicana<\/b>, la nueva entrega emitida durante la noche del martes enloqueci\u00f3 a todos y, por supuesto, a Sandra Barneda que se vio en la obligaci\u00f3n de tomar medidas ante el constante incumplimiento de las normas b\u00e1sicas del formato.<\/p>\n<p class=\"\">Cansada de que la muchos de los concursantes hagan caso omiso a la normativa, a la presentadora <b>no le ha quedado m\u00e1s remedio que mostrarse implacable con Mayeli<\/b>, la \u00faltima en incumplir las normas. Todo sucedi\u00f3 durante el avance de la emisi\u00f3n que tendr\u00e1 lugar este mi\u00e9rcoles a las 21:45 horas en Telecinco en la que los espectadores pudieron ver a la joven adentr\u00e1ndose en Villa Monta\u00f1a para pedir explicaciones a \u00c1lvaro.<\/p>\n<p>M\u00e1xima tensi\u00f3n en \u2018La isla de las tentaciones\u2019<\/p>\n<p class=\"\">\u201c\u00a1Cari\u00f1o, cari\u00f1o!\u201c, gritaba \u00c1lvaro al comprobar que su novia hab\u00eda logrado entrar en la villa de los chicos. <b>\u201c\u00bfCari\u00f1o? \u00a1Pero qu\u00e9 haces! \u00a1Qu\u00e9 me sueltes!\u201d, respond\u00eda Mayeli muy enfadada y entre l\u00e1grimas.<\/b> Unas im\u00e1genes de lo m\u00e1s breves que suponen un peque\u00f1o adelanto de lo que se vivir\u00e1 esta misma noche en Telecinco y que ya son todo un viral en plataformas como X e Instagram.<\/p>\n<p>Noticias relacionadas<a href=\"https:\/\/as.com\/tikitakas\/television\/caos-en-la-isla-de-las-tentaciones-el-equipo-de-seguridad-es-obligado-a-intervenir-f202511-n\/\" class=\"s_m_w\" title=\"El programa de Telecinco vivi\u00f3 uno de los momentos m\u00e1s tensos despu\u00e9s de que Gilbert visionara las im\u00e1genes de su novia Claudia.\" data-tb-link=\"\" rel=\"nofollow noopener\" target=\"_blank\"><img decoding=\"async\" src=\"https:\/\/www.europesays.com\/es\/wp-content\/uploads\/2025\/11\/1764157093_978_7G4LSTMMKJEYXMX5KJQNQ3H52E.png\" alt=\"Caos en \u2018La isla de las tentaciones\u2019: el equipo de seguridad es obligado a intervenir \" class=\"\" height=\"9\" width=\"16\"   loading=\"lazy\" data-tb-thumbnail=\"\"\/><\/a><a href=\"https:\/\/as.com\/tikitakas\/television\/salio-con-pareja-en-la-primera-edicion-de-la-isla-de-las-tentaciones-tiempo-despues-rompio-y-ahora-lleva-una-vida-fitness-f202511-n\/\" class=\"s_m_w\" title=\"La exconcursante de la primera edici\u00f3n vive una vida diferente a la que ten\u00eda cuando pas\u00f3 por la televisi\u00f3n, compartiendo sus d\u00edas con el tentador.\" data-tb-link=\"\" rel=\"nofollow noopener\" target=\"_blank\"><img decoding=\"async\" src=\"https:\/\/www.europesays.com\/es\/wp-content\/uploads\/2025\/11\/1764157094_498_5KA6KJRSWFFGNLWFDIFLDVGL5Q.png\" alt=\"Sali\u00f3 con pareja en la primera edici\u00f3n de \u2018La isla de las tentaciones\u2019: tiempo despu\u00e9s rompi\u00f3, y ahora lleva una vida fitness\" class=\"\" height=\"9\" width=\"16\"   loading=\"lazy\" data-tb-thumbnail=\"\"\/><\/a><\/p>\n<p class=\"\"><b>\u201cPor supuesto, est\u00e1s expulsada\u201d<\/b>, se escucha decir a Sandra Barneda de manera rotunda y cansada de que los constantes se salten constantemente algunas de las normas m\u00e1s b\u00e1sicas de \u2018La isla de las tentaciones\u2019. Sin embargo, habr\u00e1 que esperar a la nueva entrega para conocer realmente el futuro de Mayeli y \u00c1lvaro en el concurso. <\/p>\n<p class=\"\"><b>\u00a1Tus opiniones importan!<\/b> Comenta en los art\u00edculos y suscr\u00edbete gratis a nuestra <a href=\"https:\/\/asfan.as.com\/newsletters\/\" target=\"_blank\" rel=\"nofollow noopener\" title=\"https:\/\/asfan.as.com\/newsletters\/\">newsletter<\/a> y a las alertas informativas en la <a href=\"https:\/\/as.com\/aplicacion-de-as-n\/\" target=\"_blank\" rel=\"nofollow noopener\" title=\"https:\/\/as.com\/aplicacion-de-as-n\/\">App<\/a> o el canal de <a href=\"https:\/\/www.whatsapp.com\/channel\/0029VaAasdA7j6g745nz9M10\" target=\"_blank\" rel=\"nofollow noopener\" title=\"https:\/\/www.whatsapp.com\/channel\/0029VaAasdA7j6g745nz9M10\">WhatsApp<\/a>. \u00bfBuscas licenciar contenido? Haz clic <a href=\"https:\/\/profesional.elpais.com\/landing-sindicacion?utm_medium=interno&amp;utm_source=crosslinking&amp;utm_campaign=sindicacion_as_pie_articulos\" target=\"_blank\" rel=\"nofollow noopener\" title=\"https:\/\/profesional.elpais.com\/landing-sindicacion?utm_medium=interno&amp;utm_source=crosslinking&amp;utm_campaign=sindicacion_as_pie_articulos\">aqu\u00ed<\/a><\/p>\n","protected":false},"excerpt":{"rendered":"La novena edici\u00f3n de \u2018La isla de las tentaciones\u2019 ya es todo un fen\u00f3meno tanto en audiencia como&hellip;\n","protected":false},"author":2,"featured_media":256662,"comment_status":"","ping_status":"","sticky":false,"template":"","format":"standard","meta":{"footnotes":""},"categories":[171],"tags":[146,147,25,24,23,214],"class_list":{"0":"post-256661","1":"post","2":"type-post","3":"status-publish","4":"format-standard","5":"has-post-thumbnail","7":"category-tv","8":"tag-entertainment","9":"tag-entretenimiento","10":"tag-es","11":"tag-espana","12":"tag-spain","13":"tag-tv"},"share_on_mastodon":{"url":"https:\/\/pubeurope.com\/@es\/115615807147370728","error":""},"_links":{"self":[{"href":"https:\/\/www.europesays.com\/es\/wp-json\/wp\/v2\/posts\/256661","targetHints":{"allow":["GET"]}}],"collection":[{"href":"https:\/\/www.europesays.com\/es\/wp-json\/wp\/v2\/posts"}],"about":[{"href":"https:\/\/www.europesays.com\/es\/wp-json\/wp\/v2\/types\/post"}],"author":[{"embeddable":true,"href":"https:\/\/www.europesays.com\/es\/wp-json\/wp\/v2\/users\/2"}],"replies":[{"embeddable":true,"href":"https:\/\/www.europesays.com\/es\/wp-json\/wp\/v2\/comments?post=256661"}],"version-history":[{"count":0,"href":"https:\/\/www.europesays.com\/es\/wp-json\/wp\/v2\/posts\/256661\/revisions"}],"wp:featuredmedia":[{"embeddable":true,"href":"https:\/\/www.europesays.com\/es\/wp-json\/wp\/v2\/media\/256662"}],"wp:attachment":[{"href":"https:\/\/www.europesays.com\/es\/wp-json\/wp\/v2\/media?parent=256661"}],"wp:term":[{"taxonomy":"category","embeddable":true,"href":"https:\/\/www.europesays.com\/es\/wp-json\/wp\/v2\/categories?post=256661"},{"taxonomy":"post_tag","embeddable":true,"href":"https:\/\/www.europesays.com\/es\/wp-json\/wp\/v2\/tags?post=256661"}],"curies":[{"name":"wp","href":"https:\/\/api.w.org\/{rel}","templated":true}]}}