{"id":256667,"date":"2025-11-26T11:41:11","date_gmt":"2025-11-26T11:41:11","guid":{"rendered":"https:\/\/www.europesays.com\/es\/256667\/"},"modified":"2025-11-26T11:41:11","modified_gmt":"2025-11-26T11:41:11","slug":"entradas-para-mendizorrotza-real-sociedad-de-futbol-s-a-d","status":"publish","type":"post","link":"https:\/\/www.europesays.com\/es\/256667\/","title":{"rendered":"Entradas para Mendizorrotza &#8211; Real Sociedad de F\u00fatbol S.A.D."},"content":{"rendered":"<p>Ya puedes solicitar tus entradas para el encuentro que disputaremos en Mendizorrotza, d\u00eda 6 de diciembre, a partir de las 16:30 horas. El Deportivo Alav\u00e9s enviar\u00e1 al club txuri urdin un total de 367 localidades (precio \u00fanico de 30 euros), las cuales se reparten de esta manera:<\/p>\n<p>&#8211; 237 entradas para solicitudes de socios y RS Fans.<\/p>\n<p>&#8211; 50 entradas para compromisos del club.<\/p>\n<p>&#8211; 80 entradas para pe\u00f1as.<\/p>\n<p>La solicitud de localidades a trav\u00e9s de realsociedad.eus se deber\u00e1 realizar entre hoy, d\u00eda 26 de njoviembre, y el lunes d\u00eda 1 de diciembre (se cerrar\u00e1 a las 12 horas). Cada solicitante podr\u00e1 solicitar dos entradas, siendo obligatorio que tanto el solicitante como el acompa\u00f1ante sean socios o RS Fan.<\/p>\n<p>Una vez que finalice el plazo de solicitud, el d\u00eda 1 se realizar\u00e1 el sorteo entre los solicitantes en el caso de que se supere el cupo de entradas. El d\u00eda 1, a primera hora de la tarde, podr\u00e1s consultar si has sido agraciado en nuestra web oficial.<\/p>\n<p>Las personas agraciadas tambi\u00e9n recibir\u00e1n un correo electr\u00f3nico con la informaci\u00f3n sobre c\u00f3mo recoger las entradas, que se realizar\u00e1 el martes d\u00eda 2 en la taquilla de Anoeta. <\/p>\n<p><b>Entradas nominales<\/b><\/p>\n<p>Las entradas ser\u00e1n nominales, por lo que rogamos que completes los formularios con los datos de las personas que viajar\u00e1n a Pamplona, ya que no se permitir\u00e1 cambios de nombres a la hora de abonar en la taquilla. Tampoco se contabilizar\u00e1n las peticiones duplicadas. En el acceso al estadio se verificar\u00e1 el nombre asignado a cada entrada con el DNI de dicha persona.<\/p>\n<p>En el evento en cuesti\u00f3n la REAL SOCIEDAD DE F\u00daTBOL proceder\u00e1 a la toma de im\u00e1genes, las cuales podr\u00e1n ser publicadas en canales de comunicaci\u00f3n oficiales del CLUB con fines promocionales del acto en cuesti\u00f3n. En caso de no querer que las im\u00e1genes en las que pueda aparecer Ud. o alg\u00fan menor que est\u00e9 bajo su tutela sean publicadas, por favor, h\u00e1ganoslo saber en la siguiente direcci\u00f3n de correo electr\u00f3nico, y procederemos a su inmediata retirada: pdcp@realsociedad.eus. La pol\u00edtica de privacidad correspondiente se encuentra en el siguiente enlace: <a href=\"https:\/\/cdn.realsociedad.eus\/Uploads\/CntDetalles\/419\/1\/004e32cb-7cea-4362-85c4-537b7a3ade79.pdf\" rel=\"nofollow noopener\" target=\"_blank\">https:\/\/cdn.realsociedad.eus\/\/Uploads\/CntDetalles\/419\/1\/004e32cb-7cea-4362-85c4-537b7a3ade79.pdf<\/a> <\/p>\n","protected":false},"excerpt":{"rendered":"Ya puedes solicitar tus entradas para el encuentro que disputaremos en Mendizorrotza, d\u00eda 6 de diciembre, a partir&hellip;\n","protected":false},"author":2,"featured_media":256668,"comment_status":"","ping_status":"","sticky":false,"template":"","format":"standard","meta":{"footnotes":""},"categories":[93],"tags":[1334,2182,2203,25168,2493,168,5089,4401,25,24,282,3303,25170,494,25167,288,1044,6598,64472,25166,621,11783,13752,798,25169,12764,492,23,167,1152,10560],"class_list":{"0":"post-256667","1":"post","2":"type-post","3":"status-publish","4":"format-standard","5":"has-post-thumbnail","7":"category-deportes","8":"tag-alaves","9":"tag-athletic","10":"tag-athletic-club","11":"tag-cd-leganes","12":"tag-copa","13":"tag-deportes","14":"tag-entrada","15":"tag-entradas","16":"tag-es","17":"tag-espana","18":"tag-futbol","19":"tag-getafe-cf","20":"tag-girona-entradas","21":"tag-granada","22":"tag-l-derbi","23":"tag-laliga","24":"tag-liga","25":"tag-localidad","26":"tag-mendizorrotza","27":"tag-nuevos-carmenes","28":"tag-osasuna","29":"tag-rcd-espanyol","30":"tag-rcd-mallorca","31":"tag-real","32":"tag-real-valladolid","33":"tag-sevilla-fc","34":"tag-sociedad","35":"tag-spain","36":"tag-sports","37":"tag-temporada","38":"tag-villarreal"},"share_on_mastodon":{"url":"https:\/\/pubeurope.com\/@es\/115615818402076502","error":""},"_links":{"self":[{"href":"https:\/\/www.europesays.com\/es\/wp-json\/wp\/v2\/posts\/256667","targetHints":{"allow":["GET"]}}],"collection":[{"href":"https:\/\/www.europesays.com\/es\/wp-json\/wp\/v2\/posts"}],"about":[{"href":"https:\/\/www.europesays.com\/es\/wp-json\/wp\/v2\/types\/post"}],"author":[{"embeddable":true,"href":"https:\/\/www.europesays.com\/es\/wp-json\/wp\/v2\/users\/2"}],"replies":[{"embeddable":true,"href":"https:\/\/www.europesays.com\/es\/wp-json\/wp\/v2\/comments?post=256667"}],"version-history":[{"count":0,"href":"https:\/\/www.europesays.com\/es\/wp-json\/wp\/v2\/posts\/256667\/revisions"}],"wp:featuredmedia":[{"embeddable":true,"href":"https:\/\/www.europesays.com\/es\/wp-json\/wp\/v2\/media\/256668"}],"wp:attachment":[{"href":"https:\/\/www.europesays.com\/es\/wp-json\/wp\/v2\/media?parent=256667"}],"wp:term":[{"taxonomy":"category","embeddable":true,"href":"https:\/\/www.europesays.com\/es\/wp-json\/wp\/v2\/categories?post=256667"},{"taxonomy":"post_tag","embeddable":true,"href":"https:\/\/www.europesays.com\/es\/wp-json\/wp\/v2\/tags?post=256667"}],"curies":[{"name":"wp","href":"https:\/\/api.w.org\/{rel}","templated":true}]}}