{"id":256671,"date":"2025-11-26T11:43:07","date_gmt":"2025-11-26T11:43:07","guid":{"rendered":"https:\/\/www.europesays.com\/es\/256671\/"},"modified":"2025-11-26T11:43:07","modified_gmt":"2025-11-26T11:43:07","slug":"emilio-aragon-afronta-en-late-xou-de-tve-el-posible-reencuentro-de-medico-de-familia-con-los-obstaculos-reales","status":"publish","type":"post","link":"https:\/\/www.europesays.com\/es\/256671\/","title":{"rendered":"Emilio Arag\u00f3n afronta en &#8216;Late xou&#8217; de TVE el posible reencuentro de &#8216;M\u00e9dico de familia&#8217; con los obst\u00e1culos reales"},"content":{"rendered":"\n<p>  26\/11\/2025 &#8211; 11:59  Actualizado: 26\/11\/2025 &#8211; 11:59   <\/p>\n<p> <strong>Emilio Arag\u00f3n<\/strong> regres\u00f3 a TVE para sentarse frente a Marc Gir\u00f3 en <a href=\"https:\/\/www.elconfidencial.com\/television\/programas-tv\/2025-11-25\/late-xou-invitados-famosos-tve_4254287\/\" target=\"_blank\" rel=\"nofollow noopener\"><strong>Late xou<\/strong><\/a> y el resultado fue uno de esos encuentros televisivos que mezclan memoria, carcajadas y alguna que otra confidencia inesperada. <\/p>\n<p> M\u00e1s de cuatro d\u00e9cadas despu\u00e9s de Ni vivo ni en directo, el showman irrumpi\u00f3 en el plat\u00f3 siguiendo la m\u00edtica l\u00ednea blanca que marc\u00f3 su debut en televisi\u00f3n, esta vez para <strong>presentar la nueva entrega del libro Telmo Lobo<\/strong>: la leyenda del pirata, un homenaje a Robert Louis Stevenson que, en sus propias palabras, \u00able hace el doble de ilusi\u00f3n escribir que toda la televisi\u00f3n que hizo en el pasado\u00bb. <\/p>\n<p> La noche avanz\u00f3 entre juegos, bromas y un inusual baile a ritmo de Rosal\u00eda en la famosa promoci\u00f3n del ascensor del programa. Arag\u00f3n incluso <strong>se atrevi\u00f3 con un improvisado <\/strong><strong>Pasapalabra<\/strong> generacional para demostrar dominio de la jerga juvenil, lo que sirvi\u00f3 a Gir\u00f3 para deslizar una an\u00e9cdota personal: su madre tuvo \u00abun sue\u00f1o er\u00f3tico\u00bb con el Doctor Nacho Mart\u00edn en plena fiebre por M\u00e9dico de familia. Una puerta abierta perfecta para hablar del 30\u00ba aniversario de una ficci\u00f3n que marc\u00f3 a toda una generaci\u00f3n. <\/p>\n<p> La serie de Globomedia es, a\u00fan hoy, un caso de estudio. <strong>M\u00e9dico de familia<\/strong><strong> firm\u00f3 119 episodios, cuatro a\u00f1os de emisi\u00f3n y un 43% de cuota media<\/strong> que elev\u00f3 su cap\u00edtulo final \u2014la boda de Nacho (Emilio Arag\u00f3n) y Alicia (Lydia Bosch)\u2014 hasta la cifra colosal de 13.337.000 espectadores. \u00abPara que se hagan una idea, este programa no llega al mill\u00f3n y ya nos parece un \u00e9xito\u00bb, record\u00f3 Gir\u00f3 para dimensionar lo que supuso aquella ficci\u00f3n. <\/p>\n<p>                Emilio Arag\u00f3n en &#8216;Late xou&#8217;. (RTVE)            <\/p>\n<p> El cari\u00f1o del p\u00fablico traspas\u00f3 la pantalla hasta extremos impensables. <strong>\u00abRecuerdo una entrevista en la radio que llamaron para pedir que les recomendase un medicamento\u00bb<\/strong>, confes\u00f3 Arag\u00f3n, consciente de que para muchos espa\u00f1oles fue, durante a\u00f1os, el m\u00e9dico de verdad. <\/p>\n<p> Era inevitable. Con la efem\u00e9ride sobre la mesa, Gir\u00f3 pregunt\u00f3 lo que millones de espectadores se siguen cuestionando: <strong>\u00bfhabr\u00e1 reencuentro de <\/strong><strong>M\u00e9dico de familia<\/strong><strong>?<\/strong> <\/p>\n<p>                Elenco de &#8216;M\u00e9dico de familia&#8217;            <\/p>\n<p> Arag\u00f3n trat\u00f3 de esquivar la pregunta, pero acab\u00f3 abriendo una rendija de esperanza. Confirm\u00f3 que todo el reparto mantiene el contacto, se re\u00fanen y tienen grupo de WhatsApp, pero explic\u00f3 los <strong>obst\u00e1culos reales de llevarlo a cabo: reunir al elenco y resolver los derechos de la serie.<\/strong> Aun as\u00ed, no dud\u00f3 en declararse predispuesto: \u00abEstar\u00eda dispuesto y creo que podr\u00eda ser divertido\u00bb. <\/p>\n<p> Palabras que disparan las especulaciones, m\u00e1s a\u00fan en un momento de auge de remakes y reencuentros televisivos, y que convierten el posible regreso de la familia Mart\u00edn en <strong>uno de los \u00faltimos grandes pendientes de la ficci\u00f3n espa\u00f1ola.<\/strong> <\/p>\n<p> <strong>Emilio Arag\u00f3n<\/strong> regres\u00f3 a TVE para sentarse frente a Marc Gir\u00f3 en <a href=\"https:\/\/www.elconfidencial.com\/television\/programas-tv\/2025-11-25\/late-xou-invitados-famosos-tve_4254287\/\" target=\"_blank\" rel=\"nofollow noopener\"><strong>Late xou<\/strong><\/a> y el resultado fue uno de esos encuentros televisivos que mezclan memoria, carcajadas y alguna que otra confidencia inesperada. <\/p>\n","protected":false},"excerpt":{"rendered":"26\/11\/2025 &#8211; 11:59 Actualizado: 26\/11\/2025 &#8211; 11:59 Emilio Arag\u00f3n regres\u00f3 a TVE para sentarse frente a Marc Gir\u00f3&hellip;\n","protected":false},"author":2,"featured_media":256672,"comment_status":"","ping_status":"","sticky":false,"template":"","format":"standard","meta":{"footnotes":""},"categories":[91],"tags":[146,147,25,24,23],"class_list":{"0":"post-256671","1":"post","2":"type-post","3":"status-publish","4":"format-standard","5":"has-post-thumbnail","7":"category-entretenimiento","8":"tag-entertainment","9":"tag-entretenimiento","10":"tag-es","11":"tag-espana","12":"tag-spain"},"share_on_mastodon":{"url":"https:\/\/pubeurope.com\/@es\/115615826097524888","error":""},"_links":{"self":[{"href":"https:\/\/www.europesays.com\/es\/wp-json\/wp\/v2\/posts\/256671","targetHints":{"allow":["GET"]}}],"collection":[{"href":"https:\/\/www.europesays.com\/es\/wp-json\/wp\/v2\/posts"}],"about":[{"href":"https:\/\/www.europesays.com\/es\/wp-json\/wp\/v2\/types\/post"}],"author":[{"embeddable":true,"href":"https:\/\/www.europesays.com\/es\/wp-json\/wp\/v2\/users\/2"}],"replies":[{"embeddable":true,"href":"https:\/\/www.europesays.com\/es\/wp-json\/wp\/v2\/comments?post=256671"}],"version-history":[{"count":0,"href":"https:\/\/www.europesays.com\/es\/wp-json\/wp\/v2\/posts\/256671\/revisions"}],"wp:featuredmedia":[{"embeddable":true,"href":"https:\/\/www.europesays.com\/es\/wp-json\/wp\/v2\/media\/256672"}],"wp:attachment":[{"href":"https:\/\/www.europesays.com\/es\/wp-json\/wp\/v2\/media?parent=256671"}],"wp:term":[{"taxonomy":"category","embeddable":true,"href":"https:\/\/www.europesays.com\/es\/wp-json\/wp\/v2\/categories?post=256671"},{"taxonomy":"post_tag","embeddable":true,"href":"https:\/\/www.europesays.com\/es\/wp-json\/wp\/v2\/tags?post=256671"}],"curies":[{"name":"wp","href":"https:\/\/api.w.org\/{rel}","templated":true}]}}