{"id":256675,"date":"2025-11-26T11:46:09","date_gmt":"2025-11-26T11:46:09","guid":{"rendered":"https:\/\/www.europesays.com\/es\/256675\/"},"modified":"2025-11-26T11:46:09","modified_gmt":"2025-11-26T11:46:09","slug":"el-papa-leon-xiv-visita-turquia-y-libano-en-su-primer-viaje-al-extranjero","status":"publish","type":"post","link":"https:\/\/www.europesays.com\/es\/256675\/","title":{"rendered":"El papa Le\u00f3n XIV visita Turqu\u00eda y L\u00edbano en su primer viaje al extranjero"},"content":{"rendered":"<p>CIUDAD DEL VATICANO (AP) \u2014 El papa Le\u00f3n XIV emprend\u00eda el jueves su primer viaje al extranjero, una peregrinaci\u00f3n a Turqu\u00eda y L\u00edbano que ser\u00eda delicada en cualquier circunstancia, pero que es a\u00fan m\u00e1s complicada dadas las tensiones en Oriente Medio y la atenci\u00f3n medi\u00e1tica que acompa\u00f1ar\u00e1 al primer papa estadounidense de la historia en el camino.<\/p>\n<p>Le\u00f3n est\u00e1 cumpliendo con un viaje que el papa Francisco plane\u00f3 realizar, para conmemorar un importante aniversario con la Iglesia ortodoxa en Turqu\u00eda. En L\u00edbano, intentar\u00e1 apoyar a una comunidad cristiana que ha sufrido durante mucho tiempo, as\u00ed como a los libaneses de todas las religiones que a\u00fan exigen justicia por la explosi\u00f3n en el puerto de Beirut en 2020.<\/p>\n<p>Le\u00f3n, quien pas\u00f3 12 a\u00f1os como superior de su orden religiosa agustiniana y dos d\u00e9cadas como misionero en Per\u00fa, dice que le encanta viajar. Y en las \u00faltimas semanas ha demostrado tanto destreza diplom\u00e1tica como ling\u00fc\u00edstica al responder preguntas improvisadas de los reporteros.<\/p>\n<p>El viaje est\u00e1 siendo cubierto de cerca por los medios de comunicaci\u00f3n de Estados Unidos, con todas las principales cadenas estadounidenses \u2014ABC, CBS, NBC y Fox, as\u00ed como CNN y la BBC\u2014 dentro del grupo de viaje de Le\u00f3n, siguiendo sus discursos, homil\u00edas y oraciones en un momento crucial en las negociaciones para poner fin a la guerra de Rusia en Ucrania y mantener un alto el fuego en Gaza.<\/p>\n<p>Corresponsales del Vaticano, adem\u00e1s de medios libaneses y turcos, completan el cuerpo de prensa papal de unos 80 periodistas, y hay una amplia lista de espera de periodistas que solicitaron estar en el avi\u00f3n papal pero se les neg\u00f3 un asiento debido al espacio limitado.<\/p>\n<p>\u201cCada vez que el papa viaja, es un gran acontecimiento\u201d, dijo Natalia Imperatori-Lee, profesora asociada de teolog\u00eda en la Universidad de Fordham en Nueva York.<\/p>\n<p>Pero un papa estadounidense en su primer viaje al extranjero es un acontecimiento a\u00fan mayor, dijo, especialmente en el saturado ecosistema medi\u00e1tico estadounidense donde Le\u00f3n ha surgido como una especie de contrapunto al gobierno de Donald Trump y su represi\u00f3n contra los inmigrantes.<\/p>\n<p>\u201c\u00c9l sigue generando cobertura aqu\u00ed debido a su compromiso con uno de los temas m\u00e1s importantes que enfrentamos, que es la migraci\u00f3n\u201d, dijo Kim Daniels, directora de la Iniciativa sobre Pensamiento Social Cat\u00f3lico y Vida P\u00fablica en la Universidad de Georgetown. Debido a eso, \u201ccreo que este viaje volver\u00e1 a centrar la atenci\u00f3n en las periferias y en los vulnerables\u201d.<\/p>\n<p>En un detalle significativo, Le\u00f3n planea pronunciar todos sus discursos en Turqu\u00eda en ingl\u00e9s y en ingl\u00e9s y franc\u00e9s en L\u00edbano, dejando de lado la lengua franca italiana del Vaticano en favor de idiomas que son comprendidos por m\u00e1s personas en esos pa\u00edses.<\/p>\n<p>Todas las miradas estar\u00e1n en la conferencia de prensa a\u00e9rea de Le\u00f3n el 2 de diciembre al regresar a Roma. Estos encuentros improvisados proporcionaron muchas de las frases llamativas de Francisco durante su papado de 12 a\u00f1os, comenzando con su primera en 2013 cuando dijo famosamente \u00ab\u00bfQui\u00e9n soy yo para juzgar?\u201d sobre un sacerdote supuestamente gay.<\/p>\n<p>Le\u00f3n se ha mostrado mucho m\u00e1s prudente y diplom\u00e1tico que su predecesor. Pero \u201ctal vez haga algo loco como un &#8216;\u00bfQui\u00e9n soy yo para juzgar?\u2019\u201d, dijo Imperatori-Lee.<\/p>\n<p>Un momento importante en las relaciones cat\u00f3lico-ortodoxas<\/p>\n<p>El principal impulso para viajar a Turqu\u00eda, la primera parada en el viaje del 27 de noviembre al 2 de diciembre, es conmemorar el 1.700 aniversario del Concilio de Nicea, el primer concilio ecum\u00e9nico del cristianismo.<\/p>\n<p>Le\u00f3n rezar\u00e1 con el patriarca ecum\u00e9nico Bartolom\u00e9, l\u00edder espiritual de los cristianos ortodoxos del mundo, en el sitio de la reuni\u00f3n del a\u00f1o 325 d.C. \u2014la actual Iznik\u2014 y firmar\u00e1 una declaraci\u00f3n conjunta en un signo visible de unidad cristiana.<\/p>\n<p>Las iglesias orientales y occidentales estuvieron unidas hasta el Gran Cisma de 1054, una divisi\u00f3n precipitada en gran medida por desacuerdos sobre la primac\u00eda del papa.<\/p>\n<p>\u201cTodos entendemos que 1.000 a\u00f1os de divisi\u00f3n han infligido una herida profunda que no puede ser sanada f\u00e1cilmente\u201d, dijo Bartolom\u00e9 recientemente al respetado diario griego Kathimerini. \u201cTenemos la obligaci\u00f3n, sin embargo, de esforzarnos por sanar esa herida, reparar las lesiones, cerrar las distancias y restaurar la unidad\u201d.<\/p>\n<p>Una oportunidad para hablar sobre la paz en Oriente Medio<\/p>\n<p>La visita tambi\u00e9n ofrecer\u00e1 a Le\u00f3n varias ocasiones para hablar sobre las tensiones regionales en general, las relaciones cat\u00f3lico-musulmanas y la menguante presencia de cristianos en Oriente Medio.<\/p>\n<p>El clero en la regi\u00f3n dice que el fuerte apoyo del Vaticano a los palestinos en Gaza durante la guerra de Israel, primero bajo Francisco y ahora Le\u00f3n, ha reforzado la credibilidad de la Iglesia entre los musulmanes de a pie.<\/p>\n<p>\u201cEn un momento en que muchas potencias occidentales dudaron sobre la cuesti\u00f3n de Gaza, Francisco \u2014y luego Le\u00f3n\u2014 fue muy firme. No fue a Gaza, pero todo lo que pudo haber dicho parece que lo dijo\u201d, dijo el reverendo Paolo Pugliese, superior de los frailes capuchinos en Turqu\u00eda.<\/p>\n<p>Sin embargo, los conflictos regionales no han disminuido: Israel lanz\u00f3 un ataque a\u00e9reo en la capital de L\u00edbano el domingo que mat\u00f3 al jefe de personal de Hezbollah y a otras cuatro personas.<\/p>\n<p>Se espera que la seguridad sea estricta<\/p>\n<p>El ataque reforz\u00f3 las preocupaciones de seguridad que a menudo acompa\u00f1an los viajes papales. Pero los organizadores insistieron en que Le\u00f3n estar\u00eda seguro.<\/p>\n<p>\u201cSucedi\u00f3, pero no afecta los lugares o a d\u00f3nde va el papa\u201d, dijo el obispo George Bacouni, arzobispo de la Arqueparqu\u00eda Greco-Cat\u00f3lica Melquita de Beirut.<\/p>\n<p>El Vaticano dijo que no se hab\u00edan tomado medidas de seguridad adicionales, aunque el portavoz Matteo Bruni se neg\u00f3 a decir si los autos y papam\u00f3viles de Le\u00f3n eran a prueba de balas.<\/p>\n<p>Significativamente, Le\u00f3n no visitar\u00e1 el sur de L\u00edbano, golpeado por la guerra del a\u00f1o pasado entre Israel y el grupo pol\u00edtico y militar liban\u00e9s Hezbollah y donde se han registrado ataques israel\u00edes m\u00e1s fuertes en las \u00faltimas semanas. Grupos cristianos en el sur de L\u00edbano hab\u00edan presionado para que el papa visitara el \u00e1rea y circularon una nueva petici\u00f3n justo esta semana.<\/p>\n<p>A lo sumo, Le\u00f3n podr\u00eda ser molestado en Beirut por drones israel\u00edes que vuelan por encima, dijeron los organizadores.<\/p>\n<p>Una oraci\u00f3n en el sitio de la explosi\u00f3n del puerto<\/p>\n<p>El punto culminante de la visita a L\u00edbano llega el \u00faltimo d\u00eda, el 2 de diciembre, cuando est\u00e1 previsto que realice una oraci\u00f3n silenciosa en el sitio de la explosi\u00f3n del puerto de Beirut del 4 de agosto de 2020.<\/p>\n<p>La explosi\u00f3n arras\u00f3 la capital libanesa, matando al menos a 218 personas, hiriendo a m\u00e1s de 6.000 y devastando grandes extensiones de Beirut. La detonaci\u00f3n, provocada cuando cientos de toneladas de nitrato de amonio detonaron en un almac\u00e9n, caus\u00f3 miles de millones de d\u00f3lares en da\u00f1os.<\/p>\n<p>Los ciudadanos libaneses se enfurecieron por la explosi\u00f3n, que parec\u00eda ser el resultado de la negligencia del gobierno, sum\u00e1ndose a una crisis econ\u00f3mica provocada por d\u00e9cadas de corrupci\u00f3n y delitos financieros. Pero la investigaci\u00f3n se ha estancado repetidamente, y cinco a\u00f1os despu\u00e9s, ning\u00fan funcionario ha sido condenado.<\/p>\n<p>Hay esperanzas entre los libaneses de que Le\u00f3n exija responsabilidad a la clase pol\u00edtica de L\u00edbano e insista en que no puede haber paz sin verdad y justicia.<\/p>\n<p>Tal apelaci\u00f3n \u201cpodr\u00eda sacudir a nuestros diversos l\u00edderes pol\u00edticos, porque seguimos viviendo bajo la presi\u00f3n de una crisis social, una crisis econ\u00f3mica, en un pa\u00eds donde los diversos l\u00edderes no escuchan ni el clamor de los pobres, ni el clamor de los desafortunados, ni el clamor de los ciudadanos\u201d, dijo monse\u00f1or Cesar Essayan, vicario apost\u00f3lico de Beirut para los cat\u00f3licos de rito latino.<\/p>\n<p>Otro momento importante llegar\u00e1 cuando Le\u00f3n se re\u00fana con j\u00f3venes libaneses. Se espera que les d\u00e9 palabras de aliento, tras d\u00e9cadas de huida de libaneses al extranjero, al tiempo que reconoce su desilusi\u00f3n por los fracasos de los adultos.<\/p>\n<p>\u201cMuchas familias sienten que est\u00e1n sobreviviendo d\u00eda a d\u00eda con muy poca visibilidad sobre el futuro\u201d, dijo Marielle Boutros, coordinadora de proyectos en L\u00edbano para Ayuda a la Iglesia Necesitada, una organizaci\u00f3n ben\u00e9fica cat\u00f3lica. \u201cAs\u00ed que esta visita de su santidad no es simplemente simb\u00f3lica. Es un signo realmente concreto de que L\u00edbano no est\u00e1 olvidado\u201d.<\/p>\n<p>___<\/p>\n<p>La cobertura de religi\u00f3n de Associated Press recibe apoyo a trav\u00e9s de la colaboraci\u00f3n de AP con The Conversation US, con financiaci\u00f3n de Lilly Endowment Inc. AP es el \u00fanico responsable de este contenido.<\/p>\n<p>___<\/p>\n<p>Esta historia fue traducida del ingl\u00e9s por un editor de AP con la ayuda de una herramienta de inteligencia artificial generativa<\/p>\n","protected":false},"excerpt":{"rendered":"CIUDAD DEL VATICANO (AP) \u2014 El papa Le\u00f3n XIV emprend\u00eda el jueves su primer viaje al extranjero, una&hellip;\n","protected":false},"author":2,"featured_media":256676,"comment_status":"","ping_status":"","sticky":false,"template":"","format":"standard","meta":{"footnotes":""},"categories":[42],"tags":[17,18,13,14,1714,11,61,62,63,64,19,20,9,10,15,16,399,5603,12,21,22,65,66,67],"class_list":{"0":"post-256675","1":"post","2":"type-post","3":"status-publish","4":"format-standard","5":"has-post-thumbnail","7":"category-internacional","8":"tag-breaking-news","9":"tag-breakingnews","10":"tag-featured-news","11":"tag-featurednews","12":"tag-general-news","13":"tag-headlines","14":"tag-internacional","15":"tag-international","16":"tag-international-news","17":"tag-internationalnews","18":"tag-latest-news","19":"tag-latestnews","20":"tag-news","21":"tag-noticias","22":"tag-noticias-destacadas","23":"tag-noticiasdestacadas","24":"tag-papa-francisco","25":"tag-religion","26":"tag-titulares","27":"tag-ultimas-noticias","28":"tag-ultimasnoticias","29":"tag-world","30":"tag-world-news","31":"tag-worldnews"},"share_on_mastodon":{"url":"https:\/\/pubeurope.com\/@es\/115615838130552300","error":""},"_links":{"self":[{"href":"https:\/\/www.europesays.com\/es\/wp-json\/wp\/v2\/posts\/256675","targetHints":{"allow":["GET"]}}],"collection":[{"href":"https:\/\/www.europesays.com\/es\/wp-json\/wp\/v2\/posts"}],"about":[{"href":"https:\/\/www.europesays.com\/es\/wp-json\/wp\/v2\/types\/post"}],"author":[{"embeddable":true,"href":"https:\/\/www.europesays.com\/es\/wp-json\/wp\/v2\/users\/2"}],"replies":[{"embeddable":true,"href":"https:\/\/www.europesays.com\/es\/wp-json\/wp\/v2\/comments?post=256675"}],"version-history":[{"count":0,"href":"https:\/\/www.europesays.com\/es\/wp-json\/wp\/v2\/posts\/256675\/revisions"}],"wp:featuredmedia":[{"embeddable":true,"href":"https:\/\/www.europesays.com\/es\/wp-json\/wp\/v2\/media\/256676"}],"wp:attachment":[{"href":"https:\/\/www.europesays.com\/es\/wp-json\/wp\/v2\/media?parent=256675"}],"wp:term":[{"taxonomy":"category","embeddable":true,"href":"https:\/\/www.europesays.com\/es\/wp-json\/wp\/v2\/categories?post=256675"},{"taxonomy":"post_tag","embeddable":true,"href":"https:\/\/www.europesays.com\/es\/wp-json\/wp\/v2\/tags?post=256675"}],"curies":[{"name":"wp","href":"https:\/\/api.w.org\/{rel}","templated":true}]}}