{"id":256692,"date":"2025-11-26T12:01:09","date_gmt":"2025-11-26T12:01:09","guid":{"rendered":"https:\/\/www.europesays.com\/es\/256692\/"},"modified":"2025-11-26T12:01:09","modified_gmt":"2025-11-26T12:01:09","slug":"ana-rosa-quintana-se-ausenta-de-su-programa-por-motivos-personales","status":"publish","type":"post","link":"https:\/\/www.europesays.com\/es\/256692\/","title":{"rendered":"Ana Rosa Quintana se ausenta de su programa por \u00abmotivos personales\u00bb"},"content":{"rendered":"<p class=\"c-paragraph\">La presentadora <a href=\"https:\/\/www.20minutos.es\/tags\/personas\/ana-rosa-quintana.html\" title=\"Ana Rosa Quintana\" rel=\"nofollow noopener\" target=\"_blank\">Ana Rosa Quintana<\/a> se ha ausentado este mi\u00e9rcoles del programa que lleva su nombre, <a href=\"https:\/\/www.20minutos.es\/tags\/temas\/el-programa-de-ana-rosa.html\" title=\"El programa de Ana Rosa\" rel=\"nofollow noopener\" target=\"_blank\">El programa de Ana Rosa<\/a>, por <b>una \u00abcuesti\u00f3n personal\u00bb<\/b>, seg\u00fan ha sabido este medio, ineludible, pero sin revestir gravedad.\u00a0<\/p>\n<p class=\"c-paragraph\">Fue el <b>presentador Jano Mecha el que ha ocupado el papel de conductor del magac\u00edn <\/b>de actualidad de Telecinco, que continu\u00f3 sin novedad durante la ma\u00f1ana.\u00a0<\/p>\n<p class=\"c-paragraph\">El Programa de Ana Rosa volv\u00eda a la parrilla\u00a0el febrero pasado,<b> cuando Telecinco anunci\u00f3 que Ana Rosa volver\u00eda a las ma\u00f1anas<\/b> al frente de El programa de Ana Rosa.<\/p>\n<p class=\"c-paragraph\">Ese regreso se enmarcaba dentro de una reorganizaci\u00f3n de la franja matinal: junto a El programa de Ana Rosa est\u00e1n ahora tambi\u00e9n La mirada cr\u00edtica, que le precede y Vamos a ver, a partir de las 13.30 h.<\/p>\n","protected":false},"excerpt":{"rendered":"La presentadora Ana Rosa Quintana se ha ausentado este mi\u00e9rcoles del programa que lleva su nombre, El programa&hellip;\n","protected":false},"author":2,"featured_media":256693,"comment_status":"","ping_status":"","sticky":false,"template":"","format":"standard","meta":{"footnotes":""},"categories":[171],"tags":[683,22282,146,147,25,24,27011,2465,7745,23,214],"class_list":{"0":"post-256692","1":"post","2":"type-post","3":"status-publish","4":"format-standard","5":"has-post-thumbnail","7":"category-tv","8":"tag-ana","9":"tag-ausenta","10":"tag-entertainment","11":"tag-entretenimiento","12":"tag-es","13":"tag-espana","14":"tag-quintana","15":"tag-rosa","16":"tag-se","17":"tag-spain","18":"tag-tv"},"share_on_mastodon":{"url":"https:\/\/pubeurope.com\/@es\/115615897146368029","error":""},"_links":{"self":[{"href":"https:\/\/www.europesays.com\/es\/wp-json\/wp\/v2\/posts\/256692","targetHints":{"allow":["GET"]}}],"collection":[{"href":"https:\/\/www.europesays.com\/es\/wp-json\/wp\/v2\/posts"}],"about":[{"href":"https:\/\/www.europesays.com\/es\/wp-json\/wp\/v2\/types\/post"}],"author":[{"embeddable":true,"href":"https:\/\/www.europesays.com\/es\/wp-json\/wp\/v2\/users\/2"}],"replies":[{"embeddable":true,"href":"https:\/\/www.europesays.com\/es\/wp-json\/wp\/v2\/comments?post=256692"}],"version-history":[{"count":0,"href":"https:\/\/www.europesays.com\/es\/wp-json\/wp\/v2\/posts\/256692\/revisions"}],"wp:featuredmedia":[{"embeddable":true,"href":"https:\/\/www.europesays.com\/es\/wp-json\/wp\/v2\/media\/256693"}],"wp:attachment":[{"href":"https:\/\/www.europesays.com\/es\/wp-json\/wp\/v2\/media?parent=256692"}],"wp:term":[{"taxonomy":"category","embeddable":true,"href":"https:\/\/www.europesays.com\/es\/wp-json\/wp\/v2\/categories?post=256692"},{"taxonomy":"post_tag","embeddable":true,"href":"https:\/\/www.europesays.com\/es\/wp-json\/wp\/v2\/tags?post=256692"}],"curies":[{"name":"wp","href":"https:\/\/api.w.org\/{rel}","templated":true}]}}