{"id":256694,"date":"2025-11-26T12:02:12","date_gmt":"2025-11-26T12:02:12","guid":{"rendered":"https:\/\/www.europesays.com\/es\/256694\/"},"modified":"2025-11-26T12:02:12","modified_gmt":"2025-11-26T12:02:12","slug":"espido-freire-tu-cuerpo-en-braille-es-una-mini-cumbres-borrascosas-con-cierta-base-musical","status":"publish","type":"post","link":"https:\/\/www.europesays.com\/es\/256694\/","title":{"rendered":"Espido Freire: \u00ab&#8216;Tu cuerpo en braille&#8217; es una mini &#8216;Cumbres borrascosas&#8217; con cierta base musical\u00bb"},"content":{"rendered":"<p><a title=\"Espido Freire\" href=\"https:\/\/www.europafm.com\/temas\/espido_freire-1\" target=\"_blank\" rel=\"nofollow noopener\"><b>Espido Freire<\/b><\/a> ten\u00eda un encargo para este martes en <a title=\"Cuerpos especiales\" href=\"https:\/\/www.europafm.com\/programas\/cuerpos-especiales\/\" target=\"_blank\" rel=\"nofollow noopener\"><b>Cuerpos especiales<\/b><\/a>. A la escritora se le asign\u00f3 el cometido de analizar <a title=\"Tu cuerpo en braille\" href=\"https:\/\/www.europafm.com\/noticias\/musica\/seis-curiosidades-cuerpo-braille-nil-moliner-sonido-canto-loco-pereza-relacion-toxica-40-minutos-ascensor_202508066891f5d95f8fa325be206702.html\" target=\"_blank\" rel=\"nofollow noopener\"><b>Tu cuerpo en braille<\/b><\/a>, de <a title=\"Nil Moliner\" href=\"https:\/\/www.europafm.com\/temas\/nil_moliner-1\" target=\"_blank\" rel=\"nofollow noopener\"><b>Nil Moliner<\/b><\/a>, pr\u00f3ximo protagonista del <a title=\"Local de Ensayo Europa FM\" href=\"https:\/\/www.europafm.com\/concursos\/nil-moliner-cumple-promesa-viene-local-ensayo-europa_202511136915894f360d0840bcd54650.html\" target=\"_blank\" rel=\"nofollow noopener\"><b>Local de Ensayo Europa FM<\/b><\/a>.<\/p>\n<p><b>\u00ab\u00a1Por fin os pon\u00e9is rom\u00e1nticos!\u00bb,<\/b> ha dicho nada m\u00e1s empezar la secci\u00f3n en la que ha encontrado un cierto paralelismo entre el tema y <b>Cumbres borrascosas<\/b> de <b>Emily Bront\u00eb<\/b>. \u00abEsta canci\u00f3n va directa a la garganta. Es la cr\u00f3nica de un enganche afectivo que se vive como una posesi\u00f3n, casi como un hechizo\u00bb, ha apuntado.<\/p>\n<blockquote class=\"articleQuote\"><p>\u00abEs la cr\u00f3nica de un enganche afectivo que se vive como una posesi\u00f3n\u00bb <\/p><\/blockquote>\n<p>Tu cuerpo en braille arranca con un sobrenatural. \u00abHay un enganche. Basta que ella lo mire para que el tipo en cuesti\u00f3n entre en combusti\u00f3n\u00bb, ha seguido la escritora, se\u00f1alando que lo alucinante es que <b>\u00ab\u00e9l lo acepta con entrega masoquista\u00bb<\/b>. \u00abY, aunque el estribillo, sea vuestra parte favorita, \u00bfrecord\u00e1is c\u00f3mo aparece descrita ella?\u00bb, ha preguntado a <a title=\"Eva Soriano\" href=\"https:\/\/www.europafm.com\/temas\/eva_soriano-1\" target=\"_blank\" rel=\"nofollow noopener\"><b>Eva Soriano<\/b><\/a> y <a title=\"Nacho Garc\u00eda\" href=\"https:\/\/www.europafm.com\/temas\/nacho_garcia-1\" target=\"_blank\" rel=\"nofollow noopener\"><b>Nacho Garc\u00eda<\/b><\/a>.<\/p>\n<p>\u00abElla aparece como una criatura de sombra, una criminal que apu\u00f1ala en silencio, \u00e9l sabe que lo va a matar a cachitos. No solo lo hiere cuando es ella misma, lo hiere tambi\u00e9n cuando lo miente. Ella se convierte en una navaja y en un espejo, lo destruye y lo revela, es una joya t\u00f3xica\u00bb, ha seguido sobre el estribillo. \u00abVersos a la luna y \u00e9l convertido en hombre lobo que lo ha pedido todo\u00bb.<\/p>\n<p>Y seguir\u00e9 cantando versos a la luna<\/p>\n<p>Que me recuerde el vaiv\u00e9n de tu cintura<\/p>\n<p>Un hombre lobo que lo ha perdido todo<\/p>\n<p>Me faltas t\u00fa y me desangro poco a poco<\/p>\n<p>Un dejav\u00fa que me tiene un poco roto<\/p>\n<p>Siempre lo mismo que ya me sabe a poco<\/p>\n<p>Un hombre lobo que lo ha perdido todo<\/p>\n<p>Me faltas t\u00fa y me desangro poco a poco<\/p>\n<p>\u00abEste es el giro m\u00e1gico. El de ese hombre lobo que lo ha perdido todo. El desamor como licantrop\u00eda\u00bb, ha a\u00f1adido la novelista. \u00abAdem\u00e1s, la herida es lenta, \u00e9l dice me desangro poco a poco\u00bb, ha a\u00f1adido para relacionar el tema directamente con la novela de Emily Bront\u00eb. \u00abSi colocas a Heathcliff junto al protagonista de la canci\u00f3n <b>son primos hermanos<\/b> que se quedaron traumatizados en la misma noche de tormenta\u00bb.<\/p>\n<blockquote class=\"articleQuote\"><p>Heathcliff y el protagonista de la canci\u00f3n son primos hermanos que se quedaron traumatizados en la misma noche de tormenta\u00bb <\/p><\/blockquote>\n<p>Heathcliff no ama a Catherine, la invade. \u00abLa tiene incrustada bajo la piel igual que ese hombre lobo tiene a esa criminal silenciosa\u00bb, ha dicho Espido Freire.<\/p>\n<p>En resumen: <b>\u00ab&#8216;La canci\u00f3n es una mini Cumbres borrascosas con cierta base musical\u00bb.<\/b> \u00abLa historia de un hombre que se desangra porque su amor se ha vuelto una condena\u00bb, ha concluido feliz de tener que analizar este tema que por fin le ha dejado lucirse y que tambi\u00e9n le ha recordado a Lobezno, un personaje m\u00e1s actual.<\/p>\n<blockquote class=\"articleQuote\"><p>\u00abChicos, aprended, no os dej\u00e9is el alma en jirones, la cosa acaba siempre fatal\u00bb <\/p><\/blockquote>\n<p>\u00abLa moraleja de todo esto es: Chicos, aprended, no os dej\u00e9is el alma a jirones, la cosa acaba siempre fatal. Eso dejadlo para la m\u00fasica\u00bb, ha dicho antes de conocer la canci\u00f3n e la pr\u00f3xima semana. El pr\u00f3ximo martes le toca Torero de Chayanne.<\/p>\n<p>La letra de &#8216;Tu cuerpo en braille&#8217; de Nil Moliner<\/p>\n<p>Es sobrenatural<\/p>\n<p>Con tan solo mirarme<\/p>\n<p>Puede reventar y tirarme por los aires<\/p>\n<p>No lo veo mal cuando entienda este desastre<\/p>\n<p>Vuelvo a mirarla<\/p>\n<p>Vuelvo a buscarla<\/p>\n<p>Es una criminal<\/p>\n<p>Que apu\u00f1ala en silencio<\/p>\n<p>Mata su mitad<\/p>\n<p>Y la otra cuando miento<\/p>\n<p>Si vuelve a pasar<\/p>\n<p>Mira a ver si me despierto<\/p>\n<p>Vuelvo a mirarla<\/p>\n<p>Vuelvo a buscarla<\/p>\n<p>Y seguir\u00e9 cantando versos a la luna<\/p>\n<p>Que me recuerde el vaiv\u00e9n de tu cintura<\/p>\n<p>Un hombre lobo que lo ha perdido todo<\/p>\n<p>Me faltas t\u00fa y me desangro poco a poco<\/p>\n<p>Un dejav\u00fa que me tiene un poco roto<\/p>\n<p>Siempre lo mismo que ya me sabe a poco<\/p>\n<p>Un hombre lobo que lo ha perdido todo<\/p>\n<p>Me faltas t\u00fa y me desangro poco a poco<\/p>\n<p>Es una conexi\u00f3n<\/p>\n<p>Con tan solo tocarme<\/p>\n<p>Sabe c\u00f3mo hacerlo pa&#8217; morirme al instante<\/p>\n<p>Y no soy capaz de aguantar este desastre<\/p>\n<p>Vuelvo a mirarla<\/p>\n<p>Vuelvo a buscarla<\/p>\n<p>Una interpretaci\u00f3n de leer su cuerpo en braille<\/p>\n<p>Una alucinaci\u00f3n de que pueda reventarme<\/p>\n<p>Si vuelve a pasar mira a ver si me despierto<\/p>\n<p>Vuelvo a mirarla<\/p>\n<p>Vuelvo a buscarla<\/p>\n<p>Y seguir\u00e9 cantando versos a la luna<\/p>\n<p>Que me recuerde el vaiv\u00e9n de tu cintura<\/p>\n<p>Un hombre lobo que lo ha perdido todo<\/p>\n<p>Me faltas t\u00fa y me desangro poco a poco<\/p>\n<p>Un dejav\u00fa que me tiene un poco roto<\/p>\n<p>Siempre lo mismo que ya me sabe a poco<\/p>\n<p>Un hombre lobo que lo ha perdido todo<\/p>\n<p>Me faltas t\u00fa y me desangro poco a poco<\/p>\n<p>Me faltas t\u00fa<\/p>\n<p>Me faltas t\u00fa<\/p>\n<p>Y seguir\u00e9 cantando versos a la luna<\/p>\n<p>Que me recuerde el vaiv\u00e9n de tu cintura<\/p>\n<p>Un hombre lobo que lo ha perdido todo<\/p>\n<p>Me faltas t\u00fa y me desangro poco a poco<\/p>\n<p>Y seguir\u00e9 cantando versos a la luna<\/p>\n<p>Que me recuerde el vaiv\u00e9n de tu cintura<\/p>\n<p>Un hombre lobo que lo ha perdido todo<\/p>\n<p>Me faltas t\u00fa y me desangro poco a poco<\/p>\n<p>Un dejav\u00fa que me tiene un poco roto<\/p>\n<p>Siempre lo mismo que ya me sabe a poco<\/p>\n<p>Un hombre lobo que lo ha perdido todo<\/p>\n<p>Me faltas t\u00fa y me desangro poco a poco<\/p>\n","protected":false},"excerpt":{"rendered":"Espido Freire ten\u00eda un encargo para este martes en Cuerpos especiales. A la escritora se le asign\u00f3 el&hellip;\n","protected":false},"author":2,"featured_media":256695,"comment_status":"","ping_status":"","sticky":false,"template":"","format":"standard","meta":{"footnotes":""},"categories":[170],"tags":[146,147,25,24,184,185,23],"class_list":{"0":"post-256694","1":"post","2":"type-post","3":"status-publish","4":"format-standard","5":"has-post-thumbnail","7":"category-musica","8":"tag-entertainment","9":"tag-entretenimiento","10":"tag-es","11":"tag-espana","12":"tag-music","13":"tag-musica","14":"tag-spain"},"share_on_mastodon":{"url":"https:\/\/pubeurope.com\/@es\/115615901009860200","error":""},"_links":{"self":[{"href":"https:\/\/www.europesays.com\/es\/wp-json\/wp\/v2\/posts\/256694","targetHints":{"allow":["GET"]}}],"collection":[{"href":"https:\/\/www.europesays.com\/es\/wp-json\/wp\/v2\/posts"}],"about":[{"href":"https:\/\/www.europesays.com\/es\/wp-json\/wp\/v2\/types\/post"}],"author":[{"embeddable":true,"href":"https:\/\/www.europesays.com\/es\/wp-json\/wp\/v2\/users\/2"}],"replies":[{"embeddable":true,"href":"https:\/\/www.europesays.com\/es\/wp-json\/wp\/v2\/comments?post=256694"}],"version-history":[{"count":0,"href":"https:\/\/www.europesays.com\/es\/wp-json\/wp\/v2\/posts\/256694\/revisions"}],"wp:featuredmedia":[{"embeddable":true,"href":"https:\/\/www.europesays.com\/es\/wp-json\/wp\/v2\/media\/256695"}],"wp:attachment":[{"href":"https:\/\/www.europesays.com\/es\/wp-json\/wp\/v2\/media?parent=256694"}],"wp:term":[{"taxonomy":"category","embeddable":true,"href":"https:\/\/www.europesays.com\/es\/wp-json\/wp\/v2\/categories?post=256694"},{"taxonomy":"post_tag","embeddable":true,"href":"https:\/\/www.europesays.com\/es\/wp-json\/wp\/v2\/tags?post=256694"}],"curies":[{"name":"wp","href":"https:\/\/api.w.org\/{rel}","templated":true}]}}