{"id":256698,"date":"2025-11-26T12:04:08","date_gmt":"2025-11-26T12:04:08","guid":{"rendered":"https:\/\/www.europesays.com\/es\/256698\/"},"modified":"2025-11-26T12:04:08","modified_gmt":"2025-11-26T12:04:08","slug":"lamine-yamal-la-comparacion-con-estevao-y-la-corona-perdida-en-stamford-bridge-futbol-deportes","status":"publish","type":"post","link":"https:\/\/www.europesays.com\/es\/256698\/","title":{"rendered":"Lamine Yamal, la comparaci\u00f3n con Estev\u00e3o y la corona perdida en Stamford Bridge | F\u00fatbol | Deportes"},"content":{"rendered":"<p class=\"\"><a href=\"https:\/\/elpais.com\/deportes\/futbol\/2025-11-22\/la-fiesta-redonda-del-barca-en-el-dia-del-regreso-al-camp-nou.html\" target=\"_blank\" rel=\"noreferrer nofollow noopener\" title=\"https:\/\/elpais.com\/deportes\/futbol\/2025-11-22\/la-fiesta-redonda-del-barca-en-el-dia-del-regreso-al-camp-nou.html\">El Barcelona de Hansi Flick aspiraba este curso a reconquistar Europa<\/a> despu\u00e9s de quedarse con los tres t\u00edtulos de Espa\u00f1a la campa\u00f1a pasada \u2014Liga, Copa y Supercopa\u2014 y tras caer en la semifinal de la Champions frente al Inter. Lamine Yamal tambi\u00e9n quer\u00eda subir un pelda\u00f1o m\u00e1s en su precoz y medi\u00e1tica carrera. Ambos, una simbiosis imprescindible para el \u00e9xito azulgrana, siguen en la sala de espera. El Bar\u00e7a del alem\u00e1n no carbura, mientras que Lamine alterna buenas con malas actuaciones: por momentos est\u00e1 despistado, en otros enchufado; siempre tan canchero en redes cuando se avecina el \u00e9xito como enfadado en el campo cuando todo se tuerce.<\/p>\n<p>M\u00e1s informaci\u00f3n<\/p>\n<p class=\"\"><a href=\"https:\/\/elpais.com\/deportes\/futbol\/2025-11-11\/lamine-causa-baja-con-la-seleccion-por-sus-molestias-en-el-pubis-y-se-reactiva-la-trifulca-entre-el-barca-y-la-federacion.html\" target=\"_blank\" rel=\"noreferrer nofollow noopener\" title=\"https:\/\/elpais.com\/deportes\/futbol\/2025-11-11\/lamine-causa-baja-con-la-seleccion-por-sus-molestias-en-el-pubis-y-se-reactiva-la-trifulca-entre-el-barca-y-la-federacion.html\">Lamine Yamal no intent\u00f3 disimular su rabia cuando Hansi Flick<\/a> lo reemplaz\u00f3 en el minuto 80. Molesto en el banquillo despu\u00e9s de ser tapado en el campo por Cucurella \u2014\u201cLo tiene en el bolsillo\u201d, brome\u00f3 el portero del Chelsea Robert S\u00e1nchez\u2014y se\u00f1alado por la afici\u00f3n del cuadro de Londres. \u201cYou\u2019re just a shit Estev\u00e3o\u201d, le cantaron. Para ser suaves, le ven\u00edan a decir que era un Estev\u00e3o malo.<\/p>\n<p class=\"\">La comparaci\u00f3n con Estev\u00e3o no es balad\u00ed: los dos aspiran a dominar el f\u00fatbol en los pr\u00f3ximos a\u00f1os. Son zurdos y tienen 18 a\u00f1os. Hoy sus caminos se cruzan, cuando el pasado estuvo cerca de mezclarlos como azulgranas. En 2021, cuando el brasile\u00f1o ten\u00eda 14 a\u00f1os, los scoutings del club azulgrana en Brasil advirtieron que despuntaba un talento destinado a codearse con la \u00e9lite del f\u00fatbol mundial. La propuesta era sencilla: traerlo peri\u00f3dicamente para entrenar y asegurar una relaci\u00f3n que facilitara su llegada cuando cumpliera los 18. El Bar\u00e7a no movi\u00f3 ficha. Con la llegada de Deco, el nombre se reactiv\u00f3 cada temporada, pero la respuesta siempre fue id\u00e9ntica: no hab\u00eda dinero para apostar por un chico de 16 a\u00f1os. El \u00faltimo ofrecimiento, 30 millones m\u00e1s variables, tampoco tent\u00f3 a nadie.<\/p>\n<p class=\"\"><a href=\"https:\/\/elpais.com\/deportes\/2025-03-04\/la-maleta-de-vitor-roque.html\" target=\"_blank\" rel=\"noreferrer nofollow noopener\" title=\"https:\/\/elpais.com\/deportes\/2025-03-04\/la-maleta-de-vitor-roque.html\">La situaci\u00f3n se tens\u00f3 tras el caso Vitor Roque<\/a>. Seg\u00fan Andr\u00e9 Cury, por entonces responsable del Bar\u00e7a en Brasil, el trato recibido por el delantero deterior\u00f3 la confianza. El agente sudamericano, seg\u00fan explic\u00f3 en la Cadena SER, fue claro con la familia del joven brasile\u00f1o: \u201cNo iremos al Barcelona; mirad c\u00f3mo tratan a mis jugadores\u201d. El futbolista termin\u00f3 fichando por el Chelsea por 45 millones m\u00e1s 20 en variables, operaci\u00f3n que, seg\u00fan Cury, frustr\u00f3 un seguimiento de cinco a\u00f1os ignorado por el Bar\u00e7a.<\/p>\n<p class=\"\">Este mi\u00e9rcoles por la ma\u00f1ana, la prensa inglesa ensalz\u00f3 al brasile\u00f1o, pero sin olvidarse de Lamine. \u201cEstev\u00e3o eclipsa a Lamine Yamal y demuestra por qu\u00e9 es el diamante raro del Chelsea\u201d, public\u00f3 The Guardian. Y The Times fue un poco m\u00e1s all\u00e1: \u201c\u00bfQui\u00e9n es Lamine? Estev\u00e3o destroza al Barcelona en una noche impresionante para el Chelsea.\u201d<\/p>\n<p class=\"\">El liderazgo de Lamine no apareci\u00f3 en Stamford Bridge. Sin un capit\u00e1n claro en la plantilla \u2014Lewandowski va a su bola y De Jong no se lo termina de creer, mientras que Araujo sigue tan perdido como ansioso\u2014, el 10 carga (y pide cargar) demasiados galones para su corta edad. Flick lo sabe: por eso le deja pasar algunos deslices. Hay en el club quienes piensan que ya son muchos; otros, en cambio, lo justifican: \u201cTiene que aprender a gestionar su vida y su juego. No lo parece, pero es un chaval. Lo vamos a ayudar\u201d, comentan en el \u00e1rea deportiva del Barcelona.<\/p>\n<p class=\"\">La gesti\u00f3n de Lamine, en cualquier caso, no es el \u00fanico problema de Hansi Flick. \u00c9l se muestra optimista: \u201cVeremos un Bar\u00e7a mejor en el futuro. El equipo es diferente al de hace seis semanas\u201d. Seg\u00fan el t\u00e9cnico, la plantilla comienza a recuperar a los lesionados \u2014solo quedan en la enfermer\u00eda Gavi, Pedri y Ter Stegen\u2014 y la calidad de los entrenamientos mejorar\u00e1 el rendimiento del equipo. La presi\u00f3n, sin embargo, ha bajado la intensidad de la misma manera que la defensa se pierde a la hora de tirar la l\u00ednea. El equipo no es regular, por ahora derrotado en las grandes citas: cay\u00f3 en el Santiago Bernab\u00e9u en LaLiga, no pudo decir ni p\u00edo ante el PSG y el Chelsea en la Liga de Campeones.<\/p>\n<p class=\"\">En el calendario europeo del Bar\u00e7a aparecen el Eintracht Frankfurt (9 de diciembre), Slavia Praga (21 de enero) y el Copenhague (28 de enero). Para suerte de la defensa del Barcelona \u2014con Flick al mando solo ha dejado la porter\u00eda a cero en un solo partido en Europa, contra el Benfica el curso pasado\u2014, solo tendr\u00e1 que viajar a la Rep\u00fablica Checa. Si gana los tres duelos, alcanzar\u00e1 los 16 puntos en la fase de grupos de la Champions, en principio suficientes para terminar entre los ocho primeros.<\/p>\n<p class=\"\">Pero el Barcelona parece lejos de reinar en Europa. Y Lamine ya no se pone la corona para celebrar los goles. Lo curioso es que no lo hace porque no piensa que reina, sino porque era un festejo dedicado a su expareja Nicki Nicole. La hinchada del Chelsea, por las dudas, le dej\u00f3 claro qui\u00e9n joven manda en Stamford Bridge.<\/p>\n","protected":false},"excerpt":{"rendered":"El Barcelona de Hansi Flick aspiraba este curso a reconquistar Europa despu\u00e9s de quedarse con los tres t\u00edtulos&hellip;\n","protected":false},"author":2,"featured_media":256699,"comment_status":"","ping_status":"","sticky":false,"template":"","format":"standard","meta":{"footnotes":""},"categories":[93],"tags":[2015,1540,26426,168,927,1539,25,24,881,4970,282,1538,8138,33838,23,167,17500],"class_list":{"0":"post-256698","1":"post","2":"type-post","3":"status-publish","4":"format-standard","5":"has-post-thumbnail","7":"category-deportes","8":"tag-chelsea-fc","9":"tag-competiciones","10":"tag-de-jong","11":"tag-deportes","12":"tag-deportistas","13":"tag-entrenadores","14":"tag-es","15":"tag-espana","16":"tag-fc-barcelona","17":"tag-flick","18":"tag-futbol","19":"tag-futbolistas","20":"tag-lamine-yamal","21":"tag-ronald-araujo","22":"tag-spain","23":"tag-sports","24":"tag-uefa-champions-league"},"share_on_mastodon":{"url":"https:\/\/pubeurope.com\/@es\/115615908831536840","error":""},"_links":{"self":[{"href":"https:\/\/www.europesays.com\/es\/wp-json\/wp\/v2\/posts\/256698","targetHints":{"allow":["GET"]}}],"collection":[{"href":"https:\/\/www.europesays.com\/es\/wp-json\/wp\/v2\/posts"}],"about":[{"href":"https:\/\/www.europesays.com\/es\/wp-json\/wp\/v2\/types\/post"}],"author":[{"embeddable":true,"href":"https:\/\/www.europesays.com\/es\/wp-json\/wp\/v2\/users\/2"}],"replies":[{"embeddable":true,"href":"https:\/\/www.europesays.com\/es\/wp-json\/wp\/v2\/comments?post=256698"}],"version-history":[{"count":0,"href":"https:\/\/www.europesays.com\/es\/wp-json\/wp\/v2\/posts\/256698\/revisions"}],"wp:featuredmedia":[{"embeddable":true,"href":"https:\/\/www.europesays.com\/es\/wp-json\/wp\/v2\/media\/256699"}],"wp:attachment":[{"href":"https:\/\/www.europesays.com\/es\/wp-json\/wp\/v2\/media?parent=256698"}],"wp:term":[{"taxonomy":"category","embeddable":true,"href":"https:\/\/www.europesays.com\/es\/wp-json\/wp\/v2\/categories?post=256698"},{"taxonomy":"post_tag","embeddable":true,"href":"https:\/\/www.europesays.com\/es\/wp-json\/wp\/v2\/tags?post=256698"}],"curies":[{"name":"wp","href":"https:\/\/api.w.org\/{rel}","templated":true}]}}