{"id":256712,"date":"2025-11-26T12:16:09","date_gmt":"2025-11-26T12:16:09","guid":{"rendered":"https:\/\/www.europesays.com\/es\/256712\/"},"modified":"2025-11-26T12:16:09","modified_gmt":"2025-11-26T12:16:09","slug":"ojo-a-su-analisis-sobre-la-ausencia-de-carlos-alcaraz-y-sinner-en-la-copa-davis","status":"publish","type":"post","link":"https:\/\/www.europesays.com\/es\/256712\/","title":{"rendered":"ojo a su an\u00e1lisis sobre la ausencia de Carlos Alcaraz y Sinner en la Copa Davis"},"content":{"rendered":"<p class=\"L6-news-detail__text\">La <b>Copa Davis 2025<\/b> ha culminado en un espect\u00e1culo total con una final entre dos de los mejores pa\u00edses. <b>Espa\u00f1a <\/b>cay\u00f3 ante <b>Italia <\/b>en un <b><a title=\"encuentro apretado que se llevaron los italianos en los duelos individuales\" href=\"https:\/\/www.lasexta.com\/noticias\/deportes\/tenis\/munar-cae-cobolli-espana-despide-davis-pueblo_2025112369235a13df41134465e66080.html\" target=\"_blank\" rel=\"nofollow noopener\">encuentro apretado que se llevaron los italianos en los duelos individuales<\/a><\/b>.<\/p>\n<p class=\"L6-news-detail__text\">Pese a la derrota del combinado capitaneado por <b>David Ferrer<\/b> y las bajas de los dos jugadores m\u00e1s importantes del torneo, <b>Jannik Sinner y Carlos Alcaraz<\/b>, el certamen ha dejado un buen sabor de boca a sus seguidores.<\/p>\n<p class=\"L6-news-detail__text\">Sin embargo, no todo el mundo se fue satisfecho de Bolonia. <b>Feliciano L\u00f3pez<\/b>, director de las Finales de la Copa Davis, lament\u00f3 en la rueda de prensa posterior a la final la <b>ausencia de Jannik y Carlos en el evento<\/b>.<\/p>\n<p class=\"L6-news-detail__text\">\u00abCreo que el hecho de que los mejores jugadores no participen en todos los mejores torneos de tenis del mundo nos afecta a todos, a todos los torneos del a\u00f1o. <b>El calendario est\u00e1 repleto<\/b>. Hay demasiados torneos. <b>Es muy dif\u00edcil para ellos participar en todos<\/b>\u00ab, comentaba L\u00f3pez quej\u00e1ndose del calendario.<\/p>\n<p class=\"L6-news-detail__text\">Incluso, el extenista tambi\u00e9n se\u00f1al\u00f3 que en otro de los torneos m\u00e1s importantes del a\u00f1o, como son los <b>Masters 1000<\/b>, sucedi\u00f3 lo mismo. \u00ab<b>Los Masters 1000 tambi\u00e9n sufren el mismo problema<\/b> porque, al final, ni Carlos, ni Jannik, ni <b>ning\u00fan otro jugador de \u00e9lite del mundo participan<\/b>\u00ab, a\u00f1adi\u00f3 en rueda de prensa.<\/p>\n<p>Un calendario agotador<\/p>\n<p class=\"L6-news-detail__text\">El hecho de que durante el a\u00f1o se celebren decenas de torneos de forma consecutiva hace <b>peligrar la presencia de los mejores tenistas del mundo<\/b> en los eventos m\u00e1s prestigiosos como la Davis a causa de <b><a title=\"agotamiento y lesiones, como ha sido el caso de Alcaraz\" href=\"https:\/\/www.lasexta.com\/noticias\/deportes\/tenis\/carlos-alcaraz-muy-cerca-bajarse-copa-davis_20251118691c32fd39b3f1652bf4e522.html\" target=\"_blank\" rel=\"nofollow noopener\">agotamiento y lesiones, como ha sido el caso de Alcaraz<\/a><\/b>.<\/p>\n<p class=\"L6-news-detail__text\">\u00abEsto ocurre durante todo el a\u00f1o en la mayor\u00eda de los principales eventos de tenis del mundo. No dir\u00eda que somos los \u00fanicos con este problema. <b>Es un problema fundamental del tenis<\/b>. Al haber tantos torneos en el calendario, <b>tienen que ser selectivos al elegir d\u00f3nde jugar<\/b>. No necesariamente est\u00e1 relacionado solo con la Copa Davis\u00bb, concluy\u00f3 Feliciano pidiendo soluciones.<\/p>\n<p class=\"L6-support-news-video__title\">&#8216;Jugones&#8217;<\/p>\n<p>            <a href=\"https:\/\/www.lasexta.com\/noticias\/deportes\/motor\/formula1\/alerta-temporal-vegas-unico-que-sonrie-fernando-alonso_20251120691f6726360d0840bced3509.html\" class=\"L6-news__link\" rel=\"nofollow noopener\" target=\"_blank\"><br \/>\n                Alerta por el temporal en Las Vegas: el \u00fanico que sonr\u00ede es Fernando Alonso<\/p>\n<p class=\"recirculation-video-desc\">Se est\u00e1n produciendo serias inundaciones en Las Vegas a horas de que empiece el Gran Premio de la F\u00f3rmula 1.<\/p>\n<p>            <\/a><\/p>\n","protected":false},"excerpt":{"rendered":"La Copa Davis 2025 ha culminado en un espect\u00e1culo total con una final entre dos de los mejores&hellip;\n","protected":false},"author":2,"featured_media":256713,"comment_status":"","ping_status":"","sticky":false,"template":"","format":"standard","meta":{"footnotes":""},"categories":[274],"tags":[168,25,24,23,167,327,326],"class_list":{"0":"post-256712","1":"post","2":"type-post","3":"status-publish","4":"format-standard","5":"has-post-thumbnail","7":"category-tenis","8":"tag-deportes","9":"tag-es","10":"tag-espana","11":"tag-spain","12":"tag-sports","13":"tag-tenis","14":"tag-tennis"},"share_on_mastodon":{"url":"https:\/\/pubeurope.com\/@es\/115615955896333185","error":""},"_links":{"self":[{"href":"https:\/\/www.europesays.com\/es\/wp-json\/wp\/v2\/posts\/256712","targetHints":{"allow":["GET"]}}],"collection":[{"href":"https:\/\/www.europesays.com\/es\/wp-json\/wp\/v2\/posts"}],"about":[{"href":"https:\/\/www.europesays.com\/es\/wp-json\/wp\/v2\/types\/post"}],"author":[{"embeddable":true,"href":"https:\/\/www.europesays.com\/es\/wp-json\/wp\/v2\/users\/2"}],"replies":[{"embeddable":true,"href":"https:\/\/www.europesays.com\/es\/wp-json\/wp\/v2\/comments?post=256712"}],"version-history":[{"count":0,"href":"https:\/\/www.europesays.com\/es\/wp-json\/wp\/v2\/posts\/256712\/revisions"}],"wp:featuredmedia":[{"embeddable":true,"href":"https:\/\/www.europesays.com\/es\/wp-json\/wp\/v2\/media\/256713"}],"wp:attachment":[{"href":"https:\/\/www.europesays.com\/es\/wp-json\/wp\/v2\/media?parent=256712"}],"wp:term":[{"taxonomy":"category","embeddable":true,"href":"https:\/\/www.europesays.com\/es\/wp-json\/wp\/v2\/categories?post=256712"},{"taxonomy":"post_tag","embeddable":true,"href":"https:\/\/www.europesays.com\/es\/wp-json\/wp\/v2\/tags?post=256712"}],"curies":[{"name":"wp","href":"https:\/\/api.w.org\/{rel}","templated":true}]}}