{"id":256716,"date":"2025-11-26T12:20:10","date_gmt":"2025-11-26T12:20:10","guid":{"rendered":"https:\/\/www.europesays.com\/es\/256716\/"},"modified":"2025-11-26T12:20:10","modified_gmt":"2025-11-26T12:20:10","slug":"el-futbolista-de-la-plantilla-del-recreativo-que-mejor-conoce-a-arzu","status":"publish","type":"post","link":"https:\/\/www.europesays.com\/es\/256716\/","title":{"rendered":"El futbolista de la plantilla del Recreativo que mejor conoce a Arzu"},"content":{"rendered":"<p class=\"voc-p\" style=\"\">Salvo imprevisto en las negociaciones de \u00faltima hora, este mi\u00e9rcoles el <strong>Recreativo de Huelva anunciar\u00e1 el fichaje de Arzu<\/strong> como nuevo t\u00e9cnico en sustituci\u00f3n <a href=\"https:\/\/www.huelva24.com\/albiazules\/24112025-el-recreativo-anuncia-el-cese-de-pedro-morilla\/\" target=\"_blank\" data-voc-vtm-id=\"in-text-traffic\" title=\"del destituido Pedro Morilla\" data-mrf-link=\"www.huelva24.com\" rel=\"nofollow noopener\">del destituido Pedro Morilla<\/a>,<a href=\"https:\/\/www.huelva24.com\/albiazules\/24112025-quien-sera-el-elegido-el-nombre-de-arzu-entre-los-mejor-colocados\/\" target=\"_blank\" data-voc-vtm-id=\"in-text-traffic\" title=\" como ya avanz\u00f3 este diario\" data-mrf-link=\"www.huelva24.com\" rel=\"nofollow noopener\"> como ya avanz\u00f3 este diario<\/a>. El nazareno de 44 a\u00f1os conoce a muchos de los futbolistas de la plantilla albiazul y ha visto bastantes encuentros del Decano esta temporada en la Segunda RFEF.<\/p>\n<p class=\"voc-p\" style=\"\">Posiblemente al que mejor conoce es a <strong>Alberto Vela, pivote y lateral nacido en la localidad sevillana de Lebrija hace 21 a\u00f1os y que coincidi\u00f3 con Arzu<\/strong> en la plantilla del Betis juvenil en la temporada 2022\/23. En dicho curso, Vela disput\u00f3 25 encuentros, 17 de ellos como titular, y el conjunto verdiblanco se proclam\u00f3 <a href=\"https:\/\/www.lapreferente.com\/J262167\/rc-recreativo\/vela.html\" target=\"_blank\" data-voc-vtm-id=\"in-text-traffic\" title=\"campe\u00f3n del grupo IV de la Divisi\u00f3n de Honor\" data-mrf-link=\"www.lapreferente.com\" rel=\"nofollow noopener\">campe\u00f3n del grupo IV de la Divisi\u00f3n de Honor<\/a> con dos puntos de ventaja sobre el Sevilla y cuatro sobre el Almer\u00eda.<\/p>\n<p class=\"voc-p\" style=\"\">Los n\u00fameros del equipo que adiestraba Arzu fueron excelentes, con 27 triunfos, cinco empates y s\u00f3lo dos derrotas, con 82 tantos a favor y 20 en contra. Se midi\u00f3 al propio Recre juvenil, g<strong>an\u00e1ndole en Sevilla por 2-1 y empatando sin goles en la Ciudad Deportiva Decano del F\u00fatbol Espa\u00f1ol<\/strong> en Huelva.<\/p>\n<p class=\"voc-p\" style=\"\">Alberto Vela se form\u00f3 desde que era un chaval en los escalafones inferiores del Real Betis Balompi\u00e9. En la campa\u00f1a 2021\/22 fue cedido al Calavera y despu\u00e9s regres\u00f3 al club verdiblanco para hacer ese gran ejercicio en el juvenil de Divisi\u00f3n de Honor. <strong>Posteriormente se march\u00f3 al C\u00f3rdoba B de la Tercera RFEF y un curso despu\u00e9s lleg\u00f3 al Atl\u00e9tico Onubense<\/strong> tambi\u00e9n dicha categor\u00eda.<\/p>\n<p class=\"voc-p\" style=\"\">La pasada campa\u00f1a, <strong>con Kuiki y Ra\u00fal Galbarro como entrenadores,<\/strong> disput\u00f3 un total de 10 partidos con el filial albiazul y otros tres, ante el Alcoyano, Ibiza y Marbella en el tramo final de la temporada, con el primer equipo recreativista en la Primera RFEF, no pudiendo ayudar a eludir el descenso.<\/p>\n<p>\nCompetencia\n<\/p>\n<p class=\"voc-p\" style=\"\">Esta campa\u00f1a no hab\u00eda contado apenas para Pedro Morilla, que adem\u00e1s sol\u00eda utilizarlo m\u00e1s bien como lateral diestro en vez de en el pivote, su demarcaci\u00f3n natural. Por ahora \u00fanicamente hab\u00eda disputado cinco encuentros de los 11 de liga que ha jugado el Decano, <strong>dos de ellos como titular ante el Alcoyano y el Yeclano.<\/strong><\/p>\n<p class=\"voc-p\" style=\"\"> Ahora Vela conf\u00eda en que la llegada de Arzu al banquillo albiazul le otorgue m\u00e1s galones y minutos ya que ambos se conocen muy bien. Eso s\u00ed, deber\u00e1 pelear duro para ganarse un puesto en el once albiazul al tener una gran competencia en su puesto con jugadores<strong> como Javi Castellano, Iv\u00e1n Romero o Malam Camar\u00e1,<\/strong> entre otros.<\/p>\n<p>Reportar un error<\/p>\n","protected":false},"excerpt":{"rendered":"Salvo imprevisto en las negociaciones de \u00faltima hora, este mi\u00e9rcoles el Recreativo de Huelva anunciar\u00e1 el fichaje de&hellip;\n","protected":false},"author":2,"featured_media":256717,"comment_status":"","ping_status":"","sticky":false,"template":"","format":"standard","meta":{"footnotes":""},"categories":[268],"tags":[64481,11181,168,25,24,280,282,11346,1684,1429,47572,281,23,167],"class_list":{"0":"post-256716","1":"post","2":"type-post","3":"status-publish","4":"format-standard","5":"has-post-thumbnail","7":"category-futbol","8":"tag-arzu","9":"tag-conoce","10":"tag-deportes","11":"tag-es","12":"tag-espana","13":"tag-football","14":"tag-futbol","15":"tag-futbolista","16":"tag-mejor","17":"tag-plantilla","18":"tag-recreativo","19":"tag-soccer","20":"tag-spain","21":"tag-sports"},"share_on_mastodon":{"url":"https:\/\/pubeurope.com\/@es\/115615971857675359","error":""},"_links":{"self":[{"href":"https:\/\/www.europesays.com\/es\/wp-json\/wp\/v2\/posts\/256716","targetHints":{"allow":["GET"]}}],"collection":[{"href":"https:\/\/www.europesays.com\/es\/wp-json\/wp\/v2\/posts"}],"about":[{"href":"https:\/\/www.europesays.com\/es\/wp-json\/wp\/v2\/types\/post"}],"author":[{"embeddable":true,"href":"https:\/\/www.europesays.com\/es\/wp-json\/wp\/v2\/users\/2"}],"replies":[{"embeddable":true,"href":"https:\/\/www.europesays.com\/es\/wp-json\/wp\/v2\/comments?post=256716"}],"version-history":[{"count":0,"href":"https:\/\/www.europesays.com\/es\/wp-json\/wp\/v2\/posts\/256716\/revisions"}],"wp:featuredmedia":[{"embeddable":true,"href":"https:\/\/www.europesays.com\/es\/wp-json\/wp\/v2\/media\/256717"}],"wp:attachment":[{"href":"https:\/\/www.europesays.com\/es\/wp-json\/wp\/v2\/media?parent=256716"}],"wp:term":[{"taxonomy":"category","embeddable":true,"href":"https:\/\/www.europesays.com\/es\/wp-json\/wp\/v2\/categories?post=256716"},{"taxonomy":"post_tag","embeddable":true,"href":"https:\/\/www.europesays.com\/es\/wp-json\/wp\/v2\/tags?post=256716"}],"curies":[{"name":"wp","href":"https:\/\/api.w.org\/{rel}","templated":true}]}}