{"id":256718,"date":"2025-11-26T12:21:11","date_gmt":"2025-11-26T12:21:11","guid":{"rendered":"https:\/\/www.europesays.com\/es\/256718\/"},"modified":"2025-11-26T12:21:11","modified_gmt":"2025-11-26T12:21:11","slug":"las-portadas-de-las-revistas-del-corazon-maria-palacios-mujer-de-lequio-antonio-resines-en-la-uci-y-aitana-y-plex","status":"publish","type":"post","link":"https:\/\/www.europesays.com\/es\/256718\/","title":{"rendered":"Las portadas de las revistas del coraz\u00f3n: Mar\u00eda Palacios, mujer de Lequio, Antonio Resines, en la UCI y Aitana y Plex"},"content":{"rendered":"<p>Las <strong>revistas del coraz\u00f3n de hoy <\/strong>nos traen <strong>una entrevista de Mar\u00eda Palacios<\/strong>, mujer de Alessandro Lequio, que ha concedido su primera entrevista para pronunciarse <strong>tras el despido de su marido de Mediaset<\/strong>\u00a0despu\u00e9s de las acusaciones de violencia machista que hizo Antonia Dell\u2019Atte contra el que fue su esposo de 1987 a 1991 y con quien tiene un hijo, Clemente.\u00a0<\/p>\n<p>Adem\u00e1s, vemos que el actor <a href=\"https:\/\/www.vozpopuli.com\/dolcevita\/tras-su-ingreso-en-la-uci-antonio-resines-cancela-su-agenda-y-no-sera-concursante-de-top-chef.htmlhttps:\/\/www.vozpopuli.com\/dolcevita\/tras-su-ingreso-en-la-uci-antonio-resines-cancela-su-agenda-y-no-sera-concursante-de-top-chef.html\" rel=\"nofollow noopener\" target=\"_blank\">Antonio Resines<\/a> ha estado <strong>varios d\u00edas ingresado en la UCI <\/strong>y, aunque ya fue dado de alta, ha cancelado sus compromisos profesionales. La<strong> <a href=\"https:\/\/www.vozpopuli.com\/dolcevita\/el-rey-felipe-impone-el-toison-de-oro-a-una-emocionada-reina-sofia-y-a-felipe-gonzalez-este-es-su-significado.html\" rel=\"nofollow noopener\" target=\"_blank\">reina Sof\u00eda<\/a><\/strong> tambi\u00e9n es la protagonista de las portadas despu\u00e9s de <strong>recibir el\u00a0Tois\u00f3n de Oro<\/strong> y conocemos cu\u00e1l es <strong>la importante decisi\u00f3n<\/strong> que han tomado <strong>Aitana y Plex, <\/strong>entre otras noticias.<\/p>\n<p>Estas son las <strong>portadas de las revistas del coraz\u00f3n de hoy<\/strong> <strong>26 de noviembre de 2025.<\/strong>\u00a0<\/p>\n<p>La entrevista de Mar\u00eda Palacios en la portada de la revista &#8216;\u00a1Hola!&#8217;<\/p>\n<p>La <strong>mujer de Alessandro Lequio, Mar\u00eda Palacios<\/strong>,\u00a0que es Licenciada en Comunicaci\u00f3n y colaboradora de &#8216;\u00a1Hola!&#8217;, <strong>ha concedido una entrevista<\/strong> en la revista en la que trabaja <strong>para defender a su marido<\/strong> despu\u00e9s de haber sido <strong>despedido de Mediaset tras las acusaciones de maltrato\u00a0de Antonia Dell&#8217;Atte<\/strong>, exmujer de Lequio y madre de su primer hijo, Clemente. La italiana <strong>record\u00f3 el infierno<\/strong> que padeci\u00f3 mientras estuvo casada con Lequio <strong>en una entrevista reciente<\/strong> y la cadena tom\u00f3 una tajante decisi\u00f3n. Ahora,\u00a0Mar\u00eda Palacios, que <strong>lleva 30 a\u00f1os de relaci\u00f3n con Lequio y tienen una hija<\/strong> en com\u00fan, Ginevra Ena (2016), ha se\u00f1alado: <strong>\u00abNunca ha sido ni juzgado ni condenado. <\/strong>Ni por malos tratos ni por ning\u00fan otro delito\u00bb.\u00a0<\/p>\n<p>Mar\u00eda\u00a0Palacios ha explicado que Alessandro Lequio y Antonia Dell&#8217;Atte, que se casaron en enero de 1987, a los cuatro meses de comenzar la relaci\u00f3n;\u00a0<strong>se separaron en el a\u00f1o 1991\u00a0y<\/strong> <strong>no fue hasta 2001\u00a0cuando Antonia habl\u00f3 p\u00fablicamente<\/strong> de estos malos tratos, sobre los que sigui\u00f3 hablando hasta 2010. <strong>En los diez a\u00f1os\u00a0anteriores,\u00a0Dell&#8217;Atte\u00a0\u00abjam\u00e1s insinu\u00f3, mencion\u00f3 ni denunci\u00f3 a Alessandro <\/strong>por este tema, ni p\u00fablicamente ni en los juzgados\u00bb y luego, asegura que <strong>Dell&#8217;Atte \u00abempez\u00f3 una buena relaci\u00f3n,<\/strong> tanto con Alessandro como con Ana\u00a0[Obreg\u00f3n]. Tambi\u00e9n ha asegurado que <strong>habla \u00abdesde la libertad <\/strong>de una mujer que<strong> jam\u00e1s ha sentido miedo<\/strong> en su propia casa\u00bb para despu\u00e9s a\u00f1adir: <strong>\u00abYo no soy v\u00edctima y mucho menos c\u00f3mplice\u00bb.\u00a0<\/strong><\/p>\n<p>La mujer de Lequio ha revelado<strong> c\u00f3mo est\u00e1 viviendo la familia<\/strong> esta dif\u00edcil situaci\u00f3n:\u00a0<strong>\u00abCon preocupaci\u00f3n, rabia <\/strong>y una sensaci\u00f3n de que se nos ha colocado en <strong>una posici\u00f3n injusta y estigmatizante <\/strong>a toda la familia\u00bb. Adem\u00e1s, ha contado que <strong>su hija, de 9 a\u00f1os,<\/strong> lleg\u00f3 del colegio preguntando <strong>\u00abqu\u00e9 significa la palabra maltratador\u00bb.<\/strong><\/p>\n<p><img decoding=\"async\" alt=\"Portada Hola\" src=\"https:\/\/www.europesays.com\/es\/wp-content\/uploads\/2025\/11\/articulos-2561657.jpg\" style=\"width:20%\"\/>\u00a0Portada Hola<\/p>\n<p>En la portada de la revista &#8216;\u00a1Hola!&#8217; tambi\u00e9n vemos <strong>a la reina Sof\u00eda, que vivi\u00f3 un d\u00eda hist\u00f3rico<\/strong> el pasado viernes 21 de noviembre\u00a0cuando<strong> recibi\u00f3 el Tois\u00f3n de Oro <\/strong>de manos de su hijo, el rey Felipe VI. Despu\u00e9s, se reuni\u00f3 con toda la familia para celebrarlo. Adem\u00e1s, publicas unas fotos de <strong>Sara Verdasco y Juan Carmona, con sus tres hijas. <\/strong>La hermana del tenista Fernando Verdasco y el sobrino de Antonio Carmona se casaron\u00a0el 10 de junio de 2016, tras siete a\u00f1os de noviazgo, y son familia numerosa.<\/p>\n<p>La reina Sof\u00eda y Antonio Resines, en la UCI, en &#8216;Semana&#8217;<\/p>\n<p>La <strong>reina Sof\u00eda es la gran protagonista<\/strong> de las revistas del coraz\u00f3n despu\u00e9s de <strong>haber recibido el Tois\u00f3n de Oro<\/strong> en los actos que se organizaron por el 50 aniversario de la monarqu\u00eda. Su hijo, el rey Felipe VI, fue el encargado de entreg\u00e1rselo, momento que dej\u00f3 una emotiva imagen para el recuerdo. <strong>\u00abLa emoci\u00f3n de la reina Sof\u00eda en su gran d\u00eda\u00bb<\/strong>, se puede leer en la portada, que tambi\u00e9n destaca que <strong>el Rey, con un nudo en la garganta, le expres\u00f3 a su madre <\/strong>su agradecimiento por todos sus a\u00f1os de servicio a la corona y dedicaci\u00f3n: \u00abGracias por tu compromiso\u00bb. Al d\u00eda siguiente de\u00a0la imposici\u00f3n de esta insignia, se produjo una <strong>reuni\u00f3n familiar privada <\/strong>en el Palacio de El Pardo, <strong>en la que estuvo presente el rey Juan Carlos I<\/strong>, que no fue invitado a los actos del d\u00eda anterior.<\/p>\n<p>La revista &#8216;Semana&#8217; desvela que <strong>Antonio Resines estuvo ingresado tres d\u00edas en la UCI <\/strong>y despu\u00e9s, estuvo cinco d\u00edas m\u00e1s en planta. Ahora ya se encuentra en su casa recuper\u00e1ndose. La semana pasada se dio a conocer que <strong>por problemas de salud, Resines cancelaba su participaci\u00f3n<\/strong> <strong>en el programa &#8216;Top chef: Dulces y famosos&#8217; <\/strong>y ahora la publicaci\u00f3n ha desvelado que estuvo ingresado en la UCI, por lo que se trat\u00f3 de un problema de salud grave.\u00a0<\/p>\n<p>En la portada de &#8216;Semana&#8217; tambi\u00e9n vemos a <strong>Bel\u00e9n Esteban, que celebra la condena de <a href=\"https:\/\/www.vozpopuli.com\/dolcevita\/tono-sanchis-condenado-a-dos-anos-de-carcel-por-apropiarse-casi-medio-millon-de-euros-de-belen-esteban.html\" rel=\"nofollow noopener\" target=\"_blank\">To\u00f1o Sanch\u00eds<\/a><\/strong> a dos a\u00f1os de prisi\u00f3n\u00a0<strong>por apropiarse indebidamente de\u00a0casi medio mill\u00f3n de euros<\/strong> de la colaboradora de televisi\u00f3n. Adem\u00e1s, el exjugador de baloncesto <strong>Marc Ostarcevic<\/strong>, exmarido de Norma Duval, lanza un dardo contra la exvedette: <strong>\u00abMe merezco un monumento por aguantar a Norma\u00bb.<\/strong><\/p>\n<p><img decoding=\"async\" alt=\"Portada Semana\" src=\"https:\/\/www.europesays.com\/es\/wp-content\/uploads\/2025\/11\/articulos-2561656.jpg\" style=\"width:20%\"\/>\u00a0Portada Semana<\/p>\n<p>La reina Sof\u00eda, Rosal\u00eda y la salud de Buenafuente en &#8216;Lecturas&#8217;<\/p>\n<p>En la portada de la revista &#8216;Lecturas&#8217; podemos leer:\u00a0<strong>\u00abLa reina Sof\u00eda recibe un agridulce homenaje\u00bb,<\/strong> seg\u00fan revela la periodista Pilar Eyre. \u00abEl acto deber\u00eda haber puesto en valor la trayectoria de la reina em\u00e9rita, pero <strong>qued\u00f3 deslucido y resalt\u00f3 su aislamiento\u00bb,<\/strong> ha se\u00f1alado, haciendo alusi\u00f3n a que <strong>no ten\u00eda que haber sido un acto compartido<\/strong> con \u00abotros tres pol\u00edticos\u00bb. Adem\u00e1s, Eyre asegura que <strong>la reina Letizia escogi\u00f3 aposta<\/strong> el mismo color rosa que el vestido que iba a llevar la reina Sof\u00eda, que fue del dise\u00f1ador\u00a0Alejandro de Miguel.\u00a0<\/p>\n<p>La experta en Casa Real se\u00f1ala: <strong>\u00ab\u00bfC\u00f3mo va a ser un gui\u00f1o amistoso<\/strong> vestirte con el mismo color de la <strong>principal homenajeada? <\/strong>\u00bfC\u00f3mo Letizia no se dio cuenta de que as\u00ed solo <strong>conseguir\u00eda restarle brillo y protagonismo a su suegra? <\/strong>No comprendo las intenciones de nuestra Reina\u00bb, escribe Eyre para despu\u00e9s decir que <strong>la reina Sof\u00eda se llev\u00f3 una gran sorpresa <\/strong>al ver a su nuera vestida del mismo color pero <strong>\u00abdisimul\u00f3 r\u00e1pidamente<\/strong> en su l\u00ednea habitual de <strong>no crear conflictos <\/strong>con su adorado hijo\u00bb.<\/p>\n<p>La revista tambi\u00e9n se hace eco del problema de salud de <strong>Andreu Buenafuente<\/strong> que se ha visto obligado a <strong>cancelar su programa de TVE y sus compromisos<\/strong> <strong>profesionales<\/strong>\u00a0de forma temporal. Una noticia que se conoci\u00f3 tras darse a conocer que <strong>presentar\u00e1 las Campanadas 2025-2026 con su mujer<\/strong>, la actriz y c\u00f3mica, <strong>Silvia Abril.<\/strong><\/p>\n<p>La publicaci\u00f3n tambi\u00e9n analiza el <strong>c\u00edrculo \u00edntimo de\u00a0Rosal\u00eda y en la \u00abtensi\u00f3n familiar\u00bb<\/strong> que hubo en el <strong>primer cumplea\u00f1os de Alma, la hija de Anabel Pantoja<\/strong> y David Rodr\u00edguez. La tensi\u00f3n era entre el fisioterapeuta y su suegra, Merchi, seg\u00fan la revista.\u00a0\u00a0<\/p>\n<p><img decoding=\"async\" alt=\"Portada Lecturas\" src=\"https:\/\/www.europesays.com\/es\/wp-content\/uploads\/2025\/11\/articulos-2561655.jpg\" style=\"width:20%\"\/>\u00a0Portada Lecturas<\/p>\n<p>La importante decisi\u00f3n de Aitana y Plex en la portada de &#8216;Diez Minutos&#8217;<\/p>\n<p>La revista &#8216;Diez Minutos&#8217; revela <strong>la importante decisi\u00f3n que han tomado\u00a0Aitana y\u00a0Plex<\/strong>, que dan un paso m\u00e1s en su relaci\u00f3n. La pareja estar\u00eda pensando en\u00a0<strong>mudarse a vivir juntos de cara al nuevo a\u00f1o\u00a02026<\/strong>, seg\u00fan el medio citado, pero todav\u00eda est\u00e1n viendo d\u00f3nde instalarse. El youtuber, <strong>Plex, tiene un chalet con piscina<\/strong> y parcela en la sierra de Madrid, una casa\u00a0que se compr\u00f3 en 2020. Por su parte, <strong>Aitana, reside en una vivienda unifamiliar de tres plantas<\/strong> situada en una exclusiva urbanizaci\u00f3n a las afueras de la capital.<\/p>\n<p>La revista publica que se trata de una <strong>decisi\u00f3n meditada <\/strong>de la pareja ya que los dos viajan mucho por trabajo y cuando est\u00e1n en Madrid <strong>no se quieren separar y \u00abya sue\u00f1an con crear su propio hogar\u00bb.<\/strong> Adem\u00e1s, cuentan con el <strong>benepl\u00e1cito de\u00a0sus familias<\/strong>, que est\u00e1n encantadas con su relaci\u00f3n. Hace unos d\u00edas,<strong> Aitana viaj\u00f3 a Toro, Zamora<\/strong>, de donde es\u00a0su novio Plex, para pasar tiempo con los padres y la hermana de \u00e9l. Por su parte, <strong>Plex tambi\u00e9n se lleva muy bien con sus suegros<\/strong> como se pudo ver en la\u00a0gala de los Grammy Latinos, donde pos\u00f3 con ellos.<\/p>\n<p>La periodista y presentadora, <strong>Sonsoles \u00d3nega, ha hablado de la enfermedad de su hijo peque\u00f1o,\u00a0<\/strong>Gonzalo, que padece diabetes tipo 1. \u00abAntes de que se la detectaran <strong>llegu\u00e9 a pensar que ten\u00eda un tumor en la vejiga\u00bb,<\/strong> confes\u00f3. La enfermedad se la diagnosticaron en 2016, cuando su hijo ten\u00eda 4 a\u00f1os.<strong>\u00a0\u00abDesde ese momento es vivir en alerta\u00bb<\/strong>, ha confesado para despu\u00e9s decir: <strong>\u00abEst\u00e1s casi obsesivamente mirando el tel\u00e9fono<\/strong> <strong>m\u00f3vil\u00bb. <\/strong>Sonsoles \u00d3nega tiene <strong>otro hijo, Yago. <\/strong>Los dos son fruto de <strong>su primer matrimonio con\u00a0Carlos Pardo<\/strong>, cuya separaci\u00f3n se produjo en 2019.<\/p>\n<p>La revista publica tambi\u00e9n<strong> unas im\u00e1genes del bautizo de la hija peque\u00f1a de la cantante Mar\u00eda Toledo,\u00a0<\/strong>&#8216;La Flamenca del piano&#8217;, y el torero Esa\u00fa Fern\u00e1ndez, que se celebr\u00f3 en Toledo. La cantante est\u00e1 feliz por haberle dado una hermanita a su hijo Vicente. Adem\u00e1s, vemos unas fotos de <strong>Tamara Falc\u00f3 y su marido, \u00cd\u00f1igo Onieva,<\/strong> que fueron a <strong>celebrar el 44 cumplea\u00f1os <\/strong>del empresario.<\/p>\n<p><img decoding=\"async\" alt=\"Portada Diez Minutos\" src=\"https:\/\/www.europesays.com\/es\/wp-content\/uploads\/2025\/11\/articulos-2561654.jpg\" style=\"width:20%\"\/>\u00a0Portada Diez Minutos<\/p>\n<p>\u00a0<\/p>\n","protected":false},"excerpt":{"rendered":"Las revistas del coraz\u00f3n de hoy nos traen una entrevista de Mar\u00eda Palacios, mujer de Alessandro Lequio, que&hellip;\n","protected":false},"author":2,"featured_media":256719,"comment_status":"","ping_status":"","sticky":false,"template":"","format":"standard","meta":{"footnotes":""},"categories":[174],"tags":[255,146,147,25,24,256,23],"class_list":{"0":"post-256718","1":"post","2":"type-post","3":"status-publish","4":"format-standard","5":"has-post-thumbnail","7":"category-famosos","8":"tag-celebrities","9":"tag-entertainment","10":"tag-entretenimiento","11":"tag-es","12":"tag-espana","13":"tag-famosos","14":"tag-spain"},"share_on_mastodon":{"url":"https:\/\/pubeurope.com\/@es\/115615976015195170","error":""},"_links":{"self":[{"href":"https:\/\/www.europesays.com\/es\/wp-json\/wp\/v2\/posts\/256718","targetHints":{"allow":["GET"]}}],"collection":[{"href":"https:\/\/www.europesays.com\/es\/wp-json\/wp\/v2\/posts"}],"about":[{"href":"https:\/\/www.europesays.com\/es\/wp-json\/wp\/v2\/types\/post"}],"author":[{"embeddable":true,"href":"https:\/\/www.europesays.com\/es\/wp-json\/wp\/v2\/users\/2"}],"replies":[{"embeddable":true,"href":"https:\/\/www.europesays.com\/es\/wp-json\/wp\/v2\/comments?post=256718"}],"version-history":[{"count":0,"href":"https:\/\/www.europesays.com\/es\/wp-json\/wp\/v2\/posts\/256718\/revisions"}],"wp:featuredmedia":[{"embeddable":true,"href":"https:\/\/www.europesays.com\/es\/wp-json\/wp\/v2\/media\/256719"}],"wp:attachment":[{"href":"https:\/\/www.europesays.com\/es\/wp-json\/wp\/v2\/media?parent=256718"}],"wp:term":[{"taxonomy":"category","embeddable":true,"href":"https:\/\/www.europesays.com\/es\/wp-json\/wp\/v2\/categories?post=256718"},{"taxonomy":"post_tag","embeddable":true,"href":"https:\/\/www.europesays.com\/es\/wp-json\/wp\/v2\/tags?post=256718"}],"curies":[{"name":"wp","href":"https:\/\/api.w.org\/{rel}","templated":true}]}}