{"id":256724,"date":"2025-11-26T12:25:09","date_gmt":"2025-11-26T12:25:09","guid":{"rendered":"https:\/\/www.europesays.com\/es\/256724\/"},"modified":"2025-11-26T12:25:09","modified_gmt":"2025-11-26T12:25:09","slug":"premios-ondas-2025-en-directo-todo-listo-para-la-recepcion-de-los-galardonados-en-el-albeniz-ocio-y-cultura","status":"publish","type":"post","link":"https:\/\/www.europesays.com\/es\/256724\/","title":{"rendered":"Premios Ondas 2025, en directo: todo listo para la recepci\u00f3n de los galardonados en el Alb\u00e9niz | Ocio y cultura"},"content":{"rendered":"<p class=\"ev-title\">Mara Torres, presentadora de los Ondas<\/p>\n<p>La Gran gala, que comenzar\u00e1 a las 20:00 horas, ser\u00e1 conducida en su 72\u00aa edici\u00f3n por Mara Torres, bajo la direcci\u00f3n de Jordi Rosell. El encuentro contar\u00e1 con las actuaciones de Pastora Soler y Viva Suecia, y momentos de humor a cargo de Juan Carlos Ortega y Carolina Iglesias, presentadora de &#8216;Ni Tan Bien&#8217;, junto a sus colaboradoras habituales Laura M\u00e1rquez y Charlie Pee.<\/p>\n","protected":false},"excerpt":{"rendered":"Mara Torres, presentadora de los Ondas La Gran gala, que comenzar\u00e1 a las 20:00 horas, ser\u00e1 conducida en&hellip;\n","protected":false},"author":2,"featured_media":256725,"comment_status":"","ping_status":"","sticky":false,"template":"","format":"standard","meta":{"footnotes":""},"categories":[170],"tags":[146,147,25,24,184,185,23],"class_list":{"0":"post-256724","1":"post","2":"type-post","3":"status-publish","4":"format-standard","5":"has-post-thumbnail","7":"category-musica","8":"tag-entertainment","9":"tag-entretenimiento","10":"tag-es","11":"tag-espana","12":"tag-music","13":"tag-musica","14":"tag-spain"},"share_on_mastodon":{"url":"https:\/\/pubeurope.com\/@es\/115615991444113800","error":""},"_links":{"self":[{"href":"https:\/\/www.europesays.com\/es\/wp-json\/wp\/v2\/posts\/256724","targetHints":{"allow":["GET"]}}],"collection":[{"href":"https:\/\/www.europesays.com\/es\/wp-json\/wp\/v2\/posts"}],"about":[{"href":"https:\/\/www.europesays.com\/es\/wp-json\/wp\/v2\/types\/post"}],"author":[{"embeddable":true,"href":"https:\/\/www.europesays.com\/es\/wp-json\/wp\/v2\/users\/2"}],"replies":[{"embeddable":true,"href":"https:\/\/www.europesays.com\/es\/wp-json\/wp\/v2\/comments?post=256724"}],"version-history":[{"count":0,"href":"https:\/\/www.europesays.com\/es\/wp-json\/wp\/v2\/posts\/256724\/revisions"}],"wp:featuredmedia":[{"embeddable":true,"href":"https:\/\/www.europesays.com\/es\/wp-json\/wp\/v2\/media\/256725"}],"wp:attachment":[{"href":"https:\/\/www.europesays.com\/es\/wp-json\/wp\/v2\/media?parent=256724"}],"wp:term":[{"taxonomy":"category","embeddable":true,"href":"https:\/\/www.europesays.com\/es\/wp-json\/wp\/v2\/categories?post=256724"},{"taxonomy":"post_tag","embeddable":true,"href":"https:\/\/www.europesays.com\/es\/wp-json\/wp\/v2\/tags?post=256724"}],"curies":[{"name":"wp","href":"https:\/\/api.w.org\/{rel}","templated":true}]}}