{"id":256726,"date":"2025-11-26T12:26:09","date_gmt":"2025-11-26T12:26:09","guid":{"rendered":"https:\/\/www.europesays.com\/es\/256726\/"},"modified":"2025-11-26T12:26:09","modified_gmt":"2025-11-26T12:26:09","slug":"en-3-semanas-se-estrena-la-pelicula-de-ciencia-ficcion-mas-importante-del-ano-la-secuela-de-uno-de-los-mayores-exitos-de-taquilla-de-todos-los-tiempos","status":"publish","type":"post","link":"https:\/\/www.europesays.com\/es\/256726\/","title":{"rendered":"En 3 semanas se estrena la pel\u00edcula de ciencia ficci\u00f3n m\u00e1s importante del a\u00f1o, la secuela de uno de los mayores \u00e9xitos de taquilla de todos los tiempos"},"content":{"rendered":"<p>Aunque el 2025 ya tiene los d\u00edas contados y est\u00e1 a punto de decirnos adi\u00f3s, todav\u00eda hay motivos de sobra para seguir yendo al cine, y m\u00e1s todav\u00eda si tenemos en cuenta que est\u00e1 pendiente de estrenarse uno de los mayores bombazos dentro del g\u00e9nero de la ciencia ficci\u00f3n. Sin duda, se trata de <strong>Avatar: Fuego y Ceniza<\/strong>, la tercera entrega de la saga dirigida por James Cameron.<\/p>\n<p>Tan solo quedan tres semanas para que llegue a la gran pantalla este largometraje que no para de ponernos los dientes largos con cada nueva imagen y avance que sale a la luz. El pr\u00f3ximo <strong>19 de diciembre<\/strong> ser\u00e1 cuando todo el mundo podr\u00e1 acudir al cine para ver el resultado de esta tercera parte que volver\u00e1 a reunir a la familia Na&#8217;vi de Jake Sully (Sam Worthington) y Neytiri (Zoe Salda\u00f1a).<\/p>\n<p>    <a href=\"https:\/\/www.vidaextra.com\/series\/seis-animes-que-tienen-primer-episodio-inmejorable\" class=\"pivot-outboundlink\" data-vars-post-title=\"\u00bfQuieres empezar con buen pie un anime? Estas seis series tienen un primer episodio tan bueno que te dejar\u00e1n con ganas de m\u00e1s\" rel=\"nofollow noopener\" target=\"_blank\"><br \/>\n     <img loading=\"lazy\" decoding=\"async\" alt=\"\u00bfQuieres empezar con buen pie un anime? Estas seis series tienen un primer episodio tan bueno que te dejar\u00e1n con ganas de m\u00e1s\" width=\"375\" height=\"142\" src=\"https:\/\/i.blogs.es\/02c952\/shingeki\/375_142.webp\" onerror=\"this.src=\" https:=\"\"\/><br \/>\n    <\/a><\/p>\n<p>El mundo de Pandora es tan inmenso y est\u00e1 tan repleto de secretos y misterios que todav\u00eda no conocemos a todas las tribus que lo habitan. Por eso mismo, el grupo de protagonistas se cruzar\u00e1 en su viaje con los Mangkwan, un grupo violento que adora todo lo que tiene que ver con el fuego y que no les pondr\u00e1 las cosas nada f\u00e1cil. Adem\u00e1s, est\u00e1n totalmente en contra de Eywa tras haber perdido su confianza y por culpa de una serie de tr\u00e1gicos sucesos que han sufrido en el pasado.<\/p>\n<p>Aun as\u00ed, este clan liderado por Varang (Oona Chaplin) no ser\u00e1 el \u00fanico que nos presentar\u00e1 la cinta, ya que tambi\u00e9n conoceremos a los Tlalim, quienes est\u00e1n comandados por Paylak (David Thewlis) y se desplazan por el planeta pilotando una especie de veh\u00edculos a\u00e9reos. Todo ello acompa\u00f1ado de otras caras muy familiares y el regreso de villanos que har\u00e1n que la tensi\u00f3n aumente y el conflicto general en Pandora se intensifique gravemente.<\/p>\n<p>Es innegable que la expectaci\u00f3n est\u00e1 por las nubes con <strong>Avatar: Fuego y Ceniza<\/strong>. Sus dos predecesoras est\u00e1n situadas en la primera y la tercera posici\u00f3n en el ranking de las pel\u00edculas m\u00e1s taquilleras de la historia, por lo que en menos de un mes comprobaremos si se repite la jugada una vez m\u00e1s.\u00a0<\/p>\n<p>En VidaExtra | <a class=\"text-outboundlink\" href=\"https:\/\/www.vidaextra.com\/listas\/avatar-a-traves-videojuegos-pasado-presente-futuro-obra-james-cameron-alla-peliculas\" data-vars-post-title=\"Avatar a trav\u00e9s de los videojuegos: pasado, presente y futuro de la obra de James Cameron m\u00e1s all\u00e1 de las pel\u00edculas\" data-vars-post-url=\"https:\/\/www.vidaextra.com\/listas\/avatar-a-traves-videojuegos-pasado-presente-futuro-obra-james-cameron-alla-peliculas\" target=\"_blank\" rel=\"nofollow noopener\">Avatar a trav\u00e9s de los videojuegos: pasado, presente y futuro de la obra de James Cameron m\u00e1s all\u00e1 de las pel\u00edculas<\/a><\/p>\n<p>En VidaExtra |\u00a0<a class=\"text-outboundlink\" href=\"https:\/\/www.vidaextra.com\/cine\/longeva-genial-tradicion-hollywood-crear-posters-espectaculares-para-felicitar-a-pelicula-taquillera-historia\" data-vars-post-title=\"Star Wars, Avatar, los Vengadores, o c\u00f3mo en Hollywood mantienen una genial tradici\u00f3n de felicitaci\u00f3n desde m\u00e1s de 40 a\u00f1os\" data-vars-post-url=\"https:\/\/www.vidaextra.com\/cine\/longeva-genial-tradicion-hollywood-crear-posters-espectaculares-para-felicitar-a-pelicula-taquillera-historia\" target=\"_blank\" rel=\"nofollow noopener\">Star Wars, Avatar, los Vengadores, o c\u00f3mo en Hollywood mantienen una genial tradici\u00f3n de felicitaci\u00f3n desde m\u00e1s de 40 a\u00f1os<\/a><\/p>\n","protected":false},"excerpt":{"rendered":"Aunque el 2025 ya tiene los d\u00edas contados y est\u00e1 a punto de decirnos adi\u00f3s, todav\u00eda hay motivos&hellip;\n","protected":false},"author":2,"featured_media":256727,"comment_status":"","ping_status":"","sticky":false,"template":"","format":"standard","meta":{"footnotes":""},"categories":[169],"tags":[177,146,147,25,24,176,175,23],"class_list":{"0":"post-256726","1":"post","2":"type-post","3":"status-publish","4":"format-standard","5":"has-post-thumbnail","7":"category-cine","8":"tag-cine","9":"tag-entertainment","10":"tag-entretenimiento","11":"tag-es","12":"tag-espana","13":"tag-film","14":"tag-movies","15":"tag-spain"},"share_on_mastodon":{"url":"https:\/\/pubeurope.com\/@es\/115615995742238851","error":""},"_links":{"self":[{"href":"https:\/\/www.europesays.com\/es\/wp-json\/wp\/v2\/posts\/256726","targetHints":{"allow":["GET"]}}],"collection":[{"href":"https:\/\/www.europesays.com\/es\/wp-json\/wp\/v2\/posts"}],"about":[{"href":"https:\/\/www.europesays.com\/es\/wp-json\/wp\/v2\/types\/post"}],"author":[{"embeddable":true,"href":"https:\/\/www.europesays.com\/es\/wp-json\/wp\/v2\/users\/2"}],"replies":[{"embeddable":true,"href":"https:\/\/www.europesays.com\/es\/wp-json\/wp\/v2\/comments?post=256726"}],"version-history":[{"count":0,"href":"https:\/\/www.europesays.com\/es\/wp-json\/wp\/v2\/posts\/256726\/revisions"}],"wp:featuredmedia":[{"embeddable":true,"href":"https:\/\/www.europesays.com\/es\/wp-json\/wp\/v2\/media\/256727"}],"wp:attachment":[{"href":"https:\/\/www.europesays.com\/es\/wp-json\/wp\/v2\/media?parent=256726"}],"wp:term":[{"taxonomy":"category","embeddable":true,"href":"https:\/\/www.europesays.com\/es\/wp-json\/wp\/v2\/categories?post=256726"},{"taxonomy":"post_tag","embeddable":true,"href":"https:\/\/www.europesays.com\/es\/wp-json\/wp\/v2\/tags?post=256726"}],"curies":[{"name":"wp","href":"https:\/\/api.w.org\/{rel}","templated":true}]}}