{"id":256738,"date":"2025-11-26T12:32:10","date_gmt":"2025-11-26T12:32:10","guid":{"rendered":"https:\/\/www.europesays.com\/es\/256738\/"},"modified":"2025-11-26T12:32:10","modified_gmt":"2025-11-26T12:32:10","slug":"israel-identifica-al-rehen-fallecido-devuelto-por-hamas-como-dror-or-dos-cuerpos-mas-permanecen-en-gaza","status":"publish","type":"post","link":"https:\/\/www.europesays.com\/es\/256738\/","title":{"rendered":"Israel identifica al reh\u00e9n fallecido devuelto por Hamas como Dror Or. Dos cuerpos m\u00e1s permanecen en Gaza"},"content":{"rendered":"<p>      CNN<br \/>\n        \u00a0\u2014\u00a0<\/p>\n<p class=\"paragraph inline-placeholder vossi-paragraph\" data-uri=\"es.cms.cnn.com\/_components\/paragraph\/instances\/cmifpfjh2001k26p45jktfgu5@published\" data-editable=\"text\" data-component-name=\"paragraph\" data-article-gutter=\"true\">\n            Los forenses israel\u00edes han identificado los restos de un reh\u00e9n israel\u00ed fallecido que regres\u00f3 de Gaza como los de Dror Or, dijo el mi\u00e9rcoles la oficina del primer ministro.\n    <\/p>\n<p class=\"paragraph inline-placeholder vossi-paragraph\" data-uri=\"es.cms.cnn.com\/_components\/paragraph\/instances\/cmifpjfh00007356no6q3lp46@published\" data-editable=\"text\" data-component-name=\"paragraph\" data-article-gutter=\"true\">\n            Ese mismo d\u00eda, Hamas transfiri\u00f3 los restos a Israel a trav\u00e9s de la Cruz Roja. La entrega deja a dos rehenes fallecidos \u2014un israel\u00ed y un tailand\u00e9s\u2014 a\u00fan en Gaza tras los ataques de Hamas contra Israel del 7 de octubre de 2023.\n    <\/p>\n<p class=\"paragraph inline-placeholder vossi-paragraph\" data-uri=\"es.cms.cnn.com\/_components\/paragraph\/instances\/cmifpjfh00008356n6sauu4ke@published\" data-editable=\"text\" data-component-name=\"paragraph\" data-article-gutter=\"true\">\n            Israel y Hamas alcanzaron un acuerdo de alto el fuego en octubre, poniendo fin a dos a\u00f1os de guerra que mataron a m\u00e1s de 69.000 palestinos, seg\u00fan el Ministerio de Salud de Gaza, y redujeron gran parte del enclave a escombros.\n    <\/p>\n<p class=\"paragraph inline-placeholder vossi-paragraph\" data-uri=\"es.cms.cnn.com\/_components\/paragraph\/instances\/cmifpjfh00009356n5f0hzxni@published\" data-editable=\"text\" data-component-name=\"paragraph\" data-article-gutter=\"true\">\n            Como parte del acuerdo, Hamas acept\u00f3 liberar al resto de los 251 rehenes, vivos y muertos, que secuestr\u00f3 el 7 de octubre. Los \u00faltimos 20 rehenes vivos fueron liberados a mediados de octubre.\n    <\/p>\n<p class=\"paragraph inline-placeholder vossi-paragraph\" data-uri=\"es.cms.cnn.com\/_components\/paragraph\/instances\/cmifpfowf0000356njzshx50j@published\" data-editable=\"text\" data-component-name=\"paragraph\" data-article-gutter=\"true\">\n            Or, de 48 a\u00f1os, muri\u00f3 en el kibutz Beeri durante los ataques. Inicialmente se crey\u00f3 que hab\u00eda sido secuestrado, pero en mayo de 2024 su familia fue informada de que hab\u00eda muerto en el ataque junto con su esposa, Yonat. Su cuerpo fue trasladado a Gaza.\n    <\/p>\n<p class=\"paragraph inline-placeholder vossi-paragraph\" data-uri=\"es.cms.cnn.com\/_components\/paragraph\/instances\/cmifpjqka000f356ntdkyz33j@published\" data-editable=\"text\" data-component-name=\"paragraph\" data-article-gutter=\"true\">\n            Los padres dejaron atr\u00e1s a tres hijos, dos de los cuales tambi\u00e9n fueron secuestrados y llevados a Gaza, pero fueron liberados en noviembre de 2023.\n    <\/p>\n<p class=\"paragraph inline-placeholder vossi-paragraph\" data-uri=\"es.cms.cnn.com\/_components\/paragraph\/instances\/cmifpjqka000g356n5ktxmtuh@published\" data-editable=\"text\" data-component-name=\"paragraph\" data-article-gutter=\"true\">\n            En hebreo, Dror significa \u201clibertad\u201d y Or significa \u201cluz\u201d. La familia de Or dijo que su nombre lo describ\u00eda a la perfecci\u00f3n: \u201cun esp\u00edritu libre que difund\u00eda una luz poderosa por el mundo\u201d, seg\u00fan el Foro de Rehenes y Familias Desaparecidas.\n    <\/p>\n<p class=\"paragraph inline-placeholder vossi-paragraph\" data-uri=\"es.cms.cnn.com\/_components\/paragraph\/instances\/cmifpjqka000h356nki09xd1r@published\" data-editable=\"text\" data-component-name=\"paragraph\" data-article-gutter=\"true\">\n            El foro lo describi\u00f3 como un padre devoto. Era el quesero jefe de la lecher\u00eda Be\u2019eri y profesor de yoga.\n    <\/p>\n<p class=\"paragraph inline-placeholder vossi-paragraph\" data-uri=\"es.cms.cnn.com\/_components\/paragraph\/instances\/cmifpjob4000d356n4qy64uxi@published\" data-editable=\"text\" data-component-name=\"paragraph\" data-article-gutter=\"true\">\n            La liberaci\u00f3n de sus restos se produce despu\u00e9s de una serie de transferencias similares en las \u00faltimas semanas, cuando Hamas entreg\u00f3 a los rehenes fallecidos que a\u00fan se encontraban en Gaza.\n    <\/p>\n<p class=\"paragraph inline-placeholder vossi-paragraph\" data-uri=\"es.cms.cnn.com\/_components\/paragraph\/instances\/cmifpk4kw000m356nojvevtxg@published\" data-editable=\"text\" data-component-name=\"paragraph\" data-article-gutter=\"true\">\n            <a href=\"https:\/\/nam11.safelinks.protection.outlook.com\/?url=https%3A%2F%2Fwww.cnn.com%2F2025%2F10%2F08%2Fmiddleeast%2Fisrael-hamas-dead-hostages-return-intl&amp;data=05%7C02%7Cmohammed.tawfeeq%40cnn.com%7C8a8e351402d9432ed51708de2302ba89%7C0eb48825e8714459bc72d0ecd68f1f39%7C0%7C0%7C638986691993567126%7CUnknown%7CTWFpbGZsb3d8eyJFbXB0eU1hcGkiOnRydWUsIlYiOiIwLjAuMDAwMCIsIlAiOiJXaW4zMiIsIkFOIjoiTWFpbCIsIldUIjoyfQ%3D%3D%7C0%7C%7C%7C&amp;sdata=b9OQjSLJ05mRxNo2sy%2BGOxFdr0RNNhT084UZeDPSrjk%3D&amp;reserved=0\" target=\"_blank\" rel=\"nofollow noopener\">La inteligencia israel\u00ed ha evaluado<\/a> que Hamas podr\u00eda no ser capaz de encontrar y devolver a todos los rehenes muertos que quedan en Gaza. Sin embargo, Hamas ha continuado la b\u00fasqueda de restos en diferentes partes del enclave.\n    <\/p>\n<p class=\"paragraph inline-placeholder vossi-paragraph\" data-uri=\"es.cms.cnn.com\/_components\/paragraph\/instances\/cmifpk4kw000n356nk435nkk5@published\" data-editable=\"text\" data-component-name=\"paragraph\" data-article-gutter=\"true\">\n            El Foro de Rehenes y Familias Desaparecidas ha seguido organizando manifestaciones en Tel Aviv y en otros lugares de Israel para pedir la liberaci\u00f3n de los rehenes restantes fallecidos.\n    <\/p>\n","protected":false},"excerpt":{"rendered":"CNN \u00a0\u2014\u00a0 Los forenses israel\u00edes han identificado los restos de un reh\u00e9n israel\u00ed fallecido que regres\u00f3 de Gaza&hellip;\n","protected":false},"author":2,"featured_media":256739,"comment_status":"","ping_status":"","sticky":false,"template":"","format":"standard","meta":{"footnotes":""},"categories":[42],"tags":[17,18,13,14,43166,11,61,62,63,64,74,19,20,9,10,15,16,12651,12,21,22,65,66,67],"class_list":{"0":"post-256738","1":"post","2":"type-post","3":"status-publish","4":"format-standard","5":"has-post-thumbnail","7":"category-internacional","8":"tag-breaking-news","9":"tag-breakingnews","10":"tag-featured-news","11":"tag-featurednews","12":"tag-guerra-de-israel-en-gaza","13":"tag-headlines","14":"tag-internacional","15":"tag-international","16":"tag-international-news","17":"tag-internationalnews","18":"tag-israel","19":"tag-latest-news","20":"tag-latestnews","21":"tag-news","22":"tag-noticias","23":"tag-noticias-destacadas","24":"tag-noticiasdestacadas","25":"tag-rehenes","26":"tag-titulares","27":"tag-ultimas-noticias","28":"tag-ultimasnoticias","29":"tag-world","30":"tag-world-news","31":"tag-worldnews"},"share_on_mastodon":{"url":"https:\/\/pubeurope.com\/@es\/115616018920460760","error":""},"_links":{"self":[{"href":"https:\/\/www.europesays.com\/es\/wp-json\/wp\/v2\/posts\/256738","targetHints":{"allow":["GET"]}}],"collection":[{"href":"https:\/\/www.europesays.com\/es\/wp-json\/wp\/v2\/posts"}],"about":[{"href":"https:\/\/www.europesays.com\/es\/wp-json\/wp\/v2\/types\/post"}],"author":[{"embeddable":true,"href":"https:\/\/www.europesays.com\/es\/wp-json\/wp\/v2\/users\/2"}],"replies":[{"embeddable":true,"href":"https:\/\/www.europesays.com\/es\/wp-json\/wp\/v2\/comments?post=256738"}],"version-history":[{"count":0,"href":"https:\/\/www.europesays.com\/es\/wp-json\/wp\/v2\/posts\/256738\/revisions"}],"wp:featuredmedia":[{"embeddable":true,"href":"https:\/\/www.europesays.com\/es\/wp-json\/wp\/v2\/media\/256739"}],"wp:attachment":[{"href":"https:\/\/www.europesays.com\/es\/wp-json\/wp\/v2\/media?parent=256738"}],"wp:term":[{"taxonomy":"category","embeddable":true,"href":"https:\/\/www.europesays.com\/es\/wp-json\/wp\/v2\/categories?post=256738"},{"taxonomy":"post_tag","embeddable":true,"href":"https:\/\/www.europesays.com\/es\/wp-json\/wp\/v2\/tags?post=256738"}],"curies":[{"name":"wp","href":"https:\/\/api.w.org\/{rel}","templated":true}]}}