{"id":256740,"date":"2025-11-26T12:33:08","date_gmt":"2025-11-26T12:33:08","guid":{"rendered":"https:\/\/www.europesays.com\/es\/256740\/"},"modified":"2025-11-26T12:33:08","modified_gmt":"2025-11-26T12:33:08","slug":"el-consejo-general-del-poder-judicial-avala-por-unanimidad-la-propuesta-de-peramato-como-nueva-fiscal-general","status":"publish","type":"post","link":"https:\/\/www.europesays.com\/es\/256740\/","title":{"rendered":"El Consejo General del Poder Judicial avala por unanimidad la propuesta de Peramato como nueva fiscal general"},"content":{"rendered":"<p style=\"\">El Pleno del Consejo General del Poder Judicial ha dado este mi\u00e9rcoles su visto bueno por<strong> unanimidad<\/strong> a la propuesta de Teresa Peramato como nueva fiscal general tras constatar que cumple los <strong>requisitos legales <\/strong>que contempla el art\u00edculo 29 del Estatuto Org\u00e1nico del  &#8230; Ministerio Fiscal (EOMF): \u00abEl fiscal general del Estado ser\u00e1 nombrado por el Rey, a propuesta del Gobierno, o\u00eddo previamente el Consejo General del Poder Judicial (CGPJ), eligi\u00e9ndolo entre juristas espa\u00f1oles de reconocido prestigio con m\u00e1s de quince a\u00f1os de ejercicio efectivo de su profesi\u00f3n\u00bb.<\/p>\n<p class=\"voc-p\" style=\"\">El \u00f3rgano de gobierno de los jueces cumple as\u00ed el tr\u00e1mite de audiencia previsto en los art\u00edculos 124.4 de la Constituci\u00f3n Espa\u00f1ola y 560.4 y 599.1.2 de la Ley Org\u00e1nica del Poder Judicial.<\/p>\n<p class=\"voc-p\" style=\"\">Una vez emitido este informe, la sustituta de<a href=\"https:\/\/www.abc.es\/espana\/auge-caida-fiscal-general-estado-20251123175939-nt.html\" target=\"_self\" data-voc-vtm-id=\"in-text-traffic\" title=\" \u00c1lvaro Garc\u00eda Ortiz\" rel=\"nofollow noopener\"> \u00c1lvaro Garc\u00eda Ortiz<\/a> tendr\u00e1 que comparecer ante la Comisi\u00f3n de Justicia del Congreso de los Diputados para completar todo el tr\u00e1mite antes de su nombramiento. En cualquier caso ni la opini\u00f3n del CGPJ ni la de la de la Comisi\u00f3n de Justicia son vinculantes para el Ejecutivo, algo que se vio en el caso del todav\u00eda hoy en funciones fiscal general, nombrado pese a ser considerado no id\u00f3neo por el anterior Consejo. <\/p>\n<p class=\"voc-p\" style=\"\">El 30 de noviembre de 2023 el CGPJ Garc\u00eda Ortiz se convirti\u00f3 en el primer fiscal \u00c1lvaro Garc\u00eda Ortiz considerado no id\u00f3neo como fiscal general del Estado, cargo que ostentaba desde el verano de 2022 y para el que fue propuesto de nuevo por el Gobierno de S\u00e1nchez. Bien es verdad que en las \u00faltimas ocasiones el CGPJ -en el caso de Dolores Delgado y en el del propio Garc\u00eda Ortiz- se hab\u00eda limitado a valorar el cumplimiento de los requisitos legales (como ha hecho ahora con Peramato), pero para la mayor\u00eda de los vocales en esta ocasi\u00f3n hab\u00eda que entrar a debatir la idoneidad de Garc\u00eda Ortiz. Y ello porque unos d\u00edas antes el Supremo hab\u00eda dictado una sentencia en la que vio una<strong> \u00abvisible e innegable desviaci\u00f3n de poder\u00bb<\/strong> en su decisi\u00f3n de ascender a primera categor\u00eda a su exjefa,<a href=\"https:\/\/www.abc.es\/espana\/supremo-avala-segundo-ascenso-delgado-fiscalia-memoria-20251125190017-nt.html\" target=\"_self\" data-voc-vtm-id=\"in-text-traffic\" title=\" Dolores Delgado. \" rel=\"nofollow noopener\"> Dolores Delgado. <\/a><\/p>\n<p class=\"voc-p\" style=\"\">El mandato de Peramato se rige por el actual Estatuto Fiscal (el proyecto del Gobierno est\u00e1 parado en las Cortes) que establece una duraci\u00f3n de cuatro a\u00f1os y que solo podr\u00e1 cesar como fiscal general antes de que concluya ese plazo por estos motivos: a petici\u00f3n propia <a href=\"https:\/\/www.abc.es\/espana\/gobierno-acepta-renuncia-garcia-ortiz-seguira-cargo-20251125151234-nt.html\" target=\"_self\" data-voc-vtm-id=\"in-text-traffic\" title=\"(que es lo que hizo el lunes Garc\u00eda Ortiz)\" rel=\"nofollow noopener\">(que es lo que hizo el lunes Garc\u00eda Ortiz)<\/a>, por incurrir en alguna de las incompatibilidades o prohibiciones establecidas en la ley, en caso de incapacidad o enfermedad que lo inhabilite para el cargo, por incumplimiento grave o reiterado de sus funciones o cuando cese el gobierno que lo hubiera propuesto. <\/p>\n<p>\nAf\u00edn a Delgado y Garc\u00eda Ortiz\n<\/p>\n<p class=\"voc-p\" style=\"\">Licenciada en Derecho por la Universidad de Salamanca, Peramato ingres\u00f3 en la carrera fiscal en 1990. Tras su paso por las Fiscal\u00edas de Tenerife, Valladolid y Barcelona, se incorpor\u00f3 a la Fiscal\u00eda Provincial de Madrid, destino en el que, en 2005, fue nombrada fiscal delegada para la Secci\u00f3n de Violencia Sobre la Mujer.<\/p>\n<p class=\"voc-p\" style=\"\">En 2010 fue nombrada fiscal adscrita a la fiscal de Sala contra la Violencia sobre la Mujer y en 2018 pas\u00f3 a ocupar el cargo de fiscal adscrita a la Fiscal\u00eda ante el Tribunal Constitucional. Tres a\u00f1os despu\u00e9s, en 2021, fue <strong>promovida por Dolores Delgado a la categor\u00eda de fiscal de Sala<\/strong> y nombrada Fiscal de Sala contra la Violencia sobre la Mujer y en enero de este a\u00f1o, con Garc\u00eda Ortiz como fiscal general, fue nombrada fiscal de Sala Jefa de la Secci\u00f3n Penal de la Fiscal\u00eda del Tribunal Supremo.<\/p>\n","protected":false},"excerpt":{"rendered":"El Pleno del Consejo General del Poder Judicial ha dado este mi\u00e9rcoles su visto bueno por unanimidad a&hellip;\n","protected":false},"author":2,"featured_media":256741,"comment_status":"","ping_status":"","sticky":false,"template":"","format":"standard","meta":{"footnotes":""},"categories":[8],"tags":[8313,17,18,1576,25,24,13,14,6987,3015,11,7531,19,20,9,10,15,16,795,64172,4233,7679,23,12,21,22],"class_list":{"0":"post-256740","1":"post","2":"type-post","3":"status-publish","4":"format-standard","5":"has-post-thumbnail","7":"category-espana","8":"tag-avala","9":"tag-breaking-news","10":"tag-breakingnews","11":"tag-consejo","12":"tag-es","13":"tag-espana","14":"tag-featured-news","15":"tag-featurednews","16":"tag-fiscal","17":"tag-general","18":"tag-headlines","19":"tag-judicial","20":"tag-latest-news","21":"tag-latestnews","22":"tag-news","23":"tag-noticias","24":"tag-noticias-destacadas","25":"tag-noticiasdestacadas","26":"tag-nueva","27":"tag-peramato","28":"tag-poder","29":"tag-propuesta","30":"tag-spain","31":"tag-titulares","32":"tag-ultimas-noticias","33":"tag-ultimasnoticias"},"share_on_mastodon":{"url":"https:\/\/pubeurope.com\/@es\/115616022807049027","error":""},"_links":{"self":[{"href":"https:\/\/www.europesays.com\/es\/wp-json\/wp\/v2\/posts\/256740","targetHints":{"allow":["GET"]}}],"collection":[{"href":"https:\/\/www.europesays.com\/es\/wp-json\/wp\/v2\/posts"}],"about":[{"href":"https:\/\/www.europesays.com\/es\/wp-json\/wp\/v2\/types\/post"}],"author":[{"embeddable":true,"href":"https:\/\/www.europesays.com\/es\/wp-json\/wp\/v2\/users\/2"}],"replies":[{"embeddable":true,"href":"https:\/\/www.europesays.com\/es\/wp-json\/wp\/v2\/comments?post=256740"}],"version-history":[{"count":0,"href":"https:\/\/www.europesays.com\/es\/wp-json\/wp\/v2\/posts\/256740\/revisions"}],"wp:featuredmedia":[{"embeddable":true,"href":"https:\/\/www.europesays.com\/es\/wp-json\/wp\/v2\/media\/256741"}],"wp:attachment":[{"href":"https:\/\/www.europesays.com\/es\/wp-json\/wp\/v2\/media?parent=256740"}],"wp:term":[{"taxonomy":"category","embeddable":true,"href":"https:\/\/www.europesays.com\/es\/wp-json\/wp\/v2\/categories?post=256740"},{"taxonomy":"post_tag","embeddable":true,"href":"https:\/\/www.europesays.com\/es\/wp-json\/wp\/v2\/tags?post=256740"}],"curies":[{"name":"wp","href":"https:\/\/api.w.org\/{rel}","templated":true}]}}