{"id":256744,"date":"2025-11-26T12:39:10","date_gmt":"2025-11-26T12:39:10","guid":{"rendered":"https:\/\/www.europesays.com\/es\/256744\/"},"modified":"2025-11-26T12:39:10","modified_gmt":"2025-11-26T12:39:10","slug":"hijo-de-historico-goleador-pega-un-salto-gigantesco-en-el-ranking-atp","status":"publish","type":"post","link":"https:\/\/www.europesays.com\/es\/256744\/","title":{"rendered":"Hijo de hist\u00f3rico goleador pega un salto gigantesco en el ranking ATP"},"content":{"rendered":"<p data-testid=\"paragraph\" class=\"mb-[20px] md:mb-[30px] break-word\">Un espectacular cierre de temporada est\u00e1 teniendo el<strong><a href=\"https:\/\/redgol.cl\/tenis\" target=\"_blank\" rel=\"noreferrer noopener nofollow\" class=\"break-word font-articleLinkText text-articleLinkText hover:text-articleLinkTextHover hover:bg-articleLinkTextHoverBg cursor-pointer border-solid border-b-articleLinkTextHover\"> tenista<\/a><\/strong> chileno <strong><a href=\"https:\/\/redgol.cl\/tenis\/su-papa-fue-goleador-del-mundo-y-ahora-hace-historia-en-la-atp-con-esperado-titulo\" target=\"_blank\" rel=\"noreferrer noopener nofollow\" class=\"break-word font-articleLinkText text-articleLinkText hover:text-articleLinkTextHover hover:bg-articleLinkTextHoverBg cursor-pointer border-solid border-b-articleLinkTextHover\">Daniel N\u00fa\u00f1ez<\/a><\/strong> (825\u00b0 de la ATP), quien est\u00e1 aprovechando de la mejor manera posible los torneos que se disputan en el pa\u00eds.<\/p>\n<p data-testid=\"paragraph\" class=\"mb-[20px] md:mb-[30px] break-word\">La semana pasada el hijo del ex delantero de O\u2019Higgins, Universidad Cat\u00f3lica, entre otros, <strong>Mario N\u00fa\u00f1ez<\/strong>, se qued\u00f3 con el t\u00edtulo en el M15 Santiago 7, certamen que hace 8 a\u00f1os no ganaba un jugador local.<\/p>\n<p data-testid=\"paragraph\" class=\"mb-[20px] md:mb-[30px] break-word\">Ahora el Osito se traslad\u00f3 a la Regi\u00f3n de La Araucan\u00eda, donde debut\u00f3 con un triunfazo en el <strong>Challenger de Temuco<\/strong>.<\/p>\n<p><a title=\"Su pap\u00e1 fue goleador del mundo y ahora hace historia en la ATP con esperado t\u00edtulo\" href=\"https:\/\/redgol.cl\/tenis\/su-papa-fue-goleador-del-mundo-y-ahora-hace-historia-en-la-atp-con-esperado-titulo\" target=\"_self\" rel=\"nofollow noopener\" class=\"article-also-read-embed\"><img decoding=\"async\" class=\"aspect-square max-w-[100px] m-[10px] md:m-0\" src=\"https:\/\/www.europesays.com\/es\/wp-content\/uploads\/2025\/11\/1764160749_530_image\" alt=\"Su pap\u00e1 fue goleador del mundo y ahora hace historia en la ATP con esperado t\u00edtulo\" width=\"200\" height=\"200\" loading=\"lazy\"\/><\/p>\n<p class=\"font-secondary my-[13px] uppercase text-alsoReadSeeAlso bg-alsoReadSeeAlsoBackground alsoReadSeeAlso w-fit\">ver tambi\u00e9n<\/p>\n<p class=\"w-full line-clamp-3 md:line-clamp-2 text-alsoReadEmbedTitle font-primary alsoReadLink\">Su pap\u00e1 fue goleador del mundo y ahora hace historia en la ATP con esperado t\u00edtulo<\/p>\n<p><\/a>Daniel N\u00fa\u00f1ez debuta con un gran triunfo en el Challenger de Temuco<\/p>\n<p data-testid=\"paragraph\" class=\"mb-[20px] md:mb-[30px] break-word\">Daniel N\u00fa\u00f1ez, que est\u00e1 jugando el torneo temuquense gracias a una invitaci\u00f3n, derrot\u00f3 al brasile\u00f1o Wilson Leite (809\u00b0) en la primera ronda.<\/p>\n<p data-testid=\"paragraph\" class=\"mb-[20px] md:mb-[30px] break-word\">El tenista chileno de Copa Davis dio vuelta el marcador en la cancha r\u00e1pida sure\u00f1a y se impuso por <strong>3-6, 6-1 y 6-2<\/strong>, en una hora y 53 minutos de juego.<\/p>\n<p><img decoding=\"async\" src=\"https:\/\/www.europesays.com\/es\/wp-content\/uploads\/2025\/11\/RDG_20251126_RDG_1240295_Daniel-Nunez-tenis-1_1e7c7ef3.webp&#038;width=3030&#038;height=2020.webp\" width=\"3030\" height=\"2020\" alt=\"Daniel N\u00fa\u00f1ez vive el mejor momento de su carrera. Foto: Pepe Alvujar\/Photosport\" class=\"h-auto\" loading=\"lazy\"\/><\/p>\n<p class=\"text-center mt-5 text-[14px] leading-[20px] font-normal\">Daniel N\u00fa\u00f1ez vive el mejor momento de su carrera. Foto: Pepe Alvujar\/Photosport<\/p>\n<p data-testid=\"paragraph\" class=\"mb-[20px] md:mb-[30px] break-word\">En octavos de final el jugador nacional tendr\u00e1 un desaf\u00edo mayor, porque se ver\u00e1 las caras con el argentino<strong> Federico Agust\u00edn G\u00f3mez <\/strong>(250\u00b0), quien viene de vencer al brasile\u00f1o Pedro Boscardin Dias (271\u00b0) por 6-3 y 6-4.<\/p>\n<p data-testid=\"paragraph\" class=\"mb-[20px] md:mb-[30px] break-word\">Daniel N\u00fa\u00f1ez vive el mejor momento de su carrera, ya que a sus 24 a\u00f1os trepa al mejor puesto en el ranking de la ATP y a partir del pr\u00f3ximo lunes ser\u00e1 el nuevo <strong>658\u00b0 del mundo<\/strong>, y tiene chances de seguir avanzando en el escalaf\u00f3n mundial.<\/p>\n<p><a title=\"\u201cCada uno tiene sus valores\u201d: Jarry le responde a Tabilo tras pol\u00e9mica decisi\u00f3n sobre Chile en Copa Davis\" href=\"https:\/\/redgol.cl\/tenis\/cada-uno-tiene-sus-valores-jarry-le-responde-a-tabilo-tras-polemica-decision-sobre-chile-en-copa-davis\" target=\"_self\" rel=\"nofollow noopener\" class=\"article-also-read-embed\"><img decoding=\"async\" class=\"aspect-square max-w-[100px] m-[10px] md:m-0\" src=\"https:\/\/www.europesays.com\/es\/wp-content\/uploads\/2025\/11\/1764160750_743_image\" alt=\"\u201cCada uno tiene sus valores\u201d: Jarry le responde a Tabilo tras pol\u00e9mica decisi\u00f3n sobre Chile en Copa Davis\" width=\"200\" height=\"200\" loading=\"lazy\"\/><\/p>\n<p class=\"font-secondary my-[13px] uppercase text-alsoReadSeeAlso bg-alsoReadSeeAlsoBackground alsoReadSeeAlso w-fit\">ver tambi\u00e9n<\/p>\n<p class=\"w-full line-clamp-3 md:line-clamp-2 text-alsoReadEmbedTitle font-primary alsoReadLink\">\u201cCada uno tiene sus valores\u201d: Jarry le responde a Tabilo tras pol\u00e9mica decisi\u00f3n sobre Chile en Copa Davis<\/p>\n<p><\/a><\/p>\n","protected":false},"excerpt":{"rendered":"Un espectacular cierre de temporada est\u00e1 teniendo el tenista chileno Daniel N\u00fa\u00f1ez (825\u00b0 de la ATP), quien est\u00e1&hellip;\n","protected":false},"author":2,"featured_media":256745,"comment_status":"","ping_status":"","sticky":false,"template":"","format":"standard","meta":{"footnotes":""},"categories":[274],"tags":[64483,64484,168,25,24,23,167,327,326],"class_list":{"0":"post-256744","1":"post","2":"type-post","3":"status-publish","4":"format-standard","5":"has-post-thumbnail","7":"category-tenis","8":"tag-challenger-de-temuco","9":"tag-daniel-nunez","10":"tag-deportes","11":"tag-es","12":"tag-espana","13":"tag-spain","14":"tag-sports","15":"tag-tenis","16":"tag-tennis"},"share_on_mastodon":{"url":"https:\/\/pubeurope.com\/@es\/115616046677428269","error":""},"_links":{"self":[{"href":"https:\/\/www.europesays.com\/es\/wp-json\/wp\/v2\/posts\/256744","targetHints":{"allow":["GET"]}}],"collection":[{"href":"https:\/\/www.europesays.com\/es\/wp-json\/wp\/v2\/posts"}],"about":[{"href":"https:\/\/www.europesays.com\/es\/wp-json\/wp\/v2\/types\/post"}],"author":[{"embeddable":true,"href":"https:\/\/www.europesays.com\/es\/wp-json\/wp\/v2\/users\/2"}],"replies":[{"embeddable":true,"href":"https:\/\/www.europesays.com\/es\/wp-json\/wp\/v2\/comments?post=256744"}],"version-history":[{"count":0,"href":"https:\/\/www.europesays.com\/es\/wp-json\/wp\/v2\/posts\/256744\/revisions"}],"wp:featuredmedia":[{"embeddable":true,"href":"https:\/\/www.europesays.com\/es\/wp-json\/wp\/v2\/media\/256745"}],"wp:attachment":[{"href":"https:\/\/www.europesays.com\/es\/wp-json\/wp\/v2\/media?parent=256744"}],"wp:term":[{"taxonomy":"category","embeddable":true,"href":"https:\/\/www.europesays.com\/es\/wp-json\/wp\/v2\/categories?post=256744"},{"taxonomy":"post_tag","embeddable":true,"href":"https:\/\/www.europesays.com\/es\/wp-json\/wp\/v2\/tags?post=256744"}],"curies":[{"name":"wp","href":"https:\/\/api.w.org\/{rel}","templated":true}]}}