{"id":256773,"date":"2025-11-26T12:57:09","date_gmt":"2025-11-26T12:57:09","guid":{"rendered":"https:\/\/www.europesays.com\/es\/256773\/"},"modified":"2025-11-26T12:57:09","modified_gmt":"2025-11-26T12:57:09","slug":"portal-de-noticias-del-gobierno-de-canarias-335","status":"publish","type":"post","link":"https:\/\/www.europesays.com\/es\/256773\/","title":{"rendered":"Portal de Noticias del Gobierno de Canarias"},"content":{"rendered":"<blockquote>\n<p>La Consejer\u00eda inaugura en el Cabildo de La Gomera las XI Jornadas Forestales de la Macaronesia, con la participaci\u00f3n de Azores, Madeira y Cabo Verde<\/p>\n<p>El encuentro internacional aborda la adaptaci\u00f3n al cambio clim\u00e1tico, la conservaci\u00f3n de la biodiversidad y la protecci\u00f3n de los bosques de laurisilva, con una visita de campo al Parque Nacional de Garajonay<\/p>\n<\/blockquote>\n<p>La Consejer\u00eda de Transici\u00f3n Ecol\u00f3gica y Energ\u00eda del Gobierno de Canarias, liderada por Mariano H. Zapata,\u00a0 inaugura en el sal\u00f3n de plenos del Cabildo de La Gomera, las XI Jornadas Forestales de la Macaronesia. Un encuentro internacional que reunir\u00e1, hasta el pr\u00f3ximo 28 de noviembre, a delegaciones de Azores, Madeira, Cabo Verde y Canarias para abordar los retos del sector forestal en el contexto del cambio clim\u00e1tico y la singular riqueza natural de la regi\u00f3n.<\/p>\n<p>El acto de apertura ha estado presidido por el consejero de Transici\u00f3n Ecol\u00f3gica y Energ\u00eda, Mariano H. Zapata; acompa\u00f1ado por el vicepresidente del Cabildo de La Gomera, Adasat Reyes; la delegada de Medio Ambiente del Gobierno de Cabo Verde, Luisa Morais; la Subdirectora General de Pol\u00edtica Forestal y Lucha contra la Desertificaci\u00f3n del Miteco, Elsa Enr\u00edquez; el Director Regional de Recursos Forestales y Ordenaci\u00f3n Territorial del Gobierno de Azores, Nuno Sousa; y el Presidente del Consejo Directivo del Instituto Forestal de Conservaci\u00f3n de la Naturaleza del Gobierno de Madeira, Manuel Filipe.<\/p>\n<p>Asimismo, asistieron al encuentro representantes de los siete cabildos insulares, de los ayuntamientos gomeros y de diversas entidades y empresas del sector forestal.<\/p>\n<p>Zapata subray\u00f3 durante su intervenci\u00f3n que \u201cCanarias asume hoy un papel de liderazgo en la cooperaci\u00f3n forestal de la Macaronesia, poniendo nuestra experiencia y nuestros retos comunes al servicio de una estrategia compartida frente al cambio clim\u00e1tico\u201d. El consejero destac\u00f3 que \u201cla gesti\u00f3n forestal que se hace en islas como La Gomera, con espacios tan emblem\u00e1ticos como el Parque Nacional de Garajonay, es un ejemplo de c\u00f3mo proteger un patrimonio natural \u00fanico y, al mismo tiempo, adaptarnos a una realidad ambiental cada vez m\u00e1s exigente\u201d.<\/p>\n<p>Las jornadas, organizadas bajo el impulso de la Consejer\u00eda, se enmarcan en el paradigma del cambio clim\u00e1tico y persiguen reforzar la cooperaci\u00f3n entre los cuatro archipi\u00e9lagos macaron\u00e9sicos para desarrollar mecanismos de adaptaci\u00f3n, impulsar el uso de nuevas tecnolog\u00edas y mejorar el conocimiento sobre el funcionamiento de los ecosistemas forestales en territorios insulares atl\u00e1nticos.<\/p>\n<p>El vicepresidente primero del Cabildo de La Gomera, Adasat Reyes, destac\u00f3 en la apertura de las XI Jornadas Forestales de la Macaronesia que este encuentro \u201cvuelve a situar a nuestras islas en el centro del di\u00e1logo cient\u00edfico y t\u00e9cnico sobre la gesti\u00f3n sostenible de los montes\u201d, subrayando que la presencia de especialistas de Canarias, Madeira, Azores y Cabo Verde refleja \u201cuna ra\u00edz atl\u00e1ntica compartida\u201d y un compromiso com\u00fan con la conservaci\u00f3n del territorio. Asimismo, record\u00f3 que sostenibilidad, innovaci\u00f3n y adaptaci\u00f3n son pilares esenciales ante los desaf\u00edos del cambio clim\u00e1tico y apel\u00f3 a reforzar la cooperaci\u00f3n entre archipi\u00e9lagos para consolidar una visi\u00f3n conjunta de futuro para los montes de la regi\u00f3n.<\/p>\n<p>La programaci\u00f3n de las jornadas contar\u00e1 con una visita de campo al Parque Nacional de Garajonay, donde los asistentes podr\u00e1n conocer los enclaves m\u00e1s significativos del mismo, as\u00ed como los trabajos de recuperaci\u00f3n desarrollados tras el gran incendio de 2012.<\/p>\n<p>XI Jornadas Forestales de la Macaronesia<\/p>\n<p>Estas jornadas se celebran de manera conjunta desde el a\u00f1o 2006, con una periodicidad de dos a tres a\u00f1os, rotando entre los archipi\u00e9lagos de la Macaronesia, y puso en valor \u201cla continuidad de un foro t\u00e9cnico y pol\u00edtico que nos permite compartir datos, experiencias y buenas pr\u00e1cticas en planificaci\u00f3n forestal, gesti\u00f3n sostenible, prevenci\u00f3n de incendios y conservaci\u00f3n de la biodiversidad\u201d.<\/p>\n<p>Los principales ejes tem\u00e1ticos que se abordar\u00e1n en las sesiones te\u00f3ricas incluyen la planificaci\u00f3n forestal, los aprovechamientos y la gesti\u00f3n sostenible, la monitorizaci\u00f3n de h\u00e1bitats forestales, el uso p\u00fablico de los espacios forestales, la conservaci\u00f3n de la biodiversidad y el papel de los servicios ecosist\u00e9micos. Asimismo, se tratar\u00e1n problem\u00e1ticas como la desertificaci\u00f3n, los incendios forestales y las estrategias de prevenci\u00f3n y mitigaci\u00f3n de riesgos.<\/p>\n","protected":false},"excerpt":{"rendered":"La Consejer\u00eda inaugura en el Cabildo de La Gomera las XI Jornadas Forestales de la Macaronesia, con la&hellip;\n","protected":false},"author":2,"featured_media":256774,"comment_status":"","ping_status":"","sticky":false,"template":"","format":"standard","meta":{"footnotes":""},"categories":[5],"tags":[17,18,25,24,13,14,11,19,20,9,10,15,16,23,12,21,22],"class_list":{"0":"post-256773","1":"post","2":"type-post","3":"status-publish","4":"format-standard","5":"has-post-thumbnail","7":"category-titulares","8":"tag-breaking-news","9":"tag-breakingnews","10":"tag-es","11":"tag-espana","12":"tag-featured-news","13":"tag-featurednews","14":"tag-headlines","15":"tag-latest-news","16":"tag-latestnews","17":"tag-news","18":"tag-noticias","19":"tag-noticias-destacadas","20":"tag-noticiasdestacadas","21":"tag-spain","22":"tag-titulares","23":"tag-ultimas-noticias","24":"tag-ultimasnoticias"},"share_on_mastodon":{"url":"https:\/\/pubeurope.com\/@es\/115616117141443845","error":""},"_links":{"self":[{"href":"https:\/\/www.europesays.com\/es\/wp-json\/wp\/v2\/posts\/256773","targetHints":{"allow":["GET"]}}],"collection":[{"href":"https:\/\/www.europesays.com\/es\/wp-json\/wp\/v2\/posts"}],"about":[{"href":"https:\/\/www.europesays.com\/es\/wp-json\/wp\/v2\/types\/post"}],"author":[{"embeddable":true,"href":"https:\/\/www.europesays.com\/es\/wp-json\/wp\/v2\/users\/2"}],"replies":[{"embeddable":true,"href":"https:\/\/www.europesays.com\/es\/wp-json\/wp\/v2\/comments?post=256773"}],"version-history":[{"count":0,"href":"https:\/\/www.europesays.com\/es\/wp-json\/wp\/v2\/posts\/256773\/revisions"}],"wp:featuredmedia":[{"embeddable":true,"href":"https:\/\/www.europesays.com\/es\/wp-json\/wp\/v2\/media\/256774"}],"wp:attachment":[{"href":"https:\/\/www.europesays.com\/es\/wp-json\/wp\/v2\/media?parent=256773"}],"wp:term":[{"taxonomy":"category","embeddable":true,"href":"https:\/\/www.europesays.com\/es\/wp-json\/wp\/v2\/categories?post=256773"},{"taxonomy":"post_tag","embeddable":true,"href":"https:\/\/www.europesays.com\/es\/wp-json\/wp\/v2\/tags?post=256773"}],"curies":[{"name":"wp","href":"https:\/\/api.w.org\/{rel}","templated":true}]}}