{"id":256779,"date":"2025-11-26T13:07:16","date_gmt":"2025-11-26T13:07:16","guid":{"rendered":"https:\/\/www.europesays.com\/es\/256779\/"},"modified":"2025-11-26T13:07:16","modified_gmt":"2025-11-26T13:07:16","slug":"cuanta-belleza-en-una-sola-persona","status":"publish","type":"post","link":"https:\/\/www.europesays.com\/es\/256779\/","title":{"rendered":"Cu\u00e1nta belleza en una sola persona"},"content":{"rendered":"<p id=\"exhIta4XgFx\" data-wc=\"84\">Manuela S\u00e1nchez <a class=\"hm-link ho-link\" href=\"https:\/\/www.hola.com\/belleza\/20250401823577\/manuela-sanchez-cambio-look-pelo-pelirrojo\/\" data-mrf-recirculation=\"article-body-link\" rel=\"nofollow noopener\" target=\"_blank\">se ha convertido en una experta en causar furor con sus looks de invitada<\/a> y esta semana ha vuelto a demostrarlo. La hija de Alejandro Sanz y Jaydy Michel, de 24 a\u00f1os, caus\u00f3 sensaci\u00f3n en la boda que acudi\u00f3 recientemente y lo hizo con un estilismo muy atrevido que dej\u00f3 a sus fans sin palabras. Como siempre, la joven dise\u00f1adora no pas\u00f3 desapercibida y ha recibido miles de likes en estas im\u00e1genes que ha compartido bajo el t\u00edtulo: \u00ab<strong>Sonora, qu\u00e9 bella eres<\/strong>\u00ab.<\/p>\n<p> <img src=\"https:\/\/www.europesays.com\/es\/wp-content\/uploads\/2025\/11\/ffb86635320d-saveclipapp584368011180789658942733007893878389664199701n.jpg\"   width=\"877\" height=\"1024\" loading=\"lazy\" decoding=\"async\" alt=\"Manuela S\u00e1nchez, hija de Alejandro Sanz y Jaydy Michel\" fetchpriority=\"auto\" class=\"image ho-image\"\/>\u00a9 manuela.snzmUna espectacular Manuela con el \u00abFatale Dress\u00bb de la firma Jared London<\/p>\n<p id=\"eHBNvAOXHv\" data-wc=\"90\">Manuela se convirti\u00f3 en la invitada m\u00e1s arriesgada, presumiendo de figura con <strong>este vestido que, sin duda alguna,\u00a0<\/strong><a class=\"hm-link ho-link\" href=\"https:\/\/www.hola.com\/actualidad\/20231201244528\/manuela-sanchez-vestido-rojo-novio-axel-angulo\/\" data-mrf-recirculation=\"article-body-link\" rel=\"nofollow noopener\" target=\"_blank\">no es apto para cualquiera<\/a>. De color berenjena, con transparencias y un impactante escote, se trata de una creaci\u00f3n de la firma brit\u00e1nica Jared London que lo ha bautizado con un nombre que no podr\u00eda ser m\u00e1s acertado: \u00ab<strong>Fatale Dress<\/strong>\u00ab. La dise\u00f1adora pos\u00f3 as\u00ed de impresionante con el mar de fondo y un atardecer digno de pel\u00edcula, protagonizando esta sesi\u00f3n de fotos que muchos de sus seguidores no han dudado en comentar.\u00a0<\/p>\n<p id=\"e-qTKsyTOwO\" data-wc=\"49\">\u00ab\u00a1<strong>Wowww ese vestido<\/strong>! \ud83d\udd25\ud83d\udd25\ud83d\udd25\ud83d\udd25\u00bb, \u00abEst\u00e1s espectacular\u00bb, \u00abLa m\u00e1s preciosa\u00bb, \u00ab\u00a1Guapaaaaa!\u00bb, \u00abEres un \u00e1ngel\u00bb o \u00abTu belleza resplandece\u00bb, son algunos de los piropos que le han dedicado. Incluso su madre, Jaydy Michel, ha reaccionado a su posado y ha escrito: \u00ab\u00a1<strong>Cu\u00e1nta belleza en una sola persona<\/strong>! \ud83d\ude0d \ud83d\ude0d\ud83d\ude0d TE AMOOO\u00bb.<\/p>\n<p>  <img src=\"https:\/\/www.europesays.com\/es\/wp-content\/uploads\/2025\/11\/ec0c2c00c614-saveclipapp584385317180789659032733004688976844826987762n.jpg\"   width=\"1080\" height=\"1800\" loading=\"lazy\" decoding=\"async\" alt=\"Manuela S\u00e1nchez, hija de Alejandro Sanz y Jaydy Michel\" fetchpriority=\"auto\" class=\"image ho-image\"\/>\u00a9 manuela.snzm<\/p>\n<p> <img src=\"https:\/\/www.europesays.com\/es\/wp-content\/uploads\/2025\/11\/2685aacb1773-saveclipapp584370289180789659242733008812144648768145562n.jpg\"   width=\"1080\" height=\"1800\" loading=\"lazy\" decoding=\"async\" alt=\"Manuela S\u00e1nchez, hija de Alejandro Sanz y Jaydy Michel\" fetchpriority=\"auto\" class=\"image ho-image\"\/>\u00a9 manuela.snzm<\/p>\n<p id=\"eKP5xCTGb0y\" data-wc=\"58\">Hay que recordar que la hija de Alejandro Sanz <a class=\"hm-link ho-link\" href=\"https:\/\/www.hola.com\/actualidad\/20200405164945\/manuela-alejandro-sanz-debuta\/\" data-mrf-recirculation=\"article-body-link\" rel=\"nofollow noopener\" target=\"_blank\">debut\u00f3 en 2020 como dise\u00f1adora<\/a>, cumpliendo as\u00ed uno de sus mayores sue\u00f1os. \u00ab<strong>La moda es lo que m\u00e1s me ha gustado desde peque\u00f1a<\/strong>. Me emocionaba acompa\u00f1ar a mi madre a los desfiles, a talleres de diferentes dise\u00f1adores, a sesiones de fotos&#8230;\u00bb, nos contaba en su \u00faltima entrevista con \u00a1HOLA!.<\/p>\n<p id=\"ekyrIWJJP0K\" data-wc=\"38\">Adem\u00e1s, Manuela nos confes\u00f3 que su sue\u00f1o ser\u00eda \u00ab<a class=\"hm-link ho-link\" href=\"https:\/\/www.hola.com\/moda\/20240417358712\/jaydy-michel-manuela-sanchez-madre-hija-posado-estilo-tendencias-entrevista\/\" data-mrf-recirculation=\"article-body-link\" rel=\"nofollow noopener\" target=\"_blank\">tener mi propia firma<\/a>\u00ab. \u00abMe gustar\u00eda hacer Alta Costura y pr\u00eat-\u00e0-porter, siempre teniendo en cuenta la salud del planeta y de los seres humanos que crean las piezas\u00bb, nos explicaba.<\/p>\n<p> <img src=\"https:\/\/www.europesays.com\/es\/wp-content\/uploads\/2025\/11\/e833e9121e81-saveclipapp58728475018078965915273300836612852913385613n.jpg\"   width=\"1080\" height=\"1800\" loading=\"lazy\" decoding=\"async\" alt=\"Manuela S\u00e1nchez, hija de Alejandro Sanz y Jaydy Michel\" fetchpriority=\"auto\" class=\"image ho-image\"\/>\u00a9 manuela.snzmAl detalle, el &#8216;beauty look&#8217; que eligi\u00f3 para el enlace<\/p>\n<p id=\"edB1zZv8B0\" data-wc=\"97\">Manuela, que acudi\u00f3 al enlace que se celebr\u00f3 en el estado de Sonora, ubicado al noroeste de M\u00e9xico, derroch\u00f3 sensualidad y, sobre todo, <strong>mucha seguridad en s\u00ed misma<\/strong>, al optar por un vestido tan impactante para irse de boda. Tal y como informan desde Jared London, es \u00abuna pieza dise\u00f1ada para destacar con sofisticaci\u00f3n\u00bb. Confeccionado en un tejido de malla ligera en tono aubergine (berenjena), este vestido de longitud maxi \u00abofrece un dise\u00f1o vers\u00e1til gracias a sus tiras ajustables, que permiten llevarlo de diferentes formas, ya sea como un cuello halter\u00a0o con un hombro al descubierto\u00bb.\u00a0<\/p>\n<p id=\"ejU9O9cFw5j\" data-wc=\"60\">Lo m\u00e1s llamativo es su escote extremo y la atrevida abertura lateral hasta el muslo, que aportan \u00abun toque sensual\u00bb. Adem\u00e1s, el acabado con volantes en el borde del vestido \u00aba\u00f1ade un detalle muy delicado\u00bb. Desde la marca brit\u00e1nica lo definen como: \u00ab<strong>Una perfecta fusi\u00f3n de feminidad y extravagancia, hecho para quienes buscan un estilo atrevido y lleno de personalidad<\/strong>\u00ab.\u00a0<\/p>\n<p> <img src=\"https:\/\/www.europesays.com\/es\/wp-content\/uploads\/2025\/11\/0d068f906163-vestido-look1.jpg\"   width=\"682\" height=\"1024\" loading=\"lazy\" decoding=\"async\" alt=\"Vestido de Jared London\" fetchpriority=\"auto\" class=\"image ho-image\"\/>\u00a9 Jared LondonEl vestido est\u00e1 rebajado y cuesta 48,94 euros en la tienda oficial<\/p>\n<p id=\"eM13fQsIirX\" data-wc=\"115\">El de Manuela es el modelo largo, pero la firma tambi\u00e9n lo tiene disponible en versi\u00f3n mini. El vestido se ha convertido en uno de sus mayores \u00e9xitos de ventas y ya lo han lucido otros rostros conocidos como <a class=\"hm-link ho-link\" href=\"https:\/\/www.hola.com\/fashion\/tendencias\/20240731710153\/laura-escanes-look-menorca-combinacion-rojo-rosa\/\" data-mrf-recirculation=\"article-body-link\" rel=\"nofollow noopener\" target=\"_blank\">Laura Escanes, que provoc\u00f3 un enorme revuelo al lucirlo el a\u00f1o pasado<\/a> durante sus vacaciones en su querida Menorca. \u00abLa ni\u00f1a de rojo combinando con rosa porque eso de que &#8216;no pegan&#8217; es una mentira m\u00e1s grande que las que te contaba tu ex\u00bb, escribi\u00f3 la catalana en sus redes sociales junto a varias instant\u00e1neas en las que posaba con este atrevido vestido en <strong>un vibrante color rojo<\/strong> que combin\u00f3 con accesorios en intenso rosa chicle.\u00a0<\/p>\n<p> <img src=\"https:\/\/www.europesays.com\/es\/wp-content\/uploads\/2025\/11\/72e86e9c439b-laura-escanes-vestido1.jpg\"   width=\"881\" height=\"1024\" loading=\"lazy\" decoding=\"async\" alt=\"Laura Escanes\" fetchpriority=\"auto\" class=\"image ho-image\"\/>\u00a9 lauraescanesLaura Escanes en el verano de 2024 luciendo el mismo dise\u00f1o pero en versi\u00f3n corta<\/p>\n","protected":false},"excerpt":{"rendered":"Manuela S\u00e1nchez se ha convertido en una experta en causar furor con sus looks de invitada y esta&hellip;\n","protected":false},"author":2,"featured_media":256780,"comment_status":"","ping_status":"","sticky":false,"template":"","format":"standard","meta":{"footnotes":""},"categories":[174],"tags":[1024,255,146,147,25,24,256,24449,64489,1023,23],"class_list":{"0":"post-256779","1":"post","2":"type-post","3":"status-publish","4":"format-standard","5":"has-post-thumbnail","7":"category-famosos","8":"tag-actualidad-moda","9":"tag-celebrities","10":"tag-entertainment","11":"tag-entretenimiento","12":"tag-es","13":"tag-espana","14":"tag-famosos","15":"tag-jaydy-michel","16":"tag-manuela-sanchez","17":"tag-moda","18":"tag-spain"},"share_on_mastodon":{"url":"https:\/\/pubeurope.com\/@es\/115616157238404896","error":""},"_links":{"self":[{"href":"https:\/\/www.europesays.com\/es\/wp-json\/wp\/v2\/posts\/256779","targetHints":{"allow":["GET"]}}],"collection":[{"href":"https:\/\/www.europesays.com\/es\/wp-json\/wp\/v2\/posts"}],"about":[{"href":"https:\/\/www.europesays.com\/es\/wp-json\/wp\/v2\/types\/post"}],"author":[{"embeddable":true,"href":"https:\/\/www.europesays.com\/es\/wp-json\/wp\/v2\/users\/2"}],"replies":[{"embeddable":true,"href":"https:\/\/www.europesays.com\/es\/wp-json\/wp\/v2\/comments?post=256779"}],"version-history":[{"count":0,"href":"https:\/\/www.europesays.com\/es\/wp-json\/wp\/v2\/posts\/256779\/revisions"}],"wp:featuredmedia":[{"embeddable":true,"href":"https:\/\/www.europesays.com\/es\/wp-json\/wp\/v2\/media\/256780"}],"wp:attachment":[{"href":"https:\/\/www.europesays.com\/es\/wp-json\/wp\/v2\/media?parent=256779"}],"wp:term":[{"taxonomy":"category","embeddable":true,"href":"https:\/\/www.europesays.com\/es\/wp-json\/wp\/v2\/categories?post=256779"},{"taxonomy":"post_tag","embeddable":true,"href":"https:\/\/www.europesays.com\/es\/wp-json\/wp\/v2\/tags?post=256779"}],"curies":[{"name":"wp","href":"https:\/\/api.w.org\/{rel}","templated":true}]}}