{"id":256785,"date":"2025-11-26T13:11:09","date_gmt":"2025-11-26T13:11:09","guid":{"rendered":"https:\/\/www.europesays.com\/es\/256785\/"},"modified":"2025-11-26T13:11:09","modified_gmt":"2025-11-26T13:11:09","slug":"estoy-harto-de-arrogantes-soberbios-y-narcisistas","status":"publish","type":"post","link":"https:\/\/www.europesays.com\/es\/256785\/","title":{"rendered":"\u00abEstoy harto de arrogantes, soberbios y narcisistas\u00bb"},"content":{"rendered":"<p style=\"\">I\u00f1aki Ant\u00f3n, cofundador de Platero y T\u00fa y cerebro musical de Extremoduro, es muy probablemente uno de los m\u00fasicos espa\u00f1oles m\u00e1s influyentes y determinantes. Bastante recuperado ya de un Covid persistente que lo tuvo alejado de los escenarios, el primer disco de su nuevo proyecto  &#8230; musical, &#8216;Rebrote&#8217;, ver\u00e1 la luz en enero. Pero no podemos esperar hasta entonces, somos ansia viva, para hablar con \u00e9l de pecados y pecadillos.<\/p>\n<p class=\"voc-p\" style=\"\"><strong>\u2014Le perdono un pecado.<\/strong><\/p>\n<p class=\"voc-p\" style=\"\">\u2014Hostias, perd\u00f3namelos todos.<\/p>\n<p class=\"voc-p\" style=\"\"><strong>\u2014\u00bfMe ha salido pecador?<\/strong><\/p>\n<p class=\"voc-p\" style=\"\">\u2014Bueno, es que hay algunos que no deber\u00edan ser pecado, lo que deber\u00eda ser pecado es no cometerlos. La lujuria, por ejemplo. Oye, quien no lo tenga que se joda, pero que nos deje en paz a los dem\u00e1s. <\/p>\n<p class=\"voc-p\" style=\"\"><strong>\u2014Y la gula.<\/strong><\/p>\n<p class=\"voc-p\" style=\"\">\u2014Es que, si la gula es el consumo excesivo de comida y bebida, habr\u00eda que ver qui\u00e9n determina lo que es excesivo. Nada, fuera tambi\u00e9n. No es ni pecadillo.<\/p>\n<p class=\"voc-p\" style=\"\"><strong>\u2014O la pereza.<\/strong><\/p>\n<p class=\"voc-p\" style=\"\">\u2014Oh, la pereza. \u00a1Qu\u00e9 gustito! Ese es mi pecado capital, sin duda. Antes te he dicho que me los perdonases todos, pero no, rectifico: perd\u00f3name solo la pereza. Porque lo estoy pensando mejor y yo no soy avaricioso, ni soberbio (espero). Y luego, de los dem\u00e1s, pues hombre, es que a ver qui\u00e9n se libra\u2026<\/p>\n<p class=\"voc-p\" style=\"\"><strong>\u2014Es que somos humanos, I\u00f1aki. El que m\u00e1s y el que menos habr\u00e1 cometido alguno en alg\u00fan momento, \u00bfno? Aquello de que lance una piedra el que est\u00e9 libre de pecado.<\/strong><\/p>\n<p class=\"voc-p\" style=\"\">\u2014Todos hemos ca\u00eddo alguna vez, claro. En alg\u00fan momento de la vida, y m\u00e1s como tengas una vida un poco larga, que igual tampoco hace falta tenerla demasiado larga tampoco, hemos ca\u00eddo. Lo que pasa es que, los que queremos aprender, pues procuramos quitarnos alguno. Otros no, otros ni nos los quitamos ni nos los queremos quitar.<\/p>\n<p class=\"voc-p\" style=\"\"><strong>\u2014Adem\u00e1s, ustedes los artistas tienen una responsabilidad en esto. Sin lujuria, por ejemplo, no existir\u00edan algunas de las grandes obras literarias y musicales, no habr\u00eda Rock &amp; Roll.<\/strong><\/p>\n<p class=\"voc-p\" style=\"\">\u2014La lujuria es imprescindible. No digo que tengas que estar todo el d\u00eda salido perdido, pero como la gula o la pereza, son pecados que hay que permitirse de vez en cuando.<\/p>\n<p class=\"voc-p\" style=\"\"><strong>\u2014Hay pecados gozosos y pecados a evitar.<\/strong><\/p>\n<p class=\"voc-p\" style=\"\">\u2014Exacto. Nadie puede librarse pero lo suyo es aprender y tratar de mantenerlos a raya. A m\u00ed me gustar\u00eda decir que estoy libre de algunos de ellos, sobre todo de la avaricia o de la soberbia, que para m\u00ed son los peores, pero todos somos susceptibles de caer en ellos. <\/p>\n<p class=\"voc-p\" style=\"\"><strong>\u2014\u00bfLa soberbia y la avaricia son los que m\u00e1s le cuesta perdonar?<\/strong><\/p>\n<p class=\"voc-p\" style=\"\">\u2014S\u00ed, sobre todo la soberbia, f\u00edjate. O la arrogancia, que tienen relaci\u00f3n pero veo ah\u00ed, sin ser ling\u00fcista, un matiz. Pero s\u00ed, es el que m\u00e1s me cuesta perdonar porque creo que puede ser m\u00e1s da\u00f1ino con los dem\u00e1s y es un pecado que, en este siglo, parece que abunda m\u00e1s. Y estoy un poco harto de arrogantes, de soberbios, de narcisistas y de este tipo de gente.<\/p>\n<p class=\"voc-p\" style=\"\"><strong>\u2014\u00bfA\u00f1adir\u00eda alguno, ya que nos ponemos?<\/strong><\/p>\n<p class=\"voc-p\" style=\"\">\u2014El chismorreo, yo lo diferenciar\u00eda de la opini\u00f3n, que es otra cosa, y lo a\u00f1adir\u00eda ah\u00ed, as\u00ed por la cara. Opinar es l\u00edcito y constructivo, pero el chismorreo es da\u00f1ino, tiene un componente de malicia gratuita. <\/p>\n<p class=\"voc-p\" style=\"\"><strong>\u2014\u00bfAlgo m\u00e1s?<\/strong><\/p>\n<p class=\"voc-p\" style=\"\">\u2014\u00bfLa manipulaci\u00f3n y el enga\u00f1o vienen en la lista?<\/p>\n<p class=\"voc-p\" style=\"\"><strong>\u2014No, no vienen.<\/strong><\/p>\n<p class=\"voc-p\" style=\"\">\u2014Pues me los pongan, oiga. <\/p>\n<p class=\"voc-p\" style=\"\">\u2014Marchando.<\/p>\n","protected":false},"excerpt":{"rendered":"I\u00f1aki Ant\u00f3n, cofundador de Platero y T\u00fa y cerebro musical de Extremoduro, es muy probablemente uno de los&hellip;\n","protected":false},"author":2,"featured_media":256786,"comment_status":"","ping_status":"","sticky":false,"template":"","format":"standard","meta":{"footnotes":""},"categories":[170],"tags":[23458,64490,146,147,25,24,59084,6616,184,185,64492,64491,23],"class_list":{"0":"post-256785","1":"post","2":"type-post","3":"status-publish","4":"format-standard","5":"has-post-thumbnail","7":"category-musica","8":"tag-anton","9":"tag-arrogantes","10":"tag-entertainment","11":"tag-entretenimiento","12":"tag-es","13":"tag-espana","14":"tag-harto","15":"tag-inaki","16":"tag-music","17":"tag-musica","18":"tag-narcisistas","19":"tag-soberbios","20":"tag-spain"},"share_on_mastodon":{"url":"https:\/\/pubeurope.com\/@es\/115616172280876468","error":""},"_links":{"self":[{"href":"https:\/\/www.europesays.com\/es\/wp-json\/wp\/v2\/posts\/256785","targetHints":{"allow":["GET"]}}],"collection":[{"href":"https:\/\/www.europesays.com\/es\/wp-json\/wp\/v2\/posts"}],"about":[{"href":"https:\/\/www.europesays.com\/es\/wp-json\/wp\/v2\/types\/post"}],"author":[{"embeddable":true,"href":"https:\/\/www.europesays.com\/es\/wp-json\/wp\/v2\/users\/2"}],"replies":[{"embeddable":true,"href":"https:\/\/www.europesays.com\/es\/wp-json\/wp\/v2\/comments?post=256785"}],"version-history":[{"count":0,"href":"https:\/\/www.europesays.com\/es\/wp-json\/wp\/v2\/posts\/256785\/revisions"}],"wp:featuredmedia":[{"embeddable":true,"href":"https:\/\/www.europesays.com\/es\/wp-json\/wp\/v2\/media\/256786"}],"wp:attachment":[{"href":"https:\/\/www.europesays.com\/es\/wp-json\/wp\/v2\/media?parent=256785"}],"wp:term":[{"taxonomy":"category","embeddable":true,"href":"https:\/\/www.europesays.com\/es\/wp-json\/wp\/v2\/categories?post=256785"},{"taxonomy":"post_tag","embeddable":true,"href":"https:\/\/www.europesays.com\/es\/wp-json\/wp\/v2\/tags?post=256785"}],"curies":[{"name":"wp","href":"https:\/\/api.w.org\/{rel}","templated":true}]}}