{"id":256794,"date":"2025-11-26T13:17:22","date_gmt":"2025-11-26T13:17:22","guid":{"rendered":"https:\/\/www.europesays.com\/es\/256794\/"},"modified":"2025-11-26T13:17:22","modified_gmt":"2025-11-26T13:17:22","slug":"el-ibex-35-arranca-rompiendo-los-16-200-puntos","status":"publish","type":"post","link":"https:\/\/www.europesays.com\/es\/256794\/","title":{"rendered":"El Ibex 35 arranca rompiendo los 16.200 puntos"},"content":{"rendered":"<p>El Ibex 35 empieza la sesi\u00f3n con fuerza y se anota subidas de alrededor del 0,4% al calor del sentimiento positivo de toda Europa. La sesi\u00f3n de ayer en Estados Unidos tambi\u00e9n fue positiva y se ha ido transmitiendo al resto de \u00edndices, desde los asi\u00e1ticos hasta los europeos en este inicio de ma\u00f1ana.\u00a0<\/p>\n<p><img decoding=\"async\" alt=\"\" data-source-description=\"\" style=\"width: 1067px; height: 426px;\" src=\"https:\/\/www.europesays.com\/es\/wp-content\/uploads\/2025\/11\/1764163039_843_ibex-recortado.png\" class=\"lazyload\"\/>&#13;<br \/>\n\u00a0&#13;<\/p>\n<p>\u00a0<\/p>\n<p>\u00a0<\/p>\n<p>Empresas que m\u00e1s suben del Ibex 35<\/p>\n<p>Las acciones de <a href=\"https:\/\/www.xtb.com\/es\/analisis-de-mercado\/las-acciones-de-arcelormittal-y-acerinox-se-disparan\" target=\"_blank\" rel=\"nofollow noopener\">Acerinox<\/a> est\u00e1n anot\u00e1ndose subidas y siguen de dulce despu\u00e9s de que ayer se apuntara a que la UE pretende negociar los aranceles al acero que Estados Unidos impone a la regi\u00f3n. Por su parte,<strong> las acciones de <a href=\"https:\/\/www.xtb.com\/es\/analisis-de-mercado\/las-acciones-de-indra-se-dan-la-vuelta-por-la-proximidad-del-acuerdo-de-paz\" target=\"_blank\" rel=\"nofollow noopener\">Indra<\/a> est\u00e1n en la parte alta de la tabla, pero hay que apuntar que est\u00e1n teniendo un comportamiento algo err\u00e1tico en las \u00faltimas sesiones por las negociaciones de paz en la guerra Ucrania-Rusia. <\/strong>Otro valor en la parte alta es Acciona, que seg\u00fan informa Expansi\u00f3n, la compa\u00f1\u00eda estar\u00eda negociando la venta de los activos e\u00f3licos que posee en Galicia. Recordemos que Acciona fue castigada tras presentar sus \u00faltimos resultados por un desempe\u00f1o del segmento de energ\u00eda que decepcion\u00f3.\u00a0<\/p>\n<p><img decoding=\"async\" alt=\"\" data-source-description=\"\" style=\"width: 1186px; height: 267px;\" src=\"https:\/\/www.europesays.com\/es\/wp-content\/uploads\/2025\/11\/screenshot-2025-11-26-091408.png\" class=\"lazyload\"\/>Fuente: Plataforma de XTB&#13;<br \/>\n&#13;<br \/>\n\u00a0&#13;<\/p>\n<p>Empresas que m\u00e1s bajan del Ibex 35<\/p>\n<p>Las acciones de Mapfre son las m\u00e1s bajistas de la sesi\u00f3n, pero se debe a que est\u00e1n descontando el dividendo que repartir\u00e1n este viernes. Si quitamos este factor, el resto de valores est\u00e1n cotizando mayormente al alza e incluso la tendencia se est\u00e1 acelerando a medida que avanza la sesi\u00f3n.\u00a0<\/p>\n<p><img decoding=\"async\" alt=\"\" data-source-description=\"\" style=\"width: 1190px; height: 225px;\" src=\"https:\/\/www.europesays.com\/es\/wp-content\/uploads\/2025\/11\/screenshot-2025-11-26-092402.png\" class=\"lazyload\"\/>Fuente: Plataforma de XTB&#13;<br \/>\n&#13;<br \/>\n\u00a0&#13;<\/p>\n<p>\u00a0<\/p>\n<p>\u00bfC\u00f3mo invertir en el Ibex 35?<\/p>\n<p>Dentro de la amplia oferta de instrumentos financieros de XTB, nuestros usuarios pueden encontrar ETFs del Ibex35, como el\u00a0<a href=\"https:\/\/www.xtb.com\/es\/nuestra-oferta-de-trading\/oferta-de-mercados-financieros\/etfs\/lyxib-es\" rel=\"nofollow noopener\" target=\"_blank\">LYXIB.ES<\/a>. Al igual que ocurre con el resto de\u00a0<a href=\"https:\/\/www.xtb.com\/es\/etfs\" rel=\"nofollow noopener\" target=\"_blank\">ETFs<\/a>\u00a0o acciones de nuestra cartera,<strong>\u00a0los primeros 100.000 euros de negociaci\u00f3n mensual no tienen comisi\u00f3n de compra ni de venta.<\/strong>\u00a0Adem\u00e1s, aquellos que quieran invertir en varios tipos de activos a la vez pueden hacerlo a trav\u00e9s de nuestros\u00a0<a href=\"https:\/\/www.xtb.com\/es\/planes-de-inversion\" rel=\"nofollow noopener\" target=\"_blank\">planes de inversi\u00f3n<\/a>, una funcionalidad que permite combinar distintos t\u00edtulos, programando las aportaciones de manera peri\u00f3dica y eligiendo tanto el importe como el plazo o m\u00e9todo de pago. En concreto, podr\u00e1n crear su plan de inversi\u00f3n a partir de tan s\u00f3lo 15 euros, pudiendo elegir hasta 9 ETFs diferentes en cada uno de sus planes.<\/p>\n<p>\u00a0<\/p>\n<p>\u00a0<\/p>\n<p style=\"color:rgba(24,24,30,0.4); font-size: 12px; text-align: justify;\">El contenido que se presenta en la secci\u00f3n de FORMACI\u00d3N s\u00f3lo tiene fines informativos, educativos y de apoyo para utilizar la plataforma. El material presentado, incluyendo los an\u00e1lisis, precios, opiniones u otros contenidos, no es una recomendaci\u00f3n de inversi\u00f3n o informaci\u00f3n que recomiende o sugiera una estrategia de inversi\u00f3n ni se incluye en el \u00e1mbito del asesoramiento en materia de inversi\u00f3n recogido en la Ley 6\/2023 de los Mercados de Valores y de los Servicios de Inversi\u00f3n (art\u00edculo 125.1 g). Este v\u00eddeo se ha preparado sin tener en cuenta las necesidades del cliente ni su situaci\u00f3n financiera individual.<br \/>&#13;<br \/>\nXTB no aceptar\u00e1 responsabilidad por ning\u00fan tipo de p\u00e9rdidas o da\u00f1os, incluyendo, entre otros, cualquier lucro cesante, que pueda surgir directa o indirectamente del uso o dependencia de la informaci\u00f3n incluida en este v\u00eddeo. XTB S.A. no es responsable de las acciones u omisiones del cliente, especialmente por la adquisici\u00f3n o disposici\u00f3n de instrumentos financieros, realizados con base en la informaci\u00f3n que contiene este v\u00eddeo.<br \/>&#13;<br \/>\nEl rendimiento pasado no es necesariamente indicativo de resultados futuros y cualquier persona que act\u00fae sobre esta informaci\u00f3n lo hace bajo su propio riesgo.<br \/>&#13;<br \/>\nCopyright \u00a9 XTB S.A. Todos los derechos reservados. Est\u00e1 prohibido copiar, modificar y distribuir este v\u00eddeo sin el consentimiento expreso de XTB S.A.<\/p>\n","protected":false},"excerpt":{"rendered":"El Ibex 35 empieza la sesi\u00f3n con fuerza y se anota subidas de alrededor del 0,4% al calor&hellip;\n","protected":false},"author":2,"featured_media":162689,"comment_status":"","ping_status":"","sticky":false,"template":"","format":"standard","meta":{"footnotes":""},"categories":[80],"tags":[82,95,94,25,24,23],"class_list":{"0":"post-256794","1":"post","2":"type-post","3":"status-publish","4":"format-standard","5":"has-post-thumbnail","7":"category-economia","8":"tag-business","9":"tag-economia","10":"tag-economy","11":"tag-es","12":"tag-espana","13":"tag-spain"},"share_on_mastodon":{"url":"","error":""},"_links":{"self":[{"href":"https:\/\/www.europesays.com\/es\/wp-json\/wp\/v2\/posts\/256794","targetHints":{"allow":["GET"]}}],"collection":[{"href":"https:\/\/www.europesays.com\/es\/wp-json\/wp\/v2\/posts"}],"about":[{"href":"https:\/\/www.europesays.com\/es\/wp-json\/wp\/v2\/types\/post"}],"author":[{"embeddable":true,"href":"https:\/\/www.europesays.com\/es\/wp-json\/wp\/v2\/users\/2"}],"replies":[{"embeddable":true,"href":"https:\/\/www.europesays.com\/es\/wp-json\/wp\/v2\/comments?post=256794"}],"version-history":[{"count":0,"href":"https:\/\/www.europesays.com\/es\/wp-json\/wp\/v2\/posts\/256794\/revisions"}],"wp:featuredmedia":[{"embeddable":true,"href":"https:\/\/www.europesays.com\/es\/wp-json\/wp\/v2\/media\/162689"}],"wp:attachment":[{"href":"https:\/\/www.europesays.com\/es\/wp-json\/wp\/v2\/media?parent=256794"}],"wp:term":[{"taxonomy":"category","embeddable":true,"href":"https:\/\/www.europesays.com\/es\/wp-json\/wp\/v2\/categories?post=256794"},{"taxonomy":"post_tag","embeddable":true,"href":"https:\/\/www.europesays.com\/es\/wp-json\/wp\/v2\/tags?post=256794"}],"curies":[{"name":"wp","href":"https:\/\/api.w.org\/{rel}","templated":true}]}}