{"id":256799,"date":"2025-11-26T13:20:15","date_gmt":"2025-11-26T13:20:15","guid":{"rendered":"https:\/\/www.europesays.com\/es\/256799\/"},"modified":"2025-11-26T13:20:15","modified_gmt":"2025-11-26T13:20:15","slug":"el-ministerio-de-cultura-reactiva-la-rehabilitacion-del-teatro-emperador-de-leon","status":"publish","type":"post","link":"https:\/\/www.europesays.com\/es\/256799\/","title":{"rendered":"El Ministerio de Cultura reactiva la rehabilitaci\u00f3n del Teatro Emperador de Le\u00f3n"},"content":{"rendered":"<p>El ministro de Cultura, Ernest Urtasun, se ha reunido hoy con el alcalde de Le\u00f3n, Jos\u00e9 Antonio Diez, para acordar los siguientes pasos en la rehabilitaci\u00f3n del Teatro Emperador, adquirido por el Gobierno en 2008 y adscrito al Instituto Nacional de las Artes Esc\u00e9nicas y de la M\u00fasica (INAEM).<\/p>\n<p>Con el objetivo de desencallar la reforma del Teatro Emperador, el Ministerio de Cultura encarg\u00f3 un informe arquitect\u00f3nico para evaluar las necesidades de reforma del edificio. Dicho informe indica la necesidad de un Plan Especial de reforma del dise\u00f1o del Teatro, debido a la envergadura de la obra, y cuya aprobaci\u00f3n ser\u00e1 previa a la licitaci\u00f3n de la ejecuci\u00f3n de la obra.<\/p>\n<p>La redacci\u00f3n de dicho Plan Especial ha sido contratada por el Ministerio de Cultura, a trav\u00e9s del INAEM, el pasado mes de octubre, y se prev\u00e9 que est\u00e9 listo a finales de este a\u00f1o. Este Plan Especial debe ser aprobado por el Ayuntamiento de Le\u00f3n, puesto que afecta a la volumetr\u00eda del edificio.<\/p>\n<p>Una vez finalizado y aprobado este Plan Especial, se podr\u00e1 realizar la licitaci\u00f3n de la redacci\u00f3n del proyecto de obra, que correr\u00e1 a cargo del Ministerio de Cultura y tiene un coste previsto de entre 500.000 y un mill\u00f3n de euros.<\/p>\n<p>Tal como han acordado ambas administraciones, el Ayuntamiento de Le\u00f3n estar\u00e1 a cargo de la ejecuci\u00f3n de la obra, que ser\u00e1 financiada por el Gobierno de Espa\u00f1a con el 2% Cultural. El 2% Cultural es la principal herramienta de la Administraci\u00f3n General del Estado para garantizar la conservaci\u00f3n del patrimonio hist\u00f3rico, cultural y art\u00edstico de Espa\u00f1a.<\/p>\n<p>El ministro de Cultura ha se\u00f1alado que \u201cesta es la primera vez, desde que el Estado adquiri\u00f3 el Teatro Emperador, que damos pasos concretos, precisos y calendarizados. Lo hacemos con una visi\u00f3n compartida entre administraciones, porque proyectos de esta envergadura solo salen adelante cuando hay cooperaci\u00f3n y voluntad pol\u00edtica\u201d.<\/p>\n<p>Asimismo, ha a\u00f1adido que \u201cpara este Ministerio, defender la cultura es tambi\u00e9n recuperar infraestructuras que pertenecen a la ciudadan\u00eda, garantizar su futuro y convertirlas en espacios contempor\u00e1neos, accesibles y sostenibles. Nuestro compromiso es devolver al Teatro Emperador el lugar que merece en la vida cultural de Le\u00f3n\u201d.<\/p>\n<p>Tambi\u00e9n se ha acordado que el equipamiento del Teatro Emperador ser\u00e1 financiado por el Ayuntamiento de Le\u00f3n, la Junta de Castilla y Le\u00f3n y la Diputaci\u00f3n de Le\u00f3n. Una vez la obra est\u00e9 en marcha, se abordar\u00e1 la gesti\u00f3n del Teatro Emperador, que dotar\u00e1 a la ciudad de un teatro p\u00fablico, del que actualmente carece.<\/p>\n<p><strong>Teatro Emperador<\/strong>Salto de l\u00ednea<br \/>\nEl Teatro Emperador, situado en la Avenida de la Independencia de Le\u00f3n, fue encargado en 1946 por la Empresa Leonesa de Espect\u00e1culos S.A. Fue dise\u00f1ado por Gonzalo de C\u00e1rdenas, Manuel de C\u00e1rdenas y Francisco J. Sanz y pensado como un edificio con una funci\u00f3n polivalente, ya que contempla tanto la representaci\u00f3n teatral, como la exposici\u00f3n cinematogr\u00e1fica.<\/p>\n<p>El edificio est\u00e1 incluido en el Cat\u00e1logo de Bienes y Elementos Protegidos del Plan Especial de Conjunto Urbano de la Ciudad de Le\u00f3n (PECU). El grado de protecci\u00f3n del edificio es 2, correspondiendo este grado a una protecci\u00f3n de tipo Integral.<\/p>\n<p>Tras permanecer en funcionamiento ininterrumpido desde su inauguraci\u00f3n en 1951, fue cerrado al p\u00fablico en 2006. Desde 2009, es propiedad del Ministerio de Cultura, adscrito al INAEM.<\/p>\n<p>Entre 2012 y 2013, Cultura acometi\u00f3 una intervenci\u00f3n urgente en las fachadas y cubiertas del teatro, y recientemente se ha realizado tareas de limpieza exterior y revisi\u00f3n de instalaciones en el interior del edificio.<\/p>\n<p><strong>Un tr\u00edptico recuperado del tr\u00e1fico il\u00edcito en el Museo de Le\u00f3n<\/strong>Salto de l\u00ednea<br \/>\nEl ministro de Cultura ha visitado tambi\u00e9n el Museo de Le\u00f3n, museo estatal de gesti\u00f3n transferida a la Comunidad Aut\u00f3noma, a cuya colecci\u00f3n ha sido asignado el \u2018Tr\u00edptico con escena central de la adoraci\u00f3n de los Reyes Magos\u2019.<\/p>\n<p>Esta obra de la Escuela manierista de Amberes, datada en la primera mitad del s. XVI, fue recuperada del tr\u00e1fico ilegal en la Operaci\u00f3n \u2018Altarpiece\u2019, desarrollada de manera conjunta por Ministerio de Cultura, Guardia Civil, y Arma de Carabinieri de Italia, junto con otros 68 bienes culturales de gran valor que se hab\u00edan exportado de manera ilegal de Espa\u00f1a a Italia.<\/p>\n<p>En 2023 comenz\u00f3 la investigaci\u00f3n sobre estos bienes exportados ilegalmente, cuya restituci\u00f3n a Espa\u00f1a se hizo efectiva el pasado julio. En el \u00faltimo Consejo del Patrimonio Hist\u00f3rico, \u00f3rgano colegiado en el que participan los responsables en material de patrimonio cultural de todas las comunidades aut\u00f3nomas y el Estado, se decidi\u00f3 el destino de estos bienes, que se han repartido por museos p\u00fablicos de todo el Estado. <\/p>\n","protected":false},"excerpt":{"rendered":"El ministro de Cultura, Ernest Urtasun, se ha reunido hoy con el alcalde de Le\u00f3n, Jos\u00e9 Antonio Diez,&hellip;\n","protected":false},"author":2,"featured_media":256800,"comment_status":"","ping_status":"","sticky":false,"template":"","format":"standard","meta":{"footnotes":""},"categories":[5],"tags":[17,18,25,24,13,14,11,19,20,9,10,15,16,23,64496,12,21,22],"class_list":{"0":"post-256799","1":"post","2":"type-post","3":"status-publish","4":"format-standard","5":"has-post-thumbnail","7":"category-titulares","8":"tag-breaking-news","9":"tag-breakingnews","10":"tag-es","11":"tag-espana","12":"tag-featured-news","13":"tag-featurednews","14":"tag-headlines","15":"tag-latest-news","16":"tag-latestnews","17":"tag-news","18":"tag-noticias","19":"tag-noticias-destacadas","20":"tag-noticiasdestacadas","21":"tag-spain","22":"tag-teatro-emperador-de-leon","23":"tag-titulares","24":"tag-ultimas-noticias","25":"tag-ultimasnoticias"},"share_on_mastodon":{"url":"https:\/\/pubeurope.com\/@es\/115616207558291293","error":""},"_links":{"self":[{"href":"https:\/\/www.europesays.com\/es\/wp-json\/wp\/v2\/posts\/256799","targetHints":{"allow":["GET"]}}],"collection":[{"href":"https:\/\/www.europesays.com\/es\/wp-json\/wp\/v2\/posts"}],"about":[{"href":"https:\/\/www.europesays.com\/es\/wp-json\/wp\/v2\/types\/post"}],"author":[{"embeddable":true,"href":"https:\/\/www.europesays.com\/es\/wp-json\/wp\/v2\/users\/2"}],"replies":[{"embeddable":true,"href":"https:\/\/www.europesays.com\/es\/wp-json\/wp\/v2\/comments?post=256799"}],"version-history":[{"count":0,"href":"https:\/\/www.europesays.com\/es\/wp-json\/wp\/v2\/posts\/256799\/revisions"}],"wp:featuredmedia":[{"embeddable":true,"href":"https:\/\/www.europesays.com\/es\/wp-json\/wp\/v2\/media\/256800"}],"wp:attachment":[{"href":"https:\/\/www.europesays.com\/es\/wp-json\/wp\/v2\/media?parent=256799"}],"wp:term":[{"taxonomy":"category","embeddable":true,"href":"https:\/\/www.europesays.com\/es\/wp-json\/wp\/v2\/categories?post=256799"},{"taxonomy":"post_tag","embeddable":true,"href":"https:\/\/www.europesays.com\/es\/wp-json\/wp\/v2\/tags?post=256799"}],"curies":[{"name":"wp","href":"https:\/\/api.w.org\/{rel}","templated":true}]}}