{"id":256831,"date":"2025-11-26T13:43:11","date_gmt":"2025-11-26T13:43:11","guid":{"rendered":"https:\/\/www.europesays.com\/es\/256831\/"},"modified":"2025-11-26T13:43:11","modified_gmt":"2025-11-26T13:43:11","slug":"javier-fernandez-pone-a-la-campana-como-ejemplo-de-pueblo-amable-con-el-medioambiente-tras-visitar-los-proyectos-que-estan-en-marcha-con-fondos-gestionados-por-la-diputacion","status":"publish","type":"post","link":"https:\/\/www.europesays.com\/es\/256831\/","title":{"rendered":"Javier Fern\u00e1ndez pone a La Campana como ejemplo de \u00abpueblo amable con el medioambiente\u00bb tras visitar los proyectos que est\u00e1n en marcha con fondos gestionados por la Diputaci\u00f3n"},"content":{"rendered":"<p align=\"justify\">El presidente de la Diputaci\u00f3n, Javier Fern\u00e1ndez, ha visitado hoy la localidad sevillana de La Campana junto a su alcalde, Manuel Fern\u00e1ndez, con un recorrido en el que ambos han podido comprobar c\u00f3mo van los proyectos puesto en marcha gracias a la financiaci\u00f3n del Gobierno a trav\u00e9s de la instituci\u00f3n provincial.<\/p>\n<p align=\"justify\">\u00a0<\/p>\n<p align=\"justify\">En la visita el presidente provincial ha se\u00f1alado que tras su aprobaci\u00f3n en el Pleno de este jueves 27 de noviembre \u201cLa Campana va a recibir 1,5M\u20ac directamente de la Diputaci\u00f3n a trav\u00e9s del Plan Sevilla 2030. Un mill\u00f3n ir\u00e1 destinado a un nuevo aparcamiento subterr\u00e1neo, que va a permitir no solamente el aparcamiento sino la peatonalizaci\u00f3n de una zona muy importante del centro del municipio. El otro medio mill\u00f3n est\u00e1 dentro del Plan M\u00e1s Sevilla Tur\u00edstico\u201d.<\/p>\n<p align=\"justify\">\u00a0<\/p>\n<p align=\"justify\">Manuel Oviedo, por su parte, ha subrayado que \u201cestamos encantados de que nos lleguen este tipo de recursos porque los ayuntamientos no podr\u00edamos hacer todas estas mejoras si no fuera con la ayuda de la Diputaci\u00f3n\u201d, recordando que \u201cuno de los proyectos estrella de esta legislatura va a ser ese nuevo parking que se va a construir al lado del Ayuntamiento\u201d.<\/p>\n<p align=\"justify\">\u00a0<\/p>\n<p align=\"justify\">Acorde a las palabras del presidente, el alcalde ha remarcado que \u201cpor supuesto tambi\u00e9n vamos a realizar otras actuaciones en el \u00e1mbito tur\u00edstico de m\u00e1s de medio mill\u00f3n de euros en el Parque de la Atalaya, una de las zonas rurales m\u00e1s importantes de nuestro territorio\u201d, destacando adem\u00e1s \u201ccasi medio mill\u00f3n de euros para la construcci\u00f3n de una carpa cubierta en la Plaza Antonio Machado, que va a ser un espacio magn\u00edfico de encuentro para todos los vecinos de nuestro municipio\u201d.<\/p>\n<p align=\"justify\">\u00a0<\/p>\n<p align=\"justify\">Durante el recorrido por la obra acometida en el carril bici, el presidente ha se\u00f1alado que \u201cel municipio est\u00e1 invirtiendo en algo que para m\u00ed es fundamental, que es en la sostenibilidad. He tenido la oportunidad de ver c\u00f3mo una de las prioridades del equipo de gobierno es el fomento de carriles bici, la peatonalizaci\u00f3n y el fomento de la digitalizaci\u00f3n\u201d, puntualizando que \u201cest\u00e1n trabajando, desde mi punto de vista, en la l\u00ednea correcta\u201d.<\/p>\n<p align=\"justify\">\u00a0<\/p>\n<p align=\"justify\">\u201cLa Campana es el ejemplo de un municipio en el que se mira al futuro y donde se va incorporando ese concepto medioambiental de pueblo amable\u201d, ha destacado el presidente al comprobar c\u00f3mo se ha apostado desde el Ayuntamiento por la creaci\u00f3n del carril bici con una financiaci\u00f3n de algo m\u00e1s de 800.000\u20ac a trav\u00e9s del Programa PFEA desde 2022. Este 2026 se prev\u00e9 la mejora del carril as\u00ed como su accesibilidad desde otras partes del municipio con unos 220.000\u20ac m\u00e1s.<\/p>\n<p align=\"justify\">\u00a0<\/p>\n<p align=\"justify\">El recorrido de la visita ha pasado tambi\u00e9n por la calle Palma, una de las actuaciones m\u00e1s destacadas que se vienen financiando a trav\u00e9s del PFEA desde 2022. Con el embellecimiento, mejora de pavimentaci\u00f3n y accesibilidad, as\u00ed como la instalaci\u00f3n de zonas verdes, esta calle del municipio se ha revitalizado con una inversi\u00f3n de 1,3M\u20ac.<\/p>\n<p align=\"justify\">\u00a0<\/p>\n<p align=\"justify\">Por \u00faltimo, el presidente y el acalde han finalizado su visita en el Ayuntamiento de la localidad, que ha recibido una dotaci\u00f3n de unos 303.000\u20ac del PFEA para su reurbanizaci\u00f3n y la mejora de los espacios colindantes como la calle Arag\u00f3n y la calle Luis Zarapico.<\/p>\n<p align=\"justify\">\u00a0<\/p>\n<p align=\"justify\">En este sentido, el presidente ha puesto en valor \u201cel concepto de utilidad\u201d en su visita a La Campana. \u201cVeo un muy buen uso del dinero p\u00fablico. Cada vez que vengo veo proyectos en ejecuci\u00f3n y despu\u00e9s ya los veo en funcionamiento, lo que demuestra el conocimiento de la realidad y la cercan\u00eda de su equipo de gobierno\u201d, ha enfatizado.<\/p>\n<p align=\"justify\">\u00a0<\/p>\n<p align=\"justify\">\u00a0<\/p>\n","protected":false},"excerpt":{"rendered":"El presidente de la Diputaci\u00f3n, Javier Fern\u00e1ndez, ha visitado hoy la localidad sevillana de La Campana junto a&hellip;\n","protected":false},"author":2,"featured_media":256832,"comment_status":"","ping_status":"","sticky":false,"template":"","format":"standard","meta":{"footnotes":""},"categories":[5],"tags":[17,18,25,24,13,14,11,19,20,9,10,15,16,23,12,21,22],"class_list":{"0":"post-256831","1":"post","2":"type-post","3":"status-publish","4":"format-standard","5":"has-post-thumbnail","7":"category-titulares","8":"tag-breaking-news","9":"tag-breakingnews","10":"tag-es","11":"tag-espana","12":"tag-featured-news","13":"tag-featurednews","14":"tag-headlines","15":"tag-latest-news","16":"tag-latestnews","17":"tag-news","18":"tag-noticias","19":"tag-noticias-destacadas","20":"tag-noticiasdestacadas","21":"tag-spain","22":"tag-titulares","23":"tag-ultimas-noticias","24":"tag-ultimasnoticias"},"share_on_mastodon":{"url":"https:\/\/pubeurope.com\/@es\/115616297968192885","error":""},"_links":{"self":[{"href":"https:\/\/www.europesays.com\/es\/wp-json\/wp\/v2\/posts\/256831","targetHints":{"allow":["GET"]}}],"collection":[{"href":"https:\/\/www.europesays.com\/es\/wp-json\/wp\/v2\/posts"}],"about":[{"href":"https:\/\/www.europesays.com\/es\/wp-json\/wp\/v2\/types\/post"}],"author":[{"embeddable":true,"href":"https:\/\/www.europesays.com\/es\/wp-json\/wp\/v2\/users\/2"}],"replies":[{"embeddable":true,"href":"https:\/\/www.europesays.com\/es\/wp-json\/wp\/v2\/comments?post=256831"}],"version-history":[{"count":0,"href":"https:\/\/www.europesays.com\/es\/wp-json\/wp\/v2\/posts\/256831\/revisions"}],"wp:featuredmedia":[{"embeddable":true,"href":"https:\/\/www.europesays.com\/es\/wp-json\/wp\/v2\/media\/256832"}],"wp:attachment":[{"href":"https:\/\/www.europesays.com\/es\/wp-json\/wp\/v2\/media?parent=256831"}],"wp:term":[{"taxonomy":"category","embeddable":true,"href":"https:\/\/www.europesays.com\/es\/wp-json\/wp\/v2\/categories?post=256831"},{"taxonomy":"post_tag","embeddable":true,"href":"https:\/\/www.europesays.com\/es\/wp-json\/wp\/v2\/tags?post=256831"}],"curies":[{"name":"wp","href":"https:\/\/api.w.org\/{rel}","templated":true}]}}