{"id":256859,"date":"2025-11-26T14:03:10","date_gmt":"2025-11-26T14:03:10","guid":{"rendered":"https:\/\/www.europesays.com\/es\/256859\/"},"modified":"2025-11-26T14:03:10","modified_gmt":"2025-11-26T14:03:10","slug":"hp-anuncia-hasta-6-000-despidos-de-aqui-a-2028-ante-el-impacto-de-la-ia","status":"publish","type":"post","link":"https:\/\/www.europesays.com\/es\/256859\/","title":{"rendered":"HP anuncia hasta 6.000 despidos de aqu\u00ed a 2028 ante el impacto de la IA"},"content":{"rendered":"\n<p> La <a href=\"https:\/\/www.elconfidencial.com\/juridico\/2025-06-26\/audiencia-nacional-batalla-hp-oracle_4158288\/\" target=\"_self\" rel=\"nofollow noopener\">tecnol\u00f3gica <\/a>estadounidense <strong>HP <\/strong>ha anunciado que <strong>prev\u00e9 reducir su plantilla global en entre 4.000 y 6.000 empleados<\/strong> hasta octubre de 2028, dentro de una pol\u00edtica de ahorro de costes relacionados con la reestructuraci\u00f3n de la plantilla que estima en <strong>650 millones de d\u00f3lares<\/strong> (560 millones de euros) y tras la implementaci\u00f3n de la <strong>Inteligencia Artificial<\/strong> (IA). <\/p>\n<p> La <a href=\"https:\/\/www.elconfidencial.com\/empresas\/2024-09-02\/hp-reclama-una-indemnizacion-de-4-000-mike-lynch_3953767\/\" target=\"_self\" rel=\"nofollow noopener\">compa\u00f1\u00eda<\/a>, que ha presentado sus resultados del a\u00f1o fiscal 2025 -que concluy\u00f3 en octubre- ha anunciado una iniciativa global para <strong>impulsar la satisfacci\u00f3n del cliente<\/strong>, la innovaci\u00f3n de productos y la productividad mediante la adopci\u00f3n y la habilitaci\u00f3n de la IA, seg\u00fan han informado fuentes de la misma <\/p>\n<p> HP Inc, dedicada entre otras a la fabricaci\u00f3n y venta de computadoras, y con una plantilla de unos 58.000 empleados, ha anunciado este plan fiscal 2026, con el que prev\u00e9 <strong>un ahorro bruto de 1.000 millones de d\u00f3lares<\/strong> a finales del a\u00f1o fiscal de 2028 (en octubre). <\/p>\n<p> La compa\u00f1\u00eda estima que incurrir\u00e1 en aproximadamente <strong>650 millones de d\u00f3lares de ahorro en costos laborales<\/strong> y no laborales relacionados con la reestructuraci\u00f3n, de los que aproximadamente 250 millones se producir\u00e1n en octubre de 2026. <\/p>\n<p> <a href=\"https:\/\/www.elconfidencial.com\/empresas\/2021-10-12\/venta-sede-hp-barcelona-just-eat-madrid-100m_3305070\/\" target=\"_self\" rel=\"nofollow noopener\">HP <\/a>tiene presencia en <strong>m\u00e1s de 170 pa\u00edses<\/strong> y, por el momento, no ha informado d\u00f3nde se efectuar\u00e1n los despidos, que suponen<strong> alrededor del 10% de la plantilla<\/strong>, en funci\u00f3n de si finalmente las salidas se sit\u00faan en 4.000 o en 6.000 empleados. <\/p>\n<p>            No son los \u00fanicos           <\/p>\n<p> Estos despidos suceden a los ya anunciados en gigantes tecnol\u00f3gicos como <strong>Amazon o Meta<\/strong>, que han visto como el desarrollo de esta herramienta ha acabado absorbiendo tareas que hasta hace unos a\u00f1os era inconcebible que no fueran ejecutadas por humanos. <\/p>\n<p> El<a href=\"https:\/\/www.elconfidencial.com\/tecnologia\/2016-10-29\/ordenadores-informatica-portatiles-pc-windows-mac-apple_1282057\/\" target=\"_self\" rel=\"nofollow noopener\"> gigante estadounidense<\/a> de las redes sociales <strong>Meta<\/strong> -matriz de<strong> Facebook, Instagram y WhatsApp<\/strong>&#8211; anunci\u00f3 que planea recortar unos 600 empleos por la automatizaci\u00f3n y la integraci\u00f3n de sistemas m\u00e1s avanzados de inteligencia artificial en las operaciones de la empresa. <\/p>\n<p> Por su parte, <a href=\"https:\/\/www.elconfidencial.com\/empresas\/2025-10-31\/amazon-ere-espana-trabajadores-oficinas-madrid-barcelona_4239308\/\" target=\"_self\" rel=\"nofollow noopener\">Amazon<\/a> anunci\u00f3 un recorte de <strong>hasta 30.000 empleados<\/strong>, el m\u00e1s grande de la historia de la compa\u00f1\u00eda. La empresa despedir\u00e1 al 10 % de los empleados de su plantilla, seg\u00fan explic\u00f3 la cadena CNBC en base a fuentes cercanas al asunto. <\/p>\n<p>              <img decoding=\"async\" class=\"inTextNews__img\" alt=\"Foto: inversores-ia-mas-resultados-menos-farsas\" src=\"https:\/\/www.europesays.com\/es\/wp-content\/uploads\/2025\/11\/f.elconfidencial.com\/original\/c91\/d17\/1de\/c91d171dee56d30f005d92d1ee26f256.jpg\"  \/>     <\/p>\n<p>TE PUEDE INTERESAR<\/p>\n<p>      <a class=\"inTextNews__title\" href=\"https:\/\/www.elconfidencial.com\/mercados\/the-wall-street-journal\/2025-11-25\/inversores-ia-mas-resultados-menos-farsas_4253590\/\" onclick=\"window.ECCO.emit(&#039;amplitude&#039;, { dataEventName: &#039;click_related_article_module&#039;, data: { related_article_url: &#039;https:\/\/www.elconfidencial.com\/mercados\/the-wall-street-journal\/2025-11-25\/inversores-ia-mas-resultados-menos-farsas_4253590\/&#039;, related_article_author: &#039;The Wall Street Journal2&#039;, related_article_section: &#039;the-wall-street-journal&#039; } })\" rel=\"nofollow noopener\" target=\"_blank\"> Bienvenidos a la realidad: los inversores en IA quieren m\u00e1s cuentas y menos cuentos <\/a>   <\/p>\n<p>    James Mackintosh   <\/p>\n<p> Hace unos meses, el fabricante de microprocesadores<strong> Intel <\/strong>anunci\u00f3 que a lo largo de este a\u00f1o despedir\u00e1 a<strong> cerca de 25.000 trabajadores m\u00e1s<\/strong>, en un intento de avanzar hacia la integraci\u00f3n de <a href=\"https:\/\/www.elconfidencial.com\/tecnologia\/2025-11-24\/tano-santos-economista-entrevista_4252256\/\" target=\"_self\" rel=\"nofollow noopener\">la IA.<\/a> <\/p>\n<p> En Estados Unidos, el auge de la IA ha sido el responsable de <strong>31.039 despidos<\/strong> solo durante el mes de octubre, de acuerdo con un informe de la firma <strong>Challenger, Gray &amp; Christmas<\/strong> a falta de los datos oficiales por el cierre del Gobierno federal. <\/p>\n<p> En lo que llevamos de a\u00f1o, de acuerdo con este trabajo, <strong>la IA ha sido citada como causa de 48.414 recortes<\/strong>, sin contar los anunciados por HP. <\/p>\n<p> La <a href=\"https:\/\/www.elconfidencial.com\/juridico\/2025-06-26\/audiencia-nacional-batalla-hp-oracle_4158288\/\" target=\"_self\" rel=\"nofollow noopener\">tecnol\u00f3gica <\/a>estadounidense <strong>HP <\/strong>ha anunciado que <strong>prev\u00e9 reducir su plantilla global en entre 4.000 y 6.000 empleados<\/strong> hasta octubre de 2028, dentro de una pol\u00edtica de ahorro de costes relacionados con la reestructuraci\u00f3n de la plantilla que estima en <strong>650 millones de d\u00f3lares<\/strong> (560 millones de euros) y tras la implementaci\u00f3n de la <strong>Inteligencia Artificial<\/strong> (IA). <\/p>\n","protected":false},"excerpt":{"rendered":"La tecnol\u00f3gica estadounidense HP ha anunciado que prev\u00e9 reducir su plantilla global en entre 4.000 y 6.000 empleados&hellip;\n","protected":false},"author":2,"featured_media":256860,"comment_status":"","ping_status":"","sticky":false,"template":"","format":"standard","meta":{"footnotes":""},"categories":[80],"tags":[82,95,94,25,24,23],"class_list":{"0":"post-256859","1":"post","2":"type-post","3":"status-publish","4":"format-standard","5":"has-post-thumbnail","7":"category-economia","8":"tag-business","9":"tag-economia","10":"tag-economy","11":"tag-es","12":"tag-espana","13":"tag-spain"},"share_on_mastodon":{"url":"https:\/\/pubeurope.com\/@es\/115616376986112296","error":""},"_links":{"self":[{"href":"https:\/\/www.europesays.com\/es\/wp-json\/wp\/v2\/posts\/256859","targetHints":{"allow":["GET"]}}],"collection":[{"href":"https:\/\/www.europesays.com\/es\/wp-json\/wp\/v2\/posts"}],"about":[{"href":"https:\/\/www.europesays.com\/es\/wp-json\/wp\/v2\/types\/post"}],"author":[{"embeddable":true,"href":"https:\/\/www.europesays.com\/es\/wp-json\/wp\/v2\/users\/2"}],"replies":[{"embeddable":true,"href":"https:\/\/www.europesays.com\/es\/wp-json\/wp\/v2\/comments?post=256859"}],"version-history":[{"count":0,"href":"https:\/\/www.europesays.com\/es\/wp-json\/wp\/v2\/posts\/256859\/revisions"}],"wp:featuredmedia":[{"embeddable":true,"href":"https:\/\/www.europesays.com\/es\/wp-json\/wp\/v2\/media\/256860"}],"wp:attachment":[{"href":"https:\/\/www.europesays.com\/es\/wp-json\/wp\/v2\/media?parent=256859"}],"wp:term":[{"taxonomy":"category","embeddable":true,"href":"https:\/\/www.europesays.com\/es\/wp-json\/wp\/v2\/categories?post=256859"},{"taxonomy":"post_tag","embeddable":true,"href":"https:\/\/www.europesays.com\/es\/wp-json\/wp\/v2\/tags?post=256859"}],"curies":[{"name":"wp","href":"https:\/\/api.w.org\/{rel}","templated":true}]}}