{"id":256866,"date":"2025-11-26T14:15:22","date_gmt":"2025-11-26T14:15:22","guid":{"rendered":"https:\/\/www.europesays.com\/es\/256866\/"},"modified":"2025-11-26T14:15:22","modified_gmt":"2025-11-26T14:15:22","slug":"hay-capitanes-que-dices-tu-necesito-un-poco-mas","status":"publish","type":"post","link":"https:\/\/www.europesays.com\/es\/256866\/","title":{"rendered":"Hay capitanes que dices t\u00fa, necesito un poco m\u00e1s"},"content":{"rendered":"<p data-gtm-element-container=\"modulo-texto-link\" class=\"paragraph\">La expulsi\u00f3n de Ronald Araujo <strong>gener\u00f3 debates recurrentes en las tertulias de las radios<\/strong>. En el programa \u00abEl Bar\u00bb de la Cadena SER se analizaron las dos tarjetas amarillas al central uruguayo y se cuestion\u00f3 la idoneidad de que sea el capit\u00e1n del equipo. El conductor del programa lanzaba la pregunta:\u00a0\u00a0<\/p>\n<p data-gtm-element-container=\"modulo-texto-link\" class=\"paragraph\"><strong>\u00abAraujo es uno de los grandes se\u00f1alados despu\u00e9s del partido. \u00bfEs justo marcarle como responsable o es exagerado?<\/strong><\/p>\n<p data-gtm-element-container=\"modulo-texto-link\" class=\"paragraph\">Jofre Mateu contestaba primero a la pregunta: \u00abEst\u00e1 claro que la expulsi\u00f3n lo marca todo. Para m\u00ed, el error no es que hagas esa falta teniendo una amarilla, que es un error muy grande. Para m\u00ed el error es hacer esa falta. Es una falta completamente evitable. Ni que vayas sin amarilla. No hace falta ir al suelo. Es su manera de hacer, le ha salido bien muchas veces y por eso ha llegado a ser un futbolista muy considerado en su momento, pero creo que ees un error de c\u00e1lculo y no hay que darle m\u00e1s importancia\u00bb.<\/p>\n<p data-gtm-element-container=\"modulo-texto-link\" class=\"paragraph\">El exjugador del Bar\u00e7a <strong>Llu\u00eds Carreras<\/strong> puntualizaba: \u00abAl final, Araujo, una de sus cualidades es precisamente la fuerza, la potencia, el poder correr hacia atr\u00e1s, creo que hab\u00eda ventaja suficiente si en vez de ir a intentar tocar el bal\u00f3n, recula un pel\u00edn m\u00e1s y se une al duelo de Cucurella. Creo que all\u00ed es superior Araujo, quiz\u00e1 no t\u00e9cnicamente, pero s\u00ed en cuanto a prestaciones defensivas. Es otro error de c\u00e1lculo. Har\u00e1 bien en hablarlo Hansi Flick, trabajarlo. Pero quiz\u00e1 vamos tarde ya, porque eso es repetitivo en el tiempo. Por eso te dec\u00eda que a la hora de incluir a Araujo en el once yo no s\u00e9 si pensaba que jugar\u00eda Delap, que fue titular en el partido de Liga o no. Es dif\u00edcil saber, tampoco se le pregunta -que no digo que se le haya de preguntar- paro para saber un poco m\u00e1s la intenci\u00f3n Flick en colocar a Araujo en este tipo de partidos: si t\u00fa quieres enfrentar la \u00abrauxa\u00bb, la fuerza, la potencia porque sabes que el Chelsea es un equipo as\u00ed&#8230; si te quieres medir a eso con el Chelsea vas a perder.<\/p>\n<blockquote>\n<p>        \u00abT\u00fa cuando llevas el brazalete tienes que saber estar en muchas de las situaciones\u00bb<\/p>\n<p>            Llu\u00eds CarrerasExjugador del Bar\u00e7a<\/p>\n<\/blockquote>\n<p data-gtm-element-container=\"modulo-texto-link\" class=\"paragraph\">Bruno Alemany tiraba con bala: \u00abLa expulsi\u00f3n de ayer me parece m\u00e1s grave que la del PSG, porque esa ocurre en un momento desesperado en el que acabas haciendo una falta, eres el \u00faltimo hombre, te ha ganado la espalda Barcola, y si te ha ganado la espalda, te lo comes y ya est\u00e1. La de ayer es una amarilla por protestar y cinco o diez minutos despu\u00e9s mide mal y hace una falta amarilla de libro a Cucurella. Es que te pasa en una eliminatoria y te deja fuera\u00bb.<\/p>\n<p>                <img loading=\"lazy\" decoding=\"async\" data-full-src=\"https:\/\/www.mundodeportivo.com\/uploads\/2025\/11\/25\/692621e0e33b9.jpeg\" alt=\"Horizontal\" width=\"449\" height=\"295\" src=\"https:\/\/www.europesays.com\/es\/wp-content\/uploads\/2025\/11\/692621e0e33b9.jpeg\" class=\"lazy\"\/><\/p>\n<p class=\"caption-title \">El \u00e1rbitro expuls\u00f3 a Araujo a un minuto del final de la primera parte<\/p>\n<p>                    NEIL HALL \/ EFE<\/p>\n<p data-gtm-element-container=\"modulo-texto-link\" class=\"paragraph\">Y Jordi Mart\u00ed se encend\u00eda: \u00abA los partidos hay que salir concentrado. Desde el minuto cero sabes que entras en guerra y cuando entras en guerra vas concentrado. Pero es que no es por protestar; es que con el pecho le choca al \u00e1rbitro (de hecho Iturralde Gonz\u00e1lez dijo en Carrusel que incluso lo pod\u00eda haber expulsado). \u00a1Pero t\u00fa antes del partido tienes que ver el \u00e1rbitro de qu\u00e9 pie calza! \u00a1Si ya los sabes que a la m\u00ednima que pueda te va a joder! Sabiendo eso \u00bfPor qu\u00e9 vas a buscar ese choque? Te va a sacar segura amarilla. Y sabiendo esto vuelve a hacer otra entrada&#8230; \u00a1No lo puedo entender!\u00bb.<\/p>\n<p data-gtm-element-container=\"modulo-texto-link\" class=\"paragraph\"><strong>Llu\u00eds Carreras cuestiona que Araujo sea capit\u00e1n<\/strong><\/p>\n<p data-gtm-element-container=\"modulo-texto-link\" class=\"paragraph\">El exfutbolista, <strong>muy cr\u00edtico con el papel de Araujo como capit\u00e1n<\/strong> del equipo: \u00abAraujo hace eso porque es el capit\u00e1n. Pero t\u00fa cuando llevas el brazalete, no solo del Bar\u00e7a, sino de cualquier otro equipo,\u00a0 tienes que saber estar en muchas de las situaciones, de las jugadas, del intercambiar palabras con el \u00e1rbitro, de gestionar&#8230; yo no s\u00e9 si Araujo realmente tambi\u00e9n tiene esa ascendencia en el vestuario o es por decreto, por antig\u00fcedad, que est\u00e1 muy bien, porque llevas 20 a\u00f1os y eres capit\u00e1n&#8230; Pero es que hay capitanes que dices t\u00fa, necesito un poco m\u00e1s. Yo, por ejemplo, la semana pasada cuando vi a Lewandowski como capit\u00e1n, todo y no ser un jugador hecho en casa y que lleve mucho tiempo, pens\u00e9, hostia, tenemos a alguien que nos representa. Un t\u00edo curtido en mil batallas, que sabe gestionar el equipo y que le sienta bien por la ascendencia que tiene en el vestuario. Y eso es tambi\u00e9n muy importante, porque no puede ser cualquiera, y quiero matizarlo porque Araujo tampoco es cualquiera\u00bb, conclu\u00eda.<\/p>\n","protected":false},"excerpt":{"rendered":"La expulsi\u00f3n de Ronald Araujo gener\u00f3 debates recurrentes en las tertulias de las radios. En el programa \u00abEl&hellip;\n","protected":false},"author":2,"featured_media":256867,"comment_status":"","ping_status":"","sticky":false,"template":"","format":"standard","meta":{"footnotes":""},"categories":[268],"tags":[168,25,24,280,282,281,23,167],"class_list":{"0":"post-256866","1":"post","2":"type-post","3":"status-publish","4":"format-standard","5":"has-post-thumbnail","7":"category-futbol","8":"tag-deportes","9":"tag-es","10":"tag-espana","11":"tag-football","12":"tag-futbol","13":"tag-soccer","14":"tag-spain","15":"tag-sports"},"share_on_mastodon":{"url":"https:\/\/pubeurope.com\/@es\/115616424395610925","error":""},"_links":{"self":[{"href":"https:\/\/www.europesays.com\/es\/wp-json\/wp\/v2\/posts\/256866","targetHints":{"allow":["GET"]}}],"collection":[{"href":"https:\/\/www.europesays.com\/es\/wp-json\/wp\/v2\/posts"}],"about":[{"href":"https:\/\/www.europesays.com\/es\/wp-json\/wp\/v2\/types\/post"}],"author":[{"embeddable":true,"href":"https:\/\/www.europesays.com\/es\/wp-json\/wp\/v2\/users\/2"}],"replies":[{"embeddable":true,"href":"https:\/\/www.europesays.com\/es\/wp-json\/wp\/v2\/comments?post=256866"}],"version-history":[{"count":0,"href":"https:\/\/www.europesays.com\/es\/wp-json\/wp\/v2\/posts\/256866\/revisions"}],"wp:featuredmedia":[{"embeddable":true,"href":"https:\/\/www.europesays.com\/es\/wp-json\/wp\/v2\/media\/256867"}],"wp:attachment":[{"href":"https:\/\/www.europesays.com\/es\/wp-json\/wp\/v2\/media?parent=256866"}],"wp:term":[{"taxonomy":"category","embeddable":true,"href":"https:\/\/www.europesays.com\/es\/wp-json\/wp\/v2\/categories?post=256866"},{"taxonomy":"post_tag","embeddable":true,"href":"https:\/\/www.europesays.com\/es\/wp-json\/wp\/v2\/tags?post=256866"}],"curies":[{"name":"wp","href":"https:\/\/api.w.org\/{rel}","templated":true}]}}