{"id":256868,"date":"2025-11-26T14:16:08","date_gmt":"2025-11-26T14:16:08","guid":{"rendered":"https:\/\/www.europesays.com\/es\/256868\/"},"modified":"2025-11-26T14:16:08","modified_gmt":"2025-11-26T14:16:08","slug":"ahora-el-problema-es-que-hay-miedo-a-la-cancelacion","status":"publish","type":"post","link":"https:\/\/www.europesays.com\/es\/256868\/","title":{"rendered":"Ahora el problema es que hay miedo a la cancelaci\u00f3n"},"content":{"rendered":"<p><b>Leo Harlem<\/b> es uno de los humoristas por excelencia de nuestro pa\u00eds. Sus mon\u00f3logos son un hito del humor, aunque recientemente ha anunciado su futura jubilaci\u00f3n.<\/p>\n<p>Seg\u00fan cuenta, <b>el panorama del humor espa\u00f1ol ha cambiado mucho<\/b> en los \u00faltimos a\u00f1os. Cada vez hay m\u00e1s personas que se dedican a ello y, por tanto, <b>m\u00e1s estilos<\/b>. \u00abAhora mismo el humor es como la m\u00fasica, a cada uno le gusta una cosa\u00bb, asegura.<\/p>\n<p>Sin embargo, uno de los obst\u00e1culos a los que se enfrentan los humoristas hoy en d\u00eda es el <b>miedo a la cancelaci\u00f3n<\/b>. \u00abHay que adaptarse, yo por ejemplo <b>elijo no meterme en pol\u00edtica ni en tema de mujeres<\/b>\u00ab, se\u00f1ala, \u00abpero si te implicas mucho, puede haber problemas\u00bb.<\/p>\n<p>Hoy, Leo Harlem se despide poco a poco del cine y de los escenarios, haciendo balance de una profesi\u00f3n que se lo ha dado todo. \u00a1Dale al play para verlo en el v\u00eddeo de arriba!<\/p>\n","protected":false},"excerpt":{"rendered":"Leo Harlem es uno de los humoristas por excelencia de nuestro pa\u00eds. Sus mon\u00f3logos son un hito del&hellip;\n","protected":false},"author":2,"featured_media":256869,"comment_status":"","ping_status":"","sticky":false,"template":"","format":"standard","meta":{"footnotes":""},"categories":[174],"tags":[255,146,147,25,24,256,23],"class_list":{"0":"post-256868","1":"post","2":"type-post","3":"status-publish","4":"format-standard","5":"has-post-thumbnail","7":"category-famosos","8":"tag-celebrities","9":"tag-entertainment","10":"tag-entretenimiento","11":"tag-es","12":"tag-espana","13":"tag-famosos","14":"tag-spain"},"share_on_mastodon":{"url":"https:\/\/pubeurope.com\/@es\/115616428009497701","error":""},"_links":{"self":[{"href":"https:\/\/www.europesays.com\/es\/wp-json\/wp\/v2\/posts\/256868","targetHints":{"allow":["GET"]}}],"collection":[{"href":"https:\/\/www.europesays.com\/es\/wp-json\/wp\/v2\/posts"}],"about":[{"href":"https:\/\/www.europesays.com\/es\/wp-json\/wp\/v2\/types\/post"}],"author":[{"embeddable":true,"href":"https:\/\/www.europesays.com\/es\/wp-json\/wp\/v2\/users\/2"}],"replies":[{"embeddable":true,"href":"https:\/\/www.europesays.com\/es\/wp-json\/wp\/v2\/comments?post=256868"}],"version-history":[{"count":0,"href":"https:\/\/www.europesays.com\/es\/wp-json\/wp\/v2\/posts\/256868\/revisions"}],"wp:featuredmedia":[{"embeddable":true,"href":"https:\/\/www.europesays.com\/es\/wp-json\/wp\/v2\/media\/256869"}],"wp:attachment":[{"href":"https:\/\/www.europesays.com\/es\/wp-json\/wp\/v2\/media?parent=256868"}],"wp:term":[{"taxonomy":"category","embeddable":true,"href":"https:\/\/www.europesays.com\/es\/wp-json\/wp\/v2\/categories?post=256868"},{"taxonomy":"post_tag","embeddable":true,"href":"https:\/\/www.europesays.com\/es\/wp-json\/wp\/v2\/tags?post=256868"}],"curies":[{"name":"wp","href":"https:\/\/api.w.org\/{rel}","templated":true}]}}