{"id":256870,"date":"2025-11-26T14:17:20","date_gmt":"2025-11-26T14:17:20","guid":{"rendered":"https:\/\/www.europesays.com\/es\/256870\/"},"modified":"2025-11-26T14:17:20","modified_gmt":"2025-11-26T14:17:20","slug":"el-ivam-la-apuesta-valenciana-por-las-vanguardias","status":"publish","type":"post","link":"https:\/\/www.europesays.com\/es\/256870\/","title":{"rendered":"El IVAM, la apuesta valenciana por las vanguardias"},"content":{"rendered":"<p><a class=\"v-mdl-ath__fig-a\" href=\"https:\/\/www.lasprovincias.es\/autor\/francisco-perez-puche-845.html\" title=\"F.P. Puche\" rel=\"nofollow noopener\" target=\"_blank\"><br \/>\n<img decoding=\"async\" class=\"v-mdl-ath__img\" src=\"https:\/\/www.europesays.com\/es\/wp-content\/uploads\/2025\/11\/autor-845-foto-1.jpeg\" alt=\"F.P. Puche\"\/><br \/>\n<\/a><\/p>\n<p class=\"v-mdl-ath__p v-mdl-ath__p--6\">\nMi\u00e9rcoles, 26 de noviembre 2025, 00:37<\/p>\n<p class=\"v-p\">En la esquina de la calle de Na Jordana, donde la ronda de la vieja muralla se encuentra con un rio que dej\u00f3 de serlo, Valencia levant\u00f3 el primer museo de arte contempor\u00e1neo que tuvo Espa\u00f1a. Ocurri\u00f3 en el a\u00f1o 1989 y fue, <a href=\"https:\/\/www.lasprovincias.es\/culturas\/primer-hito-cultural-surgio-antiguo-cauce-valencia-20251030002229-nt.html\" data-voc-vtm-id=\"in-text-traffic\" title=\"despu\u00e9s del Palau de la M\u00fasica\" rel=\"nofollow noopener\" target=\"_blank\">despu\u00e9s del Palau de la M\u00fasica<\/a>, la segunda pieza de una serie de dotaciones culturales, so\u00f1adas durante d\u00e9cadas, que iban a cambiar esta ciudad para siempre. Porque el IVAM, que ya ha cumplido 35 a\u00f1os fecundos, vino a extender el horizonte de ambiciones de la ciudad, contribuy\u00f3 a situarla en el mapa de las ciudades donde ocurr\u00edan \u00abcosas interesantes\u00bb, ciment\u00f3 la autoestima de la sociedad civil y fue muy \u00fatil en la competici\u00f3n por atraer turismo.<\/p>\n<p class=\"v-p\">Con su afilada forma de ver y escribir, Rafa Mar\u00ed, encargado de resumir la vida cultural valenciana del a\u00f1o 1989, escribi\u00f3 en nuestro Almanaque: \u00abLa reina Sofia inaugur\u00f3 el 18 de febrero el Instituto Valenciano de Arte Moderno (IVAM). Por fin se hac\u00eda realidad en Valencia un museo dedicado a la pintura y escultura contempor\u00e1neas. La laguna cultural era demasiado estridente: una ciudad de artistas sin un museo de arte moderno que ofrecer al visitante\u00bb. Fue una imagen que toda la sociedad entendi\u00f3; un sentimiento compartido: tras dedicar una casa a la m\u00fasica en 1987, Valencia consagraba un espacio de calidad a las bellas artes. <\/p>\n<p class=\"v-p\">Auditorio, un cauce del Turia que se iba convirtiendo en jard\u00edn, una red de metro incipiente pero ya en marcha, la Albufera protegida como parque natural y una televisi\u00f3n p\u00fablica para los valencianos. El gobierno de Joan Lerma estaba construyendo s\u00f3lidas infraestructuras y en este caso, el del IVAM, lo hac\u00eda en el curso de un proyecto con prop\u00f3sito encadenado; porque la instituci\u00f3n, que lleva en su enunciado una I de Instituto, era, m\u00e1s all\u00e1 de un museo, un centro de investigaci\u00f3n e irradiaci\u00f3n, que conectaba el arte moderno (AM) con el cl\u00e1sico, ubicado en el Museo de Bellas Artes de San Pio V, a trav\u00e9s de un eslab\u00f3n intermedio, que no era otro que el Centro del Carmen, que naci\u00f3 el mismo d\u00eda 18 de febrero de 1989.<\/p>\n<p><img decoding=\"async\" loading=\"lazy\" src=\"https:\/\/www.europesays.com\/es\/wp-content\/uploads\/2025\/11\/ivam2-krTF--650x455@Las Provincias.jpg\" class=\"v-a-img\" width=\"650\" height=\"455\" alt=\"Inauguraci\u00f3n. La Reina Sof\u00eda recorre el museo, con el presidente Lerma su lado.\" data-voc-vtm-id=\"in-text-traffic\"\/><\/p>\n<p>Inauguraci\u00f3n. La Reina Sof\u00eda recorre el museo, con el presidente Lerma su lado.<\/p>\n<p>EFE<\/p>\n<p><img loading=\"lazy\" decoding=\"async\" src=\"https:\/\/www.europesays.com\/es\/wp-content\/uploads\/2025\/11\/ivam2-krTF--1920x1344@Las Provincias.jpg\" class=\"v-mdl__img-z\" width=\"1920\" height=\"1344\" alt=\"\"\/><\/p>\n<p class=\"v-p\">Ese fue el dise\u00f1o cultural de los tiempos fundacionales: el Carmen har\u00eda de bisagra. Porque incluso estaba situado f\u00edsicamente a mitad de camino, a la hora de pasear la ciudad. Nadie ocultaba que el barrio del Carmen estaba en aquella d\u00e9cada de los ochenta muy malherido. Y nadie disimul\u00f3 la intenci\u00f3n de reactivarlo. Hab\u00eda fracasado el proyecto de ubicar en la plaza del Carmen una gran escultura de Calder donada por la IBM, pero Cipriano Ciscar, el conseller de Cultura de Lerma, no se arredr\u00f3. Unido a un buen equipo promotor, en el que estaba Tom\u00e1s Llorens, Vicent Todol\u00ed, Jos\u00e9 Francisco Ivars y la infatigable Carmen Alborch, puso en \u00f3rbita un proyecto que se levant\u00f3 en Guillem de Castro, frente al antiguo Asilo de Romero.<\/p>\n<p class=\"v-p\">El edificio del museo, que tropez\u00f3 con los generosos restos de la muralla, se puso en obras en 1987. Sin embargo, el IVAM hab\u00eda nacido mucho antes, en 1985, como instituci\u00f3n y como coleccionista de arte. Una doble operaci\u00f3n, de resultados brillantes, permiti\u00f3 la donaci\u00f3n y compra de buena parte de las colecciones del escultor Julio Gonz\u00e1lez (1876-1942) e Ignacio Pinazo (1849-1916). Con esos legados se abri\u00f3 paso la posibilidad de estudiar a esos artistas como puntos de reflexi\u00f3n sobre la modernidad.<\/p>\n<p class=\"v-p\">No faltaron, en los primeros a\u00f1os, pol\u00e9micas sobre el alcance de la modernidad y la vanguardia. Incluso hoy en d\u00eda se dan, seg\u00fan el punto de vista en que el observador sit\u00fae a una personalidad art\u00edstica como la de Ignacio Pinazo. Tampoco es banal se\u00f1alar que, tras el \u00e9xito de la primera exposici\u00f3n, sobre el Equipo Cr\u00f3nica, el 2 de diciembre de 1989 el IVAM fue noticia nacional porque alberg\u00f3 una exposici\u00f3n antol\u00f3gica de Sorolla que produjo colas de p\u00fablico como jam\u00e1s se han visto despu\u00e9s. Las 87 obras del valenciano que se exhibieron fueron visitadas el primer d\u00eda por 8.000 personas, en un r\u00e9gimen de visitas que limitaba a 270 la presencia en cada momento, seg\u00fan dej\u00f3 escrito Rafa Mari. Nuestro compa\u00f1ero tambi\u00e9n relat\u00f3 el enfado del presidente Lerma, de viaje por Jap\u00f3n, porque no se le aguard\u00f3 para la simb\u00f3lica inauguraci\u00f3n.<\/p>\n<p><a href=\"http:\/\/www.lasprovincias.es\/valencia-ciudad\/periodico-defensa-constante-patrimonio-monumental-20251121232240-nt.html#vtm_modulosEngag=mod-rel:valencia-ciudad:noticia:1:cmp:1-not\" class=\"v-a-link\" aria-label=\"Imagen\" rel=\"nofollow noopener\" target=\"_blank\"><\/p>\n<p><img decoding=\"async\" loading=\"lazy\" src=\"https:\/\/www.europesays.com\/es\/wp-content\/uploads\/2025\/11\/207392389--366x256.jpg\" class=\"v-a-img\" width=\"258\" height=\"180\" alt=\"\" data-voc-vtm-id=\"in-text-traffic\"\/><\/p>\n<p><\/a><\/p>\n<p class=\"v-p\">Es preciso hacer observar que los presupuestos del IVAM no han sido crecientes ni estables y que la larga crisis econ\u00f3mica 2008-2016 mengu\u00f3 mucho las dotaciones de mantenimiento y adquisiciones. La subvenci\u00f3n estatal, por otra parte, nunca ha sido ecu\u00e1nime con la instituci\u00f3n valenciana; por el contrario, hay que tacharla siempre de muy cicatera, mientras resulta abundante en otros museos espa\u00f1oles. Con todo, las tendencias art\u00edsticas del siglo XX, y los principales artistas espa\u00f1oles y universales han pasado por las salas del IVAM y, en muy buena medida, est\u00e1n presentes en sus colecciones.<\/p>\n<p class=\"v-p\">Hay que indicar, pues, que en los tiempos de generosidad presupuestaria ha predominado la apertura de horizontes, con exposiciones de artistas internacionales de mayor atractivo, mientras que en los tiempos de \u00abvacas flacas\u00bb se ha impuesto la introspecci\u00f3n, la b\u00fasqueda de valores y reflexiones en la colecci\u00f3n estable.<\/p>\n<p class=\"v-p\">Con motivo del 160 aniversario de LAS PROVINCIAS, la muestra recorre el cambio urban\u00edstico de la ciudad donde naci\u00f3 y tiene su sede.<\/p>\n<p class=\"v-p\"><strong>&#8211; D\u00f3nde. <\/strong>Centre del Carme Cultura Contempor\u00e0nia.<\/p>\n<p class=\"v-p\"><strong>&#8211; Sala.<\/strong> Sala Dormitorio, en el piso 2.<\/p>\n<p class=\"v-p\"><strong>&#8211; Fechas.<\/strong> Del 11 de diciembre a mediados de febrero.<\/p>\n<p class=\"v-p\"><strong>&#8211; Horario. <\/strong>De martes a domingo, de 10 a 20 horas<\/p>\n<p class=\"v-p\"><strong>&#8211; Acceso gratuito.<\/strong><\/p>\n<p>La ilustraci\u00f3n<\/p>\n<p class=\"v-p\">Para cada hito hemos seleccionado a un artista pl\u00e1stico. <\/p>\n<p class=\"v-p\">Mario Dubla &#8211; Matera (Italia) 1978<\/p>\n<p>Los textos<\/p>\n<p class=\"v-p\">Sobre cada hito reflexiona un escritor, periodista, arquitecto o profesor. <\/p>\n<p class=\"v-p\">Juan Manuel Bonet &#8211; Director del IVAM entre 1995 y 2000<\/p>\n<p>Reporta un error<\/p>\n","protected":false},"excerpt":{"rendered":"Mi\u00e9rcoles, 26 de noviembre 2025, 00:37 En la esquina de la calle de Na Jordana, donde la ronda&hellip;\n","protected":false},"author":2,"featured_media":256871,"comment_status":"","ping_status":"","sticky":false,"template":"","format":"standard","meta":{"footnotes":""},"categories":[173],"tags":[304,229,233,231,230,232,234,146,147,25,24,32481,23,11004,2998],"class_list":{"0":"post-256870","1":"post","2":"type-post","3":"status-publish","4":"format-standard","5":"has-post-thumbnail","7":"category-arte-y-diseno","8":"tag-apuesta","9":"tag-arte","10":"tag-arte-y-diseno","11":"tag-arts","12":"tag-arts-and-design","13":"tag-design","14":"tag-diseno","15":"tag-entertainment","16":"tag-entretenimiento","17":"tag-es","18":"tag-espana","19":"tag-ivam","20":"tag-spain","21":"tag-valenciana","22":"tag-vanguardias"},"share_on_mastodon":{"url":"https:\/\/pubeurope.com\/@es\/115616432176938753","error":""},"_links":{"self":[{"href":"https:\/\/www.europesays.com\/es\/wp-json\/wp\/v2\/posts\/256870","targetHints":{"allow":["GET"]}}],"collection":[{"href":"https:\/\/www.europesays.com\/es\/wp-json\/wp\/v2\/posts"}],"about":[{"href":"https:\/\/www.europesays.com\/es\/wp-json\/wp\/v2\/types\/post"}],"author":[{"embeddable":true,"href":"https:\/\/www.europesays.com\/es\/wp-json\/wp\/v2\/users\/2"}],"replies":[{"embeddable":true,"href":"https:\/\/www.europesays.com\/es\/wp-json\/wp\/v2\/comments?post=256870"}],"version-history":[{"count":0,"href":"https:\/\/www.europesays.com\/es\/wp-json\/wp\/v2\/posts\/256870\/revisions"}],"wp:featuredmedia":[{"embeddable":true,"href":"https:\/\/www.europesays.com\/es\/wp-json\/wp\/v2\/media\/256871"}],"wp:attachment":[{"href":"https:\/\/www.europesays.com\/es\/wp-json\/wp\/v2\/media?parent=256870"}],"wp:term":[{"taxonomy":"category","embeddable":true,"href":"https:\/\/www.europesays.com\/es\/wp-json\/wp\/v2\/categories?post=256870"},{"taxonomy":"post_tag","embeddable":true,"href":"https:\/\/www.europesays.com\/es\/wp-json\/wp\/v2\/tags?post=256870"}],"curies":[{"name":"wp","href":"https:\/\/api.w.org\/{rel}","templated":true}]}}