{"id":256872,"date":"2025-11-26T14:19:10","date_gmt":"2025-11-26T14:19:10","guid":{"rendered":"https:\/\/www.europesays.com\/es\/256872\/"},"modified":"2025-11-26T14:19:10","modified_gmt":"2025-11-26T14:19:10","slug":"el-tuit-de-noah-higon-a-luz-casal-tras-el-momento-que-se-vivio-en-la-revuelta-y-que-es-toda-una-leccion-de-vida","status":"publish","type":"post","link":"https:\/\/www.europesays.com\/es\/256872\/","title":{"rendered":"El tuit de Noah Hig\u00f3n a Luz Casal tras el momento que se vivi\u00f3 en &#8216;La Revuelta&#8217; y que es toda una lecci\u00f3n de vida"},"content":{"rendered":"<p><a href=\"https:\/\/www.huffingtonpost.es\/entry\/noah-higon-la-joven-con-siete-enfermedades-raras-que-ha-enmudecido-el-parlamento-europeo_es_6167f715e4b0d3f507c7c3af.html\" rel=\"nofollow noopener\" target=\"_blank\">Noah Hig\u00f3n, la joven valenciana que padece siete enfermedades raras <\/a>y que da voz a personas que est\u00e1n en su situaci\u00f3n, ha dedicado <b>una extensa publicaci\u00f3n a la cantante Luz Casal<\/b> despu\u00e9s de que apareciera este martes en La Revuelta, el programa de David Broncano en TVE.\u00a0<\/p>\n<p>Al espacio de la corporaci\u00f3n p\u00fablica Casal acudi\u00f3 como entrevistada para presentar su nuevo disco, Me voy a permitir, y confes\u00f3 que la canci\u00f3n Nada es imposible arranca en ese programa tras conocer el testimonio de Hig\u00f3n. \u00ab<b>Cuando la vi contar su experiencia qued\u00e9 flasheada con la naturalidad con la que relataba toda su problem\u00e1tica<\/b>, la franqueza al decir que estaba llena de costuras, etc\u00bb, record\u00f3.<\/p>\n<p>\u00abTen\u00eda clar\u00edsimo que al desarrollar ese letra con Conchita y dos colaboradores m\u00e1s <b>ten\u00eda que tener ese t\u00edtulo y estar reflejado de manera no dram\u00e1tica su historia<\/b>\u00ab, relat\u00f3 la cantante. En ese momento, Hig\u00f3n, que se encontraba en el p\u00fablico, subi\u00f3 al escenario y ambas se fundieron en un abrazo.<\/p>\n<p>La joven, que reconoci\u00f3 que est\u00e1 aceptablemente bien, le agradeci\u00f3 esa canci\u00f3n que representa esos imposibles que le han acompa\u00f1ado toda su vida y pidi\u00f3 que <b>\u00abojal\u00e1 esos imposibles pasen a ser posibles\u00bb.<\/b><\/p>\n<p>El emotivo tuit de Hig\u00f3n a Casal<\/p>\n<p>Este mi\u00e9rcoles, ya con la reseca de ese momento bonito, Hig\u00f3n le ha querido dedicar un extenso tuit a Luz Casal para darle las gracias: \u00abNo os puedo negar que sent\u00ed cierto pudor cuando vi que el tel\u00e9fono marcaba un nombre que me resultaba imposible, el de Luz Casal.<b> Esa voz que tantas veces ha acompa\u00f1ado la vida de muchos, esa voz que para m\u00ed suena a mi casa,<\/b> a mi infancia, a mi padre cant\u00e1ndole a mi madre Lo eres todo\u00bb.<\/p>\n<p>\u00abEscucharla al otro lado del tel\u00e9fono<b> fue como abrir una puerta al pasado<\/b>, a ese rinc\u00f3n donde las emociones a\u00fan no sab\u00edan de miedos ni de derrotas\u00bb, ha relatado.<\/p>\n<p>La joven ha contado que la hab\u00eda visto en esa entrevista y que de ah\u00ed hab\u00eda nacido la idea de escribir una canci\u00f3n. \u00ab<b>Que esa canci\u00f3n era m\u00eda. Todav\u00eda me cuesta creerlo<\/b>. Que alguien como ella haya visto en m\u00ed una historia que merec\u00eda hacerse m\u00fasica, que haya querido que forme parte de su videoclip, es una de esas sorpresas que solo la vida \u2014caprichosa y sabia a su manera\u2014 sabe regalarte cuando menos la esperas\u00bb, ha descrito.<\/p>\n<p>Hig\u00f3n ha comentado que \u00ab<b>inmortalizar ese momento ha sido como detener el tiempo\u00bb<\/b> y que ha sido una fotograf\u00eda que guardar\u00e1 en su eternidad, que es \u00abla de escuchar su voz dici\u00e9ndome que nada es imposible, pese a todo\u00bb.<\/p>\n<p>\u00abPorque s\u00ed, la vida nos da una de cal y otra de arena, pero joder\u2026 qu\u00e9 bonito puede ser seguir jugando en la arena, seguir ensuci\u00e1ndose las manos con lo que uno ama, seguir creyendo que los milagros tambi\u00e9n se parecen a una llamada inesperada\u00bb, ha sentenciado, rematando su tuit diciendo que invita a entender, como ella lo ha entendido toda su vida, que <b>\u00aben realidad nada es imposible\u00bb.<\/b><\/p>\n","protected":false},"excerpt":{"rendered":"Noah Hig\u00f3n, la joven valenciana que padece siete enfermedades raras y que da voz a personas que est\u00e1n&hellip;\n","protected":false},"author":2,"featured_media":256873,"comment_status":"","ping_status":"","sticky":false,"template":"","format":"standard","meta":{"footnotes":""},"categories":[171],"tags":[146,147,25,24,29956,29738,23,214,3156,6052],"class_list":{"0":"post-256872","1":"post","2":"type-post","3":"status-publish","4":"format-standard","5":"has-post-thumbnail","7":"category-tv","8":"tag-entertainment","9":"tag-entretenimiento","10":"tag-es","11":"tag-espana","12":"tag-la-revuelta","13":"tag-luz-casal","14":"tag-spain","15":"tag-tv","16":"tag-tve","17":"tag-twitter"},"share_on_mastodon":{"url":"https:\/\/pubeurope.com\/@es\/115616439830762660","error":""},"_links":{"self":[{"href":"https:\/\/www.europesays.com\/es\/wp-json\/wp\/v2\/posts\/256872","targetHints":{"allow":["GET"]}}],"collection":[{"href":"https:\/\/www.europesays.com\/es\/wp-json\/wp\/v2\/posts"}],"about":[{"href":"https:\/\/www.europesays.com\/es\/wp-json\/wp\/v2\/types\/post"}],"author":[{"embeddable":true,"href":"https:\/\/www.europesays.com\/es\/wp-json\/wp\/v2\/users\/2"}],"replies":[{"embeddable":true,"href":"https:\/\/www.europesays.com\/es\/wp-json\/wp\/v2\/comments?post=256872"}],"version-history":[{"count":0,"href":"https:\/\/www.europesays.com\/es\/wp-json\/wp\/v2\/posts\/256872\/revisions"}],"wp:featuredmedia":[{"embeddable":true,"href":"https:\/\/www.europesays.com\/es\/wp-json\/wp\/v2\/media\/256873"}],"wp:attachment":[{"href":"https:\/\/www.europesays.com\/es\/wp-json\/wp\/v2\/media?parent=256872"}],"wp:term":[{"taxonomy":"category","embeddable":true,"href":"https:\/\/www.europesays.com\/es\/wp-json\/wp\/v2\/categories?post=256872"},{"taxonomy":"post_tag","embeddable":true,"href":"https:\/\/www.europesays.com\/es\/wp-json\/wp\/v2\/tags?post=256872"}],"curies":[{"name":"wp","href":"https:\/\/api.w.org\/{rel}","templated":true}]}}