{"id":256886,"date":"2025-11-26T14:26:12","date_gmt":"2025-11-26T14:26:12","guid":{"rendered":"https:\/\/www.europesays.com\/es\/256886\/"},"modified":"2025-11-26T14:26:12","modified_gmt":"2025-11-26T14:26:12","slug":"la-quinta-edicion-de-bonos-consumo-santa-cruz-inyecta-mas-de-600-000-euros-al-comercio-local","status":"publish","type":"post","link":"https:\/\/www.europesays.com\/es\/256886\/","title":{"rendered":"La quinta edici\u00f3n de Bonos Consumo Santa Cruz inyecta m\u00e1s de 600.000 euros al comercio local"},"content":{"rendered":"<p>En total han sido 328 los establecimientos comerciales participantes en esta convocatoria, en la que se han canjeado el 97,74% de los t\u00edtulos.<\/p>\n<p>La quinta edici\u00f3n de la campa\u00f1a Bonos Consumo Santa Cruz concluye con m\u00e1s de 300 comercios participantes y con una inyecci\u00f3n econ\u00f3mica directa al tejido comercial de la ciudad de m\u00e1s de 646.000 euros. As\u00ed lo comunic\u00f3 el alcalde de la capital tinerfe\u00f1a, Jos\u00e9 Manuel Berm\u00fadez, quien destac\u00f3 que \u201cse trata de un proyecto consolidado, que atrae a la ciudadan\u00eda y al tejido comercial de la ciudad, y lo m\u00e1s importante, que genera econom\u00eda en el municipio\u201d.<\/p>\n<p>De esta manera, Berm\u00fadez explic\u00f3 que \u201cen esta ocasi\u00f3n se sumaron a la iniciativa 328 establecimientos comerciales, de los cuales el 95,12%, es decir, 312 comercios, canjearon al menos un bono, lo que supone que pr\u00e1cticamente la totalidad de establecimientos adheridos se ha visto beneficiada econ\u00f3micamente\u201d, y a\u00f1adi\u00f3 que \u201cen total, la ciudadan\u00eda canje\u00f3 el 97,74% de los Bonos Consumo vendidos para todos los distritos\u201d.<\/p>\n<p>Por su parte, la consejera delegada de la Sociedad de Desarrollo, Carmen P\u00e9rez, explic\u00f3 que \u201cen esta quinta edici\u00f3n hemos vuelto a apostar por el comercio de la calle La Rosa con un bono especial para esta zona con el fin de que, con motivo de las obras de remodelaci\u00f3n, el tejido comercial de esta calle pudieran obtener un beneficio especial en el impacto econ\u00f3mico que tienen estos bonos\u201d, y a\u00f1adi\u00f3 que \u201cgracias a este refuerzo, los comercios de esta calle adheridos a la iniciativa canjearon un total de 126.489 euros, una inyecci\u00f3n directa que contribuye a mitigar las molestias ocasionadas por las obras e impulsar sus ventas\u201d. <\/p>\n<p>Asimismo, P\u00e9rez se\u00f1al\u00f3 que \u201ctras la calle La Rosa, el distrito Suroeste fue el que alcanz\u00f3 un mayor porcentaje de canjeo, con un 98,91%, seguido de Salud-La Salle, con un 98,64% y de Ofra-Costa Sur, con un 98,49%\u201d, y a\u00f1adi\u00f3 que \u201cestos datos reflejan una muy alta participaci\u00f3n por parte de la ciudadan\u00eda en todos los distritos y confirman que el programa ha logrado consolidarse como una herramienta eficaz para dinamizar el comercio local y generar actividad econ\u00f3mica de forma equilibrada en toda la ciudad\u201d. <\/p>\n<p>\u201cOtro dato llamativo es que los Bonos Consumo se agotaron el pasado 3 de septiembre, es decir, dos meses antes de concluir el plazo de canjeo, lo que supone que la ciudadan\u00eda estaba muy interesada en participar en esta iniciativa\u201d, indic\u00f3 P\u00e9rez, quien a\u00f1adi\u00f3 que \u201c6.671 personas compraron un bono, de las cuales el 28% residen fuera del municipio, y se alcanz\u00f3 un importe medio por persona de 79,4 euros\u201d.<\/p>\n<p>\u201cPor su parte, el importe medio por establecimiento ascendi\u00f3 a 2.073 euros, alcanzando en el caso de La Rosa los 7.334 euros de media en las 18 empresas participantes de esta zona\u201d, subray\u00f3 P\u00e9rez, quien a\u00f1adi\u00f3 que \u201c71 establecimientos del resto del municipio canjearon pr\u00e1cticamente la totalidad del cupo establecido, es decir, m\u00e1s de 3.900 euros\u201d.<\/p>\n<p>Por \u00faltimo, P\u00e9rez destac\u00f3 que \u201ceste proyecto forma parte de la hoja de ruta marcada para apoyar al peque\u00f1o y mediano comercio recogida en el Plan Director de Comercio de Santa Cruz 2023-2028\u201d, y a\u00f1adi\u00f3 que \u201clos Bonos Consumo se enmarcan en uno de los ejes clave de este documento, centrado en impulsar el consumo y apoyar al peque\u00f1o comercio\u201d.<\/p>\n","protected":false},"excerpt":{"rendered":"En total han sido 328 los establecimientos comerciales participantes en esta convocatoria, en la que se han canjeado&hellip;\n","protected":false},"author":2,"featured_media":256887,"comment_status":"","ping_status":"","sticky":false,"template":"","format":"standard","meta":{"footnotes":""},"categories":[80],"tags":[82,95,94,25,24,23],"class_list":{"0":"post-256886","1":"post","2":"type-post","3":"status-publish","4":"format-standard","5":"has-post-thumbnail","7":"category-economia","8":"tag-business","9":"tag-economia","10":"tag-economy","11":"tag-es","12":"tag-espana","13":"tag-spain"},"share_on_mastodon":{"url":"https:\/\/pubeurope.com\/@es\/115616467216202658","error":""},"_links":{"self":[{"href":"https:\/\/www.europesays.com\/es\/wp-json\/wp\/v2\/posts\/256886","targetHints":{"allow":["GET"]}}],"collection":[{"href":"https:\/\/www.europesays.com\/es\/wp-json\/wp\/v2\/posts"}],"about":[{"href":"https:\/\/www.europesays.com\/es\/wp-json\/wp\/v2\/types\/post"}],"author":[{"embeddable":true,"href":"https:\/\/www.europesays.com\/es\/wp-json\/wp\/v2\/users\/2"}],"replies":[{"embeddable":true,"href":"https:\/\/www.europesays.com\/es\/wp-json\/wp\/v2\/comments?post=256886"}],"version-history":[{"count":0,"href":"https:\/\/www.europesays.com\/es\/wp-json\/wp\/v2\/posts\/256886\/revisions"}],"wp:featuredmedia":[{"embeddable":true,"href":"https:\/\/www.europesays.com\/es\/wp-json\/wp\/v2\/media\/256887"}],"wp:attachment":[{"href":"https:\/\/www.europesays.com\/es\/wp-json\/wp\/v2\/media?parent=256886"}],"wp:term":[{"taxonomy":"category","embeddable":true,"href":"https:\/\/www.europesays.com\/es\/wp-json\/wp\/v2\/categories?post=256886"},{"taxonomy":"post_tag","embeddable":true,"href":"https:\/\/www.europesays.com\/es\/wp-json\/wp\/v2\/tags?post=256886"}],"curies":[{"name":"wp","href":"https:\/\/api.w.org\/{rel}","templated":true}]}}