{"id":256888,"date":"2025-11-26T14:27:10","date_gmt":"2025-11-26T14:27:10","guid":{"rendered":"https:\/\/www.europesays.com\/es\/256888\/"},"modified":"2025-11-26T14:27:10","modified_gmt":"2025-11-26T14:27:10","slug":"el-supremo-frances-confirma-la-condena-a-sarkozy-por-la-financiacion-ilegal-de-la-campana-de-2012-internacional","status":"publish","type":"post","link":"https:\/\/www.europesays.com\/es\/256888\/","title":{"rendered":"El Supremo franc\u00e9s confirma la condena a Sarkozy por la financiaci\u00f3n ilegal de la campa\u00f1a de 2012 | Internacional"},"content":{"rendered":"<p class=\"\">El Tribunal Supremo franc\u00e9s confirm\u00f3 este mi\u00e9rcoles la condena a seis meses de prisi\u00f3n, que podr\u00e1 cumplir en arresto domiciliario, contra el expresidente <a href=\"https:\/\/elpais.com\/noticias\/nicolas-sarkozy\/\" target=\"_self\" rel=\"nofollow noopener\" title=\"https:\/\/elpais.com\/noticias\/nicolas-sarkozy\/\">Nicolas Sarkozy<\/a>, por la financiaci\u00f3n irregular de su campa\u00f1a de 2012. <\/p>\n<p class=\"\">Se trata de la segunda condena firme contra el inquilino del El\u00edseo entre 2007 y 2012, que ya ha purgado una pena en un caso de corrupci\u00f3n y tr\u00e1fico de influencias, por la que fue definitivamente condenado por el Supremo en diciembre pasado.<\/p>\n<p class=\"\">Sarkozy, de 70 a\u00f1os, hab\u00eda apelado contra esta condena, de 2024, por financiaci\u00f3n ilegal de campa\u00f1a por su fallida candidatura a la reelecci\u00f3n en 2012, en la que se le hab\u00eda impuesto una pena de un a\u00f1o de prisi\u00f3n.<\/p>\n<p class=\"\">La justicia francesa puso <a href=\"https:\/\/elpais.com\/internacional\/2025-10-21\/el-expresidente-de-francia-nicolas-sarkozy-sale-de-su-casa-para-entrar-en-prision.html\" rel=\"nofollow noopener\" title=\"https:\/\/elpais.com\/internacional\/2025-10-21\/el-expresidente-de-francia-nicolas-sarkozy-sale-de-su-casa-para-entrar-en-prision.html\" target=\"_blank\">en libertad a Sarkozy<\/a> despu\u00e9s de tres semanas de encarcelamiento el pasado 10 de noviembre, despu\u00e9s de que la Fiscal\u00eda General hubiera pedido su libertad bajo control judicial. Es el primer jefe de Estado franc\u00e9s que ha estado en prisi\u00f3n.<\/p>\n<p class=\"\">\u201cEs duro, muy duro. Seguramente lo es para cualquier detenido. Dir\u00eda incluso que es agotador\u201d, hab\u00eda manifestado el exmandatario en una audiencia en la que particip\u00f3 por videoconferencia desde la c\u00e1rcel. <\/p>\n<p class=\"\">El exmandatario conservador ya fue condenado a cinco a\u00f1os de prisi\u00f3n <a href=\"https:\/\/elpais.com\/internacional\/2025-09-25\/un-tribunal-de-francia-declara-culpable-al-expresidente-sarkozy-de-asociacion-ilicita-en-un-caso-de-financiacion-con-dinero-libio.html\" rel=\"nofollow noopener\" title=\"https:\/\/elpais.com\/internacional\/2025-09-25\/un-tribunal-de-francia-declara-culpable-al-expresidente-sarkozy-de-asociacion-ilicita-en-un-caso-de-financiacion-con-dinero-libio.html\" target=\"_blank\">por asociaci\u00f3n il\u00edcita en el caso de financiaci\u00f3n ilegal<\/a> de su campa\u00f1a presidencial en 2007 por parte del r\u00e9gimen libio de Muamar el Gadafi.<\/p>\n<p class=\"\">Tras la \u00faltima condena, <a href=\"https:\/\/elpais.com\/internacional\/2025-09-26\/sarkozy-la-caida-del-presidente-que-amaba-el-lujo.html\" rel=\"nofollow noopener\" title=\"https:\/\/elpais.com\/internacional\/2025-09-26\/sarkozy-la-caida-del-presidente-que-amaba-el-lujo.html\" target=\"_blank\">Sarkozy<\/a> denunci\u00f3 un golpe del Estado de derecho. El expresidente defiende que es inocente y ha recibido el apoyo de parte de la clase pol\u00edtica.<\/p>\n","protected":false},"excerpt":{"rendered":"El Tribunal Supremo franc\u00e9s confirm\u00f3 este mi\u00e9rcoles la condena a seis meses de prisi\u00f3n, que podr\u00e1 cumplir en&hellip;\n","protected":false},"author":2,"featured_media":256889,"comment_status":"","ping_status":"","sticky":false,"template":"","format":"standard","meta":{"footnotes":""},"categories":[42],"tags":[17,18,767,7232,13,14,56078,37499,317,11,61,62,63,64,2158,19,20,9,19569,10,15,16,952,593,6932,12,21,22,65,66,67],"class_list":{"0":"post-256888","1":"post","2":"type-post","3":"status-publish","4":"format-standard","5":"has-post-thumbnail","7":"category-internacional","8":"tag-breaking-news","9":"tag-breakingnews","10":"tag-corrupcion","11":"tag-delitos","12":"tag-featured-news","13":"tag-featurednews","14":"tag-financiacion-electoral","15":"tag-financiacion-ilegal","16":"tag-francia","17":"tag-headlines","18":"tag-internacional","19":"tag-international","20":"tag-international-news","21":"tag-internationalnews","22":"tag-justicia","23":"tag-latest-news","24":"tag-latestnews","25":"tag-news","26":"tag-nicolas-sarkozy","27":"tag-noticias","28":"tag-noticias-destacadas","29":"tag-noticiasdestacadas","30":"tag-politica","31":"tag-prisiones","32":"tag-sentencias-condenatorias","33":"tag-titulares","34":"tag-ultimas-noticias","35":"tag-ultimasnoticias","36":"tag-world","37":"tag-world-news","38":"tag-worldnews"},"share_on_mastodon":{"url":"","error":"Validation failed: Text character limit of 500 exceeded"},"_links":{"self":[{"href":"https:\/\/www.europesays.com\/es\/wp-json\/wp\/v2\/posts\/256888","targetHints":{"allow":["GET"]}}],"collection":[{"href":"https:\/\/www.europesays.com\/es\/wp-json\/wp\/v2\/posts"}],"about":[{"href":"https:\/\/www.europesays.com\/es\/wp-json\/wp\/v2\/types\/post"}],"author":[{"embeddable":true,"href":"https:\/\/www.europesays.com\/es\/wp-json\/wp\/v2\/users\/2"}],"replies":[{"embeddable":true,"href":"https:\/\/www.europesays.com\/es\/wp-json\/wp\/v2\/comments?post=256888"}],"version-history":[{"count":0,"href":"https:\/\/www.europesays.com\/es\/wp-json\/wp\/v2\/posts\/256888\/revisions"}],"wp:featuredmedia":[{"embeddable":true,"href":"https:\/\/www.europesays.com\/es\/wp-json\/wp\/v2\/media\/256889"}],"wp:attachment":[{"href":"https:\/\/www.europesays.com\/es\/wp-json\/wp\/v2\/media?parent=256888"}],"wp:term":[{"taxonomy":"category","embeddable":true,"href":"https:\/\/www.europesays.com\/es\/wp-json\/wp\/v2\/categories?post=256888"},{"taxonomy":"post_tag","embeddable":true,"href":"https:\/\/www.europesays.com\/es\/wp-json\/wp\/v2\/tags?post=256888"}],"curies":[{"name":"wp","href":"https:\/\/api.w.org\/{rel}","templated":true}]}}