{"id":256890,"date":"2025-11-26T14:28:14","date_gmt":"2025-11-26T14:28:14","guid":{"rendered":"https:\/\/www.europesays.com\/es\/256890\/"},"modified":"2025-11-26T14:28:14","modified_gmt":"2025-11-26T14:28:14","slug":"suspendido-hasta-nuevo-aviso-el-plazo-de-presentacion-de-solicitudes-al-concurso-de-traslados-por-las-incidencias-tecnicas","status":"publish","type":"post","link":"https:\/\/www.europesays.com\/es\/256890\/","title":{"rendered":"SUSPENDIDO hasta nuevo aviso el plazo de presentaci\u00f3n de solicitudes al concurso de traslados por las incidencias t\u00e9cnicas"},"content":{"rendered":"<p>&#13;<br \/>\n&#13;<\/p>\n<p>Debido a las persistencia de las incidencias t\u00e9cnicas en la plataforma habilitada para las solicitudes del concurso auton\u00f3mico de traslados, <strong>la Consejer\u00eda SUSPENDE el plazo de presentaci\u00f3n de solicitudes hasta nuevo aviso<\/strong>.<\/p>\n<p>&#13;<br \/>\n&#13;<\/p>\n<p>Una vez resuelta las incidencias, se comunicar\u00e1 p\u00fablicamente la reanudaci\u00f3n del c\u00f3mputo de los plazos suspendidos.<\/p>\n<p>&#13;<br \/>\n&#13;<\/p>\n<p><strong>Exigimos al Gobierno de Canarias que ponga los recursos necesarios para garantizar en lo sucesivo el correcto funcionamiento de las herramientas inform\u00e1ticas<\/strong> habilitadas para los procedimientos que afectan al profesorado.<\/p>\n<p>&#13;<br \/>\n&#13;<\/p>\n<p>En <strong>ANPE Canarias<\/strong> seguiremos atendiendo a todas las personas afiliadas al sindicato para participar en el concurso.<\/p>\n<p>&#13;<br \/>\n&#13;<\/p>\n","protected":false},"excerpt":{"rendered":"&#13; &#13; Debido a las persistencia de las incidencias t\u00e9cnicas en la plataforma habilitada para las solicitudes del&hellip;\n","protected":false},"author":2,"featured_media":77738,"comment_status":"","ping_status":"","sticky":false,"template":"","format":"standard","meta":{"footnotes":""},"categories":[8],"tags":[17,18,25,24,13,14,11,19,20,9,10,15,16,23,64503,12,21,22],"class_list":{"0":"post-256890","1":"post","2":"type-post","3":"status-publish","4":"format-standard","5":"has-post-thumbnail","7":"category-espana","8":"tag-breaking-news","9":"tag-breakingnews","10":"tag-es","11":"tag-espana","12":"tag-featured-news","13":"tag-featurednews","14":"tag-headlines","15":"tag-latest-news","16":"tag-latestnews","17":"tag-news","18":"tag-noticias","19":"tag-noticias-destacadas","20":"tag-noticiasdestacadas","21":"tag-spain","22":"tag-suspendido-hasta-nuevo-aviso-el-plazo-de-presentacion-de-solicitudes-al-concurso-de-traslados-por-las-incidencias-tecnicas","23":"tag-titulares","24":"tag-ultimas-noticias","25":"tag-ultimasnoticias"},"share_on_mastodon":{"url":"https:\/\/pubeurope.com\/@es\/115616475074268663","error":""},"_links":{"self":[{"href":"https:\/\/www.europesays.com\/es\/wp-json\/wp\/v2\/posts\/256890","targetHints":{"allow":["GET"]}}],"collection":[{"href":"https:\/\/www.europesays.com\/es\/wp-json\/wp\/v2\/posts"}],"about":[{"href":"https:\/\/www.europesays.com\/es\/wp-json\/wp\/v2\/types\/post"}],"author":[{"embeddable":true,"href":"https:\/\/www.europesays.com\/es\/wp-json\/wp\/v2\/users\/2"}],"replies":[{"embeddable":true,"href":"https:\/\/www.europesays.com\/es\/wp-json\/wp\/v2\/comments?post=256890"}],"version-history":[{"count":0,"href":"https:\/\/www.europesays.com\/es\/wp-json\/wp\/v2\/posts\/256890\/revisions"}],"wp:featuredmedia":[{"embeddable":true,"href":"https:\/\/www.europesays.com\/es\/wp-json\/wp\/v2\/media\/77738"}],"wp:attachment":[{"href":"https:\/\/www.europesays.com\/es\/wp-json\/wp\/v2\/media?parent=256890"}],"wp:term":[{"taxonomy":"category","embeddable":true,"href":"https:\/\/www.europesays.com\/es\/wp-json\/wp\/v2\/categories?post=256890"},{"taxonomy":"post_tag","embeddable":true,"href":"https:\/\/www.europesays.com\/es\/wp-json\/wp\/v2\/tags?post=256890"}],"curies":[{"name":"wp","href":"https:\/\/api.w.org\/{rel}","templated":true}]}}