{"id":256897,"date":"2025-11-26T14:37:10","date_gmt":"2025-11-26T14:37:10","guid":{"rendered":"https:\/\/www.europesays.com\/es\/256897\/"},"modified":"2025-11-26T14:37:10","modified_gmt":"2025-11-26T14:37:10","slug":"stefan-joksimovic-representara-al-baskonia-en-las-ventanas-fiba","status":"publish","type":"post","link":"https:\/\/www.europesays.com\/es\/256897\/","title":{"rendered":"Stefan Joksimovic representar\u00e1 al Baskonia en las ventanas FIBA"},"content":{"rendered":"<p>\n        Tras la dolorosa derrota sufrida en cancha del Zalgiris el pasado martes, el <a href=\"https:\/\/www.noticiasdealava.eus\/baskonia\/\" title=\"Kosner Baskonia\" class=\"link copy\" rel=\"nofollow noopener\" target=\"_blank\">Kosner Baskonia<\/a> <strong>afronta ahora un par\u00f3n de diez d\u00edas en el que, en palabras del entrenador Paolo Galbiati, tendr\u00e1 la posibilidad de recuperarse f\u00edsica y mentalmente<\/strong> antes de afrontar una nueva marat\u00f3n de partidos.\n<\/p>\n<p class=\"article-body__text \">\n        Para deleite del t\u00e9cnico italiano, <strong>podr\u00e1 contar con todos sus jugadores de la primera plantilla a disposici\u00f3n para entrenar y trabajar con tranquilidad<\/strong> durante estos diez d\u00edas que pueden servir para compensar la falta de preparaci\u00f3n durante una pretemporada condicionada por las lesiones y la presencia de varios internacionales en el Eurobasket. Todos, con <strong>una grata excepci\u00f3n<\/strong>.\n<\/p>\n<p>            <a href=\"https:\/\/www.noticiasdealava.eus\/baskonia\/2025\/11\/25\/enesimo-desengano-domicilio-10397020.html\" title=\"El en\u00e9simo desenga\u00f1o a domicilio\" class=\"new__media\" rel=\"nofollow noopener\" target=\"_blank\"><\/p>\n<p>                <img alt=\"El en\u00e9simo desenga\u00f1o a domicilio\" data-src=\"https:\/\/www.europesays.com\/es\/wp-content\/uploads\/2025\/11\/3247b0a6-23b0-49d2-8aa6-42caac0a2cec_16-9-aspect-ratio_default_0_x685y590.jpg\" class=\"lozad\"\/><\/p>\n<p>        <\/a><\/p>\n<p>        <a href=\"https:\/\/www.noticiasdealava.eus\/baskonia\/2025\/11\/25\/enesimo-desengano-domicilio-10397020.html\" title=\"El en\u00e9simo desenga\u00f1o a domicilio\" class=\"new__headline\" rel=\"nofollow noopener\" target=\"_blank\"><br \/>\n            El en\u00e9simo desenga\u00f1o a domicilio<br \/>\n        <\/a><\/p>\n<p class=\"article-body__text \">\n        El jovenc\u00edsimo alero<strong> Stefan Joksimovic, que cumpli\u00f3 17 a\u00f1os el pasado 16 de noviembre, ha sido convocado por la selecci\u00f3n absoluta de Eslovenia<\/strong> para participar en la ventana FIBA de esta semana,<strong> clasificatoria para el pr\u00f3ximo Mundial<\/strong> que se celebrar\u00e1 en 2027.\n<\/p>\n<p class=\"article-body__text \">\n        El que es<strong> el jugador m\u00e1s joven en vestir la camiseta del Baskonia en el siglo XXI<\/strong> y el tercer debutante azulgrana m\u00e1s precoz ya hab\u00eda destacado anteriormente en las categor\u00edas inferiores de Eslovenia y su destacable inicio de temporada, en el que <strong>gracias a las bajas de sus compa\u00f1eros disput\u00f3 tres encuentros de la Liga Endesa y cuatro de Euroliga<\/strong>, ha sido recompensado con la llamada de la selecci\u00f3n absoluta.\n<\/p>\n<p>            <a href=\"https:\/\/www.noticiasdealava.eus\/baskonia\/2025\/10\/13\/portentosa-exhibicion-joksimovic-3a-feb-baskonia-10209271.html\" title=\"Portentosa exhibici\u00f3n de Joksimovic en 3\u00aa FEB\" class=\"new__media\" rel=\"nofollow noopener\" target=\"_blank\"><\/p>\n<p>                <img alt=\"Portentosa exhibici\u00f3n de Joksimovic en 3\u00aa FEB\" data-src=\"https:\/\/www.europesays.com\/es\/wp-content\/uploads\/2025\/10\/a65e4316-2599-4a98-b1ed-6220865fc99c_16-9-aspect-ratio_default_0.jpg\" class=\"lozad\"\/><\/p>\n<p>        <\/a><\/p>\n<p>        <a href=\"https:\/\/www.noticiasdealava.eus\/baskonia\/2025\/10\/13\/portentosa-exhibicion-joksimovic-3a-feb-baskonia-10209271.html\" title=\"Portentosa exhibici\u00f3n de Joksimovic en 3\u00aa FEB\" class=\"new__headline\" rel=\"nofollow noopener\" target=\"_blank\"><br \/>\n            Portentosa exhibici\u00f3n de Joksimovic en 3\u00aa FEB<br \/>\n        <\/a><\/p>\n<p class=\"article-body__text \">\n        Al haberse quedado fuera de las convocatorias en las \u00faltimas semanas y tener efectivos de sobra para poder entrenar, <strong>seguro que ni a Galbiati, que celebr\u00f3 su llamada por la selecci\u00f3n en una rueda de prensa, ni al club les importa que Joksimovic se curta con el combinado nacional<\/strong>, donde compartir\u00e1 vestuario en esta ocasi\u00f3n con Miha Cerkvenik, Gregor Glas, Gregor Hrovat, Robert Jurkovic, Martin Krampelj, Aljaz Kunc, Alen Omic, Rok Radovic, Ziga Samar, Zak Smrekar, Leon Stergar y Tim Tomazic.\n<\/p>\n<p class=\"article-body__text \">\n        Obviamente, <strong>en este momento de los clasificatorios el equipo est\u00e1 a\u00fan lejos de parecerse al que en principio estar\u00e1 comandado por la estrella de la NBA Luka Doncic en 2027<\/strong>. En cualquier caso, ser\u00e1 una buena oportunidad para mostrar su talento al seleccionador Aleksander Sekulic y, qui\u00e9n sabe, empezar a allanar el terreno para opositar a estar en la cita dentro de a\u00f1o y medio cuando haya alcanzado mayor madurez.\n<\/p>\n<p class=\"article-body__text \">\n        Por ahora, su foco estar\u00e1 en los dos encuentros que disputar\u00e1 esta semana su selecci\u00f3n, primero el<strong> viernes 28 de noviembre en el Bonifika Arena (Koper) a las 18.00 horas, donde recibir\u00e1 a Estonia, y despu\u00e9s con la visita a Suecia el domingo 30 de noviembre<\/strong> a las 19.00 horas, cita que se disputar\u00e1 en el Scandinavium, en Gotemburgo.<\/p>\n","protected":false},"excerpt":{"rendered":"Tras la dolorosa derrota sufrida en cancha del Zalgiris el pasado martes, el Kosner Baskonia afronta ahora un&hellip;\n","protected":false},"author":2,"featured_media":256898,"comment_status":"","ping_status":"","sticky":false,"template":"","format":"standard","meta":{"footnotes":""},"categories":[269],"tags":[299,298,4714,168,25,24,8235,9249,23,167,1900,64504],"class_list":{"0":"post-256897","1":"post","2":"type-post","3":"status-publish","4":"format-standard","5":"has-post-thumbnail","7":"category-baloncesto","8":"tag-baloncesto","9":"tag-basketball","10":"tag-baskonia","11":"tag-deportes","12":"tag-es","13":"tag-espana","14":"tag-joksimovic","15":"tag-presente","16":"tag-spain","17":"tag-sports","18":"tag-unico","19":"tag-ventanas"},"share_on_mastodon":{"url":"https:\/\/pubeurope.com\/@es\/115616510311192956","error":""},"_links":{"self":[{"href":"https:\/\/www.europesays.com\/es\/wp-json\/wp\/v2\/posts\/256897","targetHints":{"allow":["GET"]}}],"collection":[{"href":"https:\/\/www.europesays.com\/es\/wp-json\/wp\/v2\/posts"}],"about":[{"href":"https:\/\/www.europesays.com\/es\/wp-json\/wp\/v2\/types\/post"}],"author":[{"embeddable":true,"href":"https:\/\/www.europesays.com\/es\/wp-json\/wp\/v2\/users\/2"}],"replies":[{"embeddable":true,"href":"https:\/\/www.europesays.com\/es\/wp-json\/wp\/v2\/comments?post=256897"}],"version-history":[{"count":0,"href":"https:\/\/www.europesays.com\/es\/wp-json\/wp\/v2\/posts\/256897\/revisions"}],"wp:featuredmedia":[{"embeddable":true,"href":"https:\/\/www.europesays.com\/es\/wp-json\/wp\/v2\/media\/256898"}],"wp:attachment":[{"href":"https:\/\/www.europesays.com\/es\/wp-json\/wp\/v2\/media?parent=256897"}],"wp:term":[{"taxonomy":"category","embeddable":true,"href":"https:\/\/www.europesays.com\/es\/wp-json\/wp\/v2\/categories?post=256897"},{"taxonomy":"post_tag","embeddable":true,"href":"https:\/\/www.europesays.com\/es\/wp-json\/wp\/v2\/tags?post=256897"}],"curies":[{"name":"wp","href":"https:\/\/api.w.org\/{rel}","templated":true}]}}