{"id":256912,"date":"2025-11-26T14:46:10","date_gmt":"2025-11-26T14:46:10","guid":{"rendered":"https:\/\/www.europesays.com\/es\/256912\/"},"modified":"2025-11-26T14:46:10","modified_gmt":"2025-11-26T14:46:10","slug":"estos-son-los-sintomas-que-no-debes-ignorar","status":"publish","type":"post","link":"https:\/\/www.europesays.com\/es\/256912\/","title":{"rendered":"estos son los s\u00edntomas que no debes ignorar"},"content":{"rendered":"<p>Parec\u00eda imposible, pero ha sucedido. Hace unos d\u00edas, <b>un hombre estadounidense se convirti\u00f3 en la primera persona en contraer la Gripe Aviar.<\/b> El paciente, procedente de Washington, dio positivo en la prueba del virus de la Gripe Aviar H5N5. Hasta ahora, este virus, com\u00fan en aves, no supon\u00eda un riesgo real para los humanos, pero esta muerte activa todas las alarmas en la comunidad cient\u00edfica internacional.<\/p>\n<p>El paciente, que era mayor, fue ingresado en el hospital porque mostraba un estado de salud grave, seg\u00fan indica el Departamento de Salud del Estado de Washington. No se conoce con exactitud <a title=\"de qu\u00e9 forma contrajo la infecci\u00f3n,\" href=\"https:\/\/www.larazon.es\/sociedad\/union-europea-compra-pollo-marruecos-mientras-espana-sufre-brote-gripe-aviar_202511226921843e6c137a6987780500.html\" target=\"_blank\" rel=\"nofollow noopener\">de qu\u00e9 forma contrajo la infecci\u00f3n,<\/a> pero se sabe que criaba aves de corral que estuvieron expuestas a aves silvestres. Los s\u00edntomas que present\u00f3 eran<b> fiebre alta, dificultad respiratoria y confusi\u00f3n <\/b>y las autoridades est\u00e1n investigando el caso.<\/p>\n<p>S\u00edntomas de la gripe aviar en humanos<\/p>\n<p>La <b>gripe aviar no es com\u00fan en humanos<\/b>. Aunque los casos puedan contarse con los dedos de una mano, los contagiados presentan una serie de s\u00edntomas comunes, que suelen aparecer entre los cuatro y los seis d\u00edas posteriores a estar en contacto con un ave contagiada, seg\u00fan indica el medio brit\u00e1nico The Mirror. Los principales s\u00edntomas son:<\/p>\n<p>&#8211; Tos<\/p>\n<p>&#8211; Dolor de garganta<\/p>\n<p>&#8211; Nariz congestionada y con mocos<\/p>\n<p>&#8211; Estornudos<\/p>\n<p>&#8211; Dificultad para respirar<\/p>\n<p>&#8211; Fiebre<\/p>\n<p>&#8211; Ojos irritados<\/p>\n<p>Aunque sea improbable contraer esta enfermedad, <b>es conveniente evitar el contacto con aves que puedan tenerla,<\/b> as\u00ed como seguir las indicaciones de cada pa\u00eds puesto que muchos de ellos han tomado medidas para evitar su propagaci\u00f3n. En cualquier caso, la mejor opci\u00f3n es prevenirla, y hay algunas medidas sencillas que todo el que pase tiempo con aves deber\u00eda aplicar.<\/p>\n<p>C\u00f3mo prevenir la gripe aviar<\/p>\n<p>Si manipulas aves o <a title=\"tocas alg\u00fan excremento\" href=\"https:\/\/www.larazon.es\/sociedad\/autoridad-alimentaria-europea-insta-elevar-control-gripe-aviar_202511246924a8c86c137a69877b1175.html\" target=\"_blank\" rel=\"nofollow noopener\">tocas alg\u00fan excremento<\/a> que pueda tener saliva o restos de excrementos, l\u00e1vate las manos inmediatamente. Si est\u00e1s en un sitio caracter\u00edstico por tener aves, evita visitar mercados de animales vivos o granjas tocar excrementos de p\u00e1jaros o plumas o comer platos que tengan ingredientes derivados de las aves como el huevo.<\/p>\n<p>En Espa\u00f1a, el Gobierno ha tomado medidas. El Ministerio de Agricultura, Pesca y Alimentaci\u00f3n (MAPA) ha decretado el <strong data-start=\"207\" data-end=\"286\">confinamiento obligatorio de todas las aves de corral criadas al aire libre<\/strong> en Espa\u00f1a, como medida urgente para frenar la propagaci\u00f3n del virus. Adem\u00e1s, proh\u00edbe la cr\u00eda al aire libre en explotaciones ecol\u00f3gicas, de autoconsumo o comerciales; obliga al uso de instalaciones cerradas o protegidas, y restringe el acceso de aves silvestres a comederos, bebederos o zonas de pastoreo compartidas.<\/p>\n","protected":false},"excerpt":{"rendered":"Parec\u00eda imposible, pero ha sucedido. Hace unos d\u00edas, un hombre estadounidense se convirti\u00f3 en la primera persona en&hellip;\n","protected":false},"author":2,"featured_media":256913,"comment_status":"","ping_status":"","sticky":false,"template":"","format":"standard","meta":{"footnotes":""},"categories":[92],"tags":[25,24,165,166,23],"class_list":{"0":"post-256912","1":"post","2":"type-post","3":"status-publish","4":"format-standard","5":"has-post-thumbnail","7":"category-salud","8":"tag-es","9":"tag-espana","10":"tag-health","11":"tag-salud","12":"tag-spain"},"share_on_mastodon":{"url":"https:\/\/pubeurope.com\/@es\/115616546427796170","error":""},"_links":{"self":[{"href":"https:\/\/www.europesays.com\/es\/wp-json\/wp\/v2\/posts\/256912","targetHints":{"allow":["GET"]}}],"collection":[{"href":"https:\/\/www.europesays.com\/es\/wp-json\/wp\/v2\/posts"}],"about":[{"href":"https:\/\/www.europesays.com\/es\/wp-json\/wp\/v2\/types\/post"}],"author":[{"embeddable":true,"href":"https:\/\/www.europesays.com\/es\/wp-json\/wp\/v2\/users\/2"}],"replies":[{"embeddable":true,"href":"https:\/\/www.europesays.com\/es\/wp-json\/wp\/v2\/comments?post=256912"}],"version-history":[{"count":0,"href":"https:\/\/www.europesays.com\/es\/wp-json\/wp\/v2\/posts\/256912\/revisions"}],"wp:featuredmedia":[{"embeddable":true,"href":"https:\/\/www.europesays.com\/es\/wp-json\/wp\/v2\/media\/256913"}],"wp:attachment":[{"href":"https:\/\/www.europesays.com\/es\/wp-json\/wp\/v2\/media?parent=256912"}],"wp:term":[{"taxonomy":"category","embeddable":true,"href":"https:\/\/www.europesays.com\/es\/wp-json\/wp\/v2\/categories?post=256912"},{"taxonomy":"post_tag","embeddable":true,"href":"https:\/\/www.europesays.com\/es\/wp-json\/wp\/v2\/tags?post=256912"}],"curies":[{"name":"wp","href":"https:\/\/api.w.org\/{rel}","templated":true}]}}