{"id":256928,"date":"2025-11-26T15:00:10","date_gmt":"2025-11-26T15:00:10","guid":{"rendered":"https:\/\/www.europesays.com\/es\/256928\/"},"modified":"2025-11-26T15:00:10","modified_gmt":"2025-11-26T15:00:10","slug":"entrenamiento-pre-selecciones-fbrm-30-11-2025-areas-deportivas-selecciones-selecciones-autonomicas","status":"publish","type":"post","link":"https:\/\/www.europesays.com\/es\/256928\/","title":{"rendered":"Entrenamiento Pre-Selecciones FBRM (30\/11\/2025) &#8211; \u00c1REAS DEPORTIVAS &#8211; SELECCIONES &#8211; SELECCIONES AUTON\u00d3MICAS"},"content":{"rendered":"<p style=\"text-align: justify;\">Este domingo, 30 de noviembre, las Pre-Selecciones Minis, Cadetes y la Infantil Femenina trabajar\u00e1n en tres sedes diferentes: San Javier, Archena y Molina de Segura. La Infantil Masculina no se ejercitar\u00e1 por la disputa de la MiniCopa Endesa, donde el UCAM Murcia Polymec jugar\u00e1 del 28 al 30 de noviembre en Valencia.<\/p>\n<p style=\"text-align: justify;\">Los combinados Mini trabajar\u00e1n en el Pabell\u00f3n Auxiliar de San Javier en horario de tarde, teniendo la Masculina su entrenamiento entre las 16:00 y las 18:00 y la Femenina de las 18:00 a las 20:00 horas. La Cadete Femenina trabajar\u00e1 en el Pabell\u00f3n Joaqu\u00edn L\u00f3pez Fontes de Archena, en horario de tarde, de 16:15 a 18:15 horas.<\/p>\n<p style=\"text-align: justify;\">Por su parte, la Infantil Femenina y la Cadete Masculina se concentrar\u00e1n ma\u00f1ana y tarde en el Complejo Deportivo El Romeral de Molina de Segura. Por la ma\u00f1ana tendr\u00e1n sesiones de entrenamiento en el Pabell\u00f3n Goya (de 10:00 a 12:00 la Infantil Femenina y de 12:00 a 14:00 la Cadete Masculina) y partido de preparaci\u00f3n en el Pabell\u00f3n El Romeral 2. Las Infantiles se enfrentar\u00e1n al Hozono Global Jairis Cadete Femenino a las 16:30 horas, mientras que la Cadete Masculina se medir\u00e1 al Club San Jorge Senior Masculino a partir de las 18:30.<\/p>\n<p style=\"text-align: justify;\">En el apartado \u00abDocumentos\u00bb se puede descargar los listados de convocados\/as.<\/p>\n","protected":false},"excerpt":{"rendered":"Este domingo, 30 de noviembre, las Pre-Selecciones Minis, Cadetes y la Infantil Femenina trabajar\u00e1n en tres sedes diferentes:&hellip;\n","protected":false},"author":2,"featured_media":256929,"comment_status":"","ping_status":"","sticky":false,"template":"","format":"standard","meta":{"footnotes":""},"categories":[269],"tags":[64514,21771,39700,299,298,3008,168,15900,8346,25,24,64513,2500,1783,1478,46141,6192,19022,23,167],"class_list":{"0":"post-256928","1":"post","2":"type-post","3":"status-publish","4":"format-standard","5":"has-post-thumbnail","7":"category-baloncesto","8":"tag-30-11-2025","9":"tag-areas","10":"tag-autonomicas","11":"tag-baloncesto","12":"tag-basketball","13":"tag-de","14":"tag-deportes","15":"tag-deportivas","16":"tag-entrenamiento","17":"tag-es","18":"tag-espana","19":"tag-fbrm","20":"tag-federacion","21":"tag-la","22":"tag-murcia","23":"tag-pre","24":"tag-region","25":"tag-selecciones","26":"tag-spain","27":"tag-sports"},"share_on_mastodon":{"url":"https:\/\/pubeurope.com\/@es\/115616600958969221","error":""},"_links":{"self":[{"href":"https:\/\/www.europesays.com\/es\/wp-json\/wp\/v2\/posts\/256928","targetHints":{"allow":["GET"]}}],"collection":[{"href":"https:\/\/www.europesays.com\/es\/wp-json\/wp\/v2\/posts"}],"about":[{"href":"https:\/\/www.europesays.com\/es\/wp-json\/wp\/v2\/types\/post"}],"author":[{"embeddable":true,"href":"https:\/\/www.europesays.com\/es\/wp-json\/wp\/v2\/users\/2"}],"replies":[{"embeddable":true,"href":"https:\/\/www.europesays.com\/es\/wp-json\/wp\/v2\/comments?post=256928"}],"version-history":[{"count":0,"href":"https:\/\/www.europesays.com\/es\/wp-json\/wp\/v2\/posts\/256928\/revisions"}],"wp:featuredmedia":[{"embeddable":true,"href":"https:\/\/www.europesays.com\/es\/wp-json\/wp\/v2\/media\/256929"}],"wp:attachment":[{"href":"https:\/\/www.europesays.com\/es\/wp-json\/wp\/v2\/media?parent=256928"}],"wp:term":[{"taxonomy":"category","embeddable":true,"href":"https:\/\/www.europesays.com\/es\/wp-json\/wp\/v2\/categories?post=256928"},{"taxonomy":"post_tag","embeddable":true,"href":"https:\/\/www.europesays.com\/es\/wp-json\/wp\/v2\/tags?post=256928"}],"curies":[{"name":"wp","href":"https:\/\/api.w.org\/{rel}","templated":true}]}}