{"id":256932,"date":"2025-11-26T15:02:14","date_gmt":"2025-11-26T15:02:14","guid":{"rendered":"https:\/\/www.europesays.com\/es\/256932\/"},"modified":"2025-11-26T15:02:14","modified_gmt":"2025-11-26T15:02:14","slug":"el-conmovedor-recuerdo-de-jose-fernando-ortega-a-michu-cuatro-meses-despues-de-su-fallecimiento-uno-para-el-otro","status":"publish","type":"post","link":"https:\/\/www.europesays.com\/es\/256932\/","title":{"rendered":"El conmovedor recuerdo de Jos\u00e9 Fernando Ortega a Michu cuatro meses despu\u00e9s de su fallecimiento: \u201cUno para el otro\u201d"},"content":{"rendered":"<p>Han pasado m\u00e1s de cuatro meses de aquel fat\u00eddico 7 de julio en que la vida de Jos\u00e9 Fernando Ortega (32 a\u00f1os) cambi\u00f3 de manera radical. El <strong>fallecimiento repentino de Michu<\/strong> dej\u00f3 a toda la familia completamente desolada. Desde entonces, el hijo de Jos\u00e9 Ortega Cano no ha dudado en <a href=\"https:\/\/www.lecturas.com\/actualidad\/desgarrador-lamento-jose-fernando-ortega-recordar-a-michu-tras-su-repentino-fallecimiento_181836\" rel=\"nofollow noopener\" target=\"_blank\">compartir diferentes mensajes<\/a> que demuestran el amor que sent\u00eda por la madre de su hija. Ahora ha vuelto a hacerlo, publicando unas im\u00e1genes in\u00e9ditas y<strong> una rom\u00e1ntica declaraci\u00f3n<\/strong> concisa pero contundente.<\/p>\n<p>Con el paso de los meses la situaci\u00f3n parece haberse estabilizado en la guerra medi\u00e1tica de las dos familias. Todav\u00eda hoy quedan algunos flecos por resolverse, pese a que la hija de la expareja ya vive en la residencia del torero como deseo de su propia madre. De este modo, Michu era conocedora que <strong>a su hija no le iba a faltar de nada<\/strong>, estando en las mejores manos posibles hasta que su padre pueda hacerse cargo de la peque\u00f1a tras la situaci\u00f3n personal que atraviesa.<\/p>\n<p>Recuerdo con declaraci\u00f3n de amor<\/p>\n<p>Para Jos\u00e9 Fernando, la p\u00e9rdida de su expareja ha sido un golpe muy duro del que todav\u00eda intenta recuperarse. Aunque cuando se produjo la repentina muerte no estaban juntos, lo cierto es que su relaci\u00f3n es un completo enigma. Cada cierto tiempo el hijo de Roc\u00edo Jurado recurre a sus redes sociales para dejar constancia del amor que siente hacia la madre de su hija. <strong>\u201cUno para el otro\u201d<\/strong>, escribe Jos\u00e9 Fernando.<\/p>\n<p><img loading=\"lazy\" decoding=\"async\"   src=\"https:\/\/www.europesays.com\/es\/wp-content\/uploads\/2025\/11\/jose-fernando-y-michu_9346c9ab_251126123703_1200x1675.webp.webp\" alt=\"Jos\u00e9 Fernando y Michu\" class=\"lazyload\" width=\"1200\" height=\"1675\" data-aspectratio=\"1200\/1675\"\/><\/p>\n<p>Jos\u00e9 Fernando ha compartido im\u00e1genes con Michu con una declaraci\u00f3n de amor hacia la madre de su hija.<\/p>\n<p>&#13;Instagram @jfernando_ortegamohedano<\/p>\n<p>La dedicatoria es breve y concisa pero m\u00e1s que suficiente para hacer patente el amor entre ellos. De hecho, el propio Jos\u00e9 Fernando define su amor con Michu con dos adjetivos. <strong>\u201cAmor incondicional\u201d<\/strong>, dice, por un lado. Por otro, a\u00f1ade \u201ceterno\u201d. En las im\u00e1genes que comparte se ven <strong>momentos in\u00e9ditos de la pareja<\/strong>, adem\u00e1s de algunas instant\u00e1neas con la hija que tienen en com\u00fan. Una declaraci\u00f3n de lo m\u00e1s rom\u00e1ntica cuando est\u00e1n a punto de cumplirse cinco meses sin la gaditana.<\/p>\n<p><img decoding=\"async\" src=\"https:\/\/www.europesays.com\/es\/wp-content\/uploads\/2025\/11\/letizia_1d7c0362_078_251126141535_800x800.webp.webp\" alt=\"Letizia\" class=\"image lazyload\"\/><img loading=\"lazy\" decoding=\"async\" src=\"https:\/\/www.europesays.com\/es\/wp-content\/uploads\/2025\/11\/letizia_1d7c0362_078_251126141540_1280x720.webp.webp\" alt=\"Letizia, la reina del invierno con capa y un imponente vestido rojo en la bienvenida con honores al presidente de Alemania\" class=\"image lazyload\" width=\"1280\" height=\"720\" data-aspectratio=\"1280\/720\"\/><\/p>\n<p>A lo largo del verano, en diferentes programas de televisi\u00f3n de nuestro pa\u00eds, se ha hablado largo y tendido de todo lo relativo a la situaci\u00f3n familiar tras este fallecimiento. Tanto Gloria Camila como Tamara, hermana de Michu, han protagonizado desencuentros en los plat\u00f3s. Tambi\u00e9n se ha puesto de manifiesto las posibles intenciones de Jos\u00e9 Fernando y la propia Michu, ya que <strong>podr\u00edan haber hablado de una nueva oportunidad<\/strong>. Aunque desgraciadamente esto ya no vaya a producirse, el amor entre ellos sigue estando.<\/p>\n<p>La vida sin Michu<\/p>\n<p>El hijo del torero ha tratado de continuar su vida sin la presencia de la madre de su hija. Dejando a un lado estos planes de la pareja, Jos\u00e9 Fernando ha aprovechado el escaparate de sus redes sociales para manifestar lo mucho que echa de menos a la andaluza. <strong>\u201cTe echamos mucho de menos y seguimos contigo cada d\u00eda\u201d<\/strong>, record\u00f3 en el mes de septiembre junto a una estrella que simbolizaba a la madre de su hija.<\/p>\n<p><img loading=\"lazy\" decoding=\"async\"   src=\"https:\/\/www.europesays.com\/es\/wp-content\/uploads\/2025\/11\/jose-fernando-y-michu_9fb60323_251126123826_1200x1466.webp.webp\" alt=\"Jos\u00e9 Fernando y Michu\" class=\"lazyload\" width=\"1200\" height=\"1466\" data-aspectratio=\"1200\/1466\"\/><\/p>\n<p>El hijo del torero recurre a sus redes sociales para demostrar el amor que siente hacia Michu.<\/p>\n<p>&#13;@jfernando_ortegamohedano<\/p>\n<p><strong>Las im\u00e1genes del tanatorio fueron totalmente desoladoras<\/strong>. Toda la familia Ortega Cano estuvo arropando a Jos\u00e9 Fernando en este momento tan duro para \u00e9l. All\u00ed coincidieron con la familia de Michu y mantuvieron algunas conversaciones sobre el futuro de la peque\u00f1a, tal y como desvelaron Tamara y Gloria Camila en sus intervenciones televisivas. El dolor marc\u00f3 ese encuentro que demostr\u00f3 la <strong>uni\u00f3n familiar de todo el clan.<\/strong><\/p>\n<p>El hijo del torero tuvo claro que <strong>la vida ten\u00eda que continuar para \u00e9l<\/strong>. Eso s\u00ed, tuvo claro que el recuerdo a la gaditana iba a estar muy presente en su vida. As\u00ed se lo est\u00e1 inculcando tambi\u00e9n a su peque\u00f1a que en la actualidad vive con el torero, aunque recibe de vez en cuando visitas de su familia materna. En estos casi cinco meses el hijo de la cantante demuestra que <strong>no va a olvidar a la madre de su hija<\/strong>, tal y como se destapa de sus publicaciones en redes sociales.<\/p>\n<p><img decoding=\"async\" src=\"https:\/\/www.europesays.com\/es\/wp-content\/uploads\/2025\/11\/gloria-camila_7643c82c_251101080151_800x800.webp.webp\" alt=\"Gloria Camila\" class=\"image lazyload\"\/><img loading=\"lazy\" decoding=\"async\" src=\"https:\/\/www.europesays.com\/es\/wp-content\/uploads\/2025\/11\/gloria-camila_7643c82c_251101080154_1280x720.webp.webp\" alt=\"Gloria Camila desvela c\u00f3mo se ha encontrado la situaci\u00f3n con la hija de Michu y Jos\u00e9 Fernando a su vuelta de \u2018Supervivientes\u2019\" class=\"image lazyload\" width=\"1280\" height=\"720\" data-aspectratio=\"1280\/720\"\/><\/p>\n<p>De hecho, a los d\u00edas del triste fallecimiento quiso dedicarle unas palabras de despedida totalmente desgarradoras. \u201cQu\u00e9 decir al amor: solo que siempre ser\u00e1 nuestro, y que <strong>nunca olvidar\u00e9 el gran amor hacia tu hija y hacia m\u00ed<\/strong>. Nosotros jam\u00e1s olvidaremos tus cari\u00f1os, tus recuerdos y tus sue\u00f1os, junto a tus metas con tu gran vivir hacia la vida. Siempre ser\u00e1s una persona recordada con tu sonrisa en el alma y tu canto hacia el viento. Ahora, descansa en paz y, con tu alma celestial, <strong>brilla como nunca jam\u00e1s\u2026<\/strong> \u00a1Te amamos, mami!\u201d, escribi\u00f3 con profundo dolor.<\/p>\n","protected":false},"excerpt":{"rendered":"Han pasado m\u00e1s de cuatro meses de aquel fat\u00eddico 7 de julio en que la vida de Jos\u00e9&hellip;\n","protected":false},"author":2,"featured_media":256933,"comment_status":"","ping_status":"","sticky":false,"template":"","format":"standard","meta":{"footnotes":""},"categories":[174],"tags":[255,146,147,25,24,256,23],"class_list":{"0":"post-256932","1":"post","2":"type-post","3":"status-publish","4":"format-standard","5":"has-post-thumbnail","7":"category-famosos","8":"tag-celebrities","9":"tag-entertainment","10":"tag-entretenimiento","11":"tag-es","12":"tag-espana","13":"tag-famosos","14":"tag-spain"},"share_on_mastodon":{"url":"https:\/\/pubeurope.com\/@es\/115616609302933167","error":""},"_links":{"self":[{"href":"https:\/\/www.europesays.com\/es\/wp-json\/wp\/v2\/posts\/256932","targetHints":{"allow":["GET"]}}],"collection":[{"href":"https:\/\/www.europesays.com\/es\/wp-json\/wp\/v2\/posts"}],"about":[{"href":"https:\/\/www.europesays.com\/es\/wp-json\/wp\/v2\/types\/post"}],"author":[{"embeddable":true,"href":"https:\/\/www.europesays.com\/es\/wp-json\/wp\/v2\/users\/2"}],"replies":[{"embeddable":true,"href":"https:\/\/www.europesays.com\/es\/wp-json\/wp\/v2\/comments?post=256932"}],"version-history":[{"count":0,"href":"https:\/\/www.europesays.com\/es\/wp-json\/wp\/v2\/posts\/256932\/revisions"}],"wp:featuredmedia":[{"embeddable":true,"href":"https:\/\/www.europesays.com\/es\/wp-json\/wp\/v2\/media\/256933"}],"wp:attachment":[{"href":"https:\/\/www.europesays.com\/es\/wp-json\/wp\/v2\/media?parent=256932"}],"wp:term":[{"taxonomy":"category","embeddable":true,"href":"https:\/\/www.europesays.com\/es\/wp-json\/wp\/v2\/categories?post=256932"},{"taxonomy":"post_tag","embeddable":true,"href":"https:\/\/www.europesays.com\/es\/wp-json\/wp\/v2\/tags?post=256932"}],"curies":[{"name":"wp","href":"https:\/\/api.w.org\/{rel}","templated":true}]}}