{"id":256942,"date":"2025-11-26T15:08:29","date_gmt":"2025-11-26T15:08:29","guid":{"rendered":"https:\/\/www.europesays.com\/es\/256942\/"},"modified":"2025-11-26T15:08:29","modified_gmt":"2025-11-26T15:08:29","slug":"franco-colapinto-del-reto-en-las-vegas-al-darlo-todo-en-el-gp-de-qatar-este-fin-de-semana-ole","status":"publish","type":"post","link":"https:\/\/www.europesays.com\/es\/256942\/","title":{"rendered":"Franco Colapinto: del \u00abreto\u00bb en Las Vegas al \u00abdarlo todo\u00bb en el GP de Qatar este fin de semana :: Ol\u00e9"},"content":{"rendered":"<p>25\/11\/2025 14:00hs. Actualizado al 25\/11\/2025 15:30hs.<\/p>\n<p>Se vienen las \u00faltimas dos jornadas de <strong><a href=\"https:\/\/www.ole.com.ar\/tema\/formula-1.html\" title=\"F\u00f3rmula 1\" alt=\"F\u00f3rmula 1\" class=\"slug\" rel=\"nofollow noopener\" target=\"_blank\">F\u00f3rmula 1<\/a><\/strong>, con la definici\u00f3n del campeonato como atractivo principal: <strong>Lando Norris les saca 24 puntos a los escoltas, su compa\u00f1ero en McLaren, Oscar Piastri, y Max Verstappen<\/strong>, siempre al acecho y listo para aprovechar los errores de sus rivales.<\/p>\n<p>Del otro lado de la tabla tambi\u00e9n hay objetivos. Y si bien en <strong>Alpine<\/strong> hace rato que los miran pasado el 31 de diciembre, en la temporada 2026, tambi\u00e9n buscan terminar el 2025 de una forma digna, si bien es imposible -desde la pr\u00e1ctica- que abandonen el \u00faltimo lugar en la tabla de Constructores.<\/p>\n<p><img alt=\"Franco Colapinto habl\u00f3 antes del GP de Qatar.\" loading=\"lazy\" width=\"720\" height=\"100\" decoding=\"async\" data-nimg=\"1\" style=\"color:transparent\" src=\"https:\/\/www.europesays.com\/es\/wp-content\/uploads\/2025\/11\/a1NLvXuOl_720x0__1.jpg\"\/>Franco Colapinto habl\u00f3 antes del GP de Qatar.<\/p>\n<p>Para <strong><a href=\"https:\/\/www.ole.com.ar\/tema\/franco-colapinto.html\" title=\"Franco Colapinto\" alt=\"Franco Colapinto\" class=\"slug\" rel=\"nofollow noopener\" target=\"_blank\">Franco Colapinto<\/a><\/strong>, esta carrera en Qatar, con Sprint incluido, ser\u00e1 una m\u00e1s para seguir sumando experiencia. De eso se trata y de eso habl\u00f3, adem\u00e1s de hacer un balance de su GP de Las Vegas, en el que fue 15\u00b0 tras las descalificaciones de ambos McLaren.<\/p>\n<p>Las declaraciones de Franco Colapinto antes del GP de Qatar<\/p>\n<p>\u00bb <strong>El fin de semana en Las Vegas fue un reto para m\u00ed<\/strong>. Las condiciones fueron interesantes durante todo el fin de semana, con temperaturas bajas y lluvia durante algunas sesiones. Esto hizo que manejar fuera todo un reto, especialmente en la clasificaci\u00f3n, donde pudimos pasar a la Q2 bajo la lluvia y con muy poco agarre\u00bb.<\/p>\n<p><img alt=\"El Alpine de Franco Colapinto.\" loading=\"lazy\" width=\"720\" height=\"100\" decoding=\"async\" data-nimg=\"1\" style=\"color:transparent\" src=\"https:\/\/www.europesays.com\/es\/wp-content\/uploads\/2025\/11\/U0sskxNTf_720x0__1.jpg\"\/>El Alpine de Franco Colapinto.<\/p>\n<p>M\u00e1s de Las Vegas: \u00abMi carrera del s\u00e1bado se vio comprometida cuando sufrimos da\u00f1os en la parte trasera del coche durante el caos de la curva 1 y fue dif\u00edcil recuperarme. <strong>A\u00fan quedaba mucho por aprender de la carrera y haremos un informe antes de Qatar para reflexionar<\/strong> sobre c\u00f3mo podemos aprovechar al m\u00e1ximo las dos \u00faltimas rondas\u00bb.<\/p>\n<blockquote><p>Es importante que podamos hacer una buena primera pr\u00e1ctica y estar listos de inmediato.<\/p><\/blockquote>\n<p>Respecto de correr en el emirato, adelant\u00f3: \u00abLas diferentes condiciones en Qatar ser\u00e1n importantes durante el fin de semana, sobre todo porque la pista tambi\u00e9n es de alta velocidad. Adem\u00e1s, es el \u00faltimo evento Sprint de la temporada, as\u00ed que es importante que podamos hacer una buena primera pr\u00e1ctica y estar listos de inmediato. <strong>Estamos listos para darlo todo y competir en la pen\u00faltima ronda de la temporada\u00bb.<\/strong><\/p>\n<p><a href=\"https:\/\/www.ole.com.ar\/autos\/dolorosa-revelacion-amigo-schumacher-actual-estado-salud-creo-volvamos-ver-michael_0_h7tVyGNapy.html\" aria-label=\"La dolorosa revelaci\u00f3n de un amigo de Schumacher sobre su actual estado de salud: &quot;No creo que volvamos a ver a Michael&quot;\" class=\"sc-198398ff-0 dGmAry\" rel=\"nofollow noopener\" target=\"_blank\"><img alt=\"La dolorosa revelaci\u00f3n de un amigo de Schumacher sobre su actual estado de salud: &quot;No creo que volvamos a ver a Michael&quot;\" loading=\"lazy\" width=\"290\" height=\"290\" decoding=\"async\" data-nimg=\"1\" style=\"color:transparent\" src=\"https:\/\/www.europesays.com\/es\/wp-content\/uploads\/2025\/11\/Q1FPt-s4X_290x290__1.jpg\"\/><\/p>\n<p>Mir\u00e1 tambi\u00e9nLa dolorosa revelaci\u00f3n de un amigo de Schumacher sobre su actual estado de salud: \u00abNo creo que volvamos a ver a Michael\u00bb<\/p>\n<p><a href=\"https:\/\/www.ole.com.ar\/autos\/franco-colapinto-supero-froilan-gonzalez-argentino-segundo-vueltas-formula-1_0_7Y47FeTMWb.html\" aria-label=\"Franco Colapinto ya est\u00e1 en el podio de los argentinos con m\u00e1s vueltas en la F\u00f3rmula 1\" class=\"sc-198398ff-0 dGmAry\" rel=\"nofollow noopener\" target=\"_blank\"><img alt=\"Franco Colapinto ya est\u00e1 en el podio de los argentinos con m\u00e1s vueltas en la F\u00f3rmula 1\" loading=\"lazy\" width=\"290\" height=\"290\" decoding=\"async\" data-nimg=\"1\" style=\"color:transparent\" src=\"https:\/\/www.europesays.com\/es\/wp-content\/uploads\/2025\/11\/EEVeJdWD1_290x290__1.jpg\"\/><\/p>\n<p>Mir\u00e1 tambi\u00e9nFranco Colapinto ya est\u00e1 en el podio de los argentinos con m\u00e1s vueltas en la F\u00f3rmula 1<\/p>\n<p><a href=\"https:\/\/www.ole.com.ar\/autos\/formula-1-piloto-sancionado-grilla-gp-qatar-bortoleto_0_2jfsYjQ5Wn.html\" aria-label=\"F\u00f3rmula 1: un piloto sancionado y c\u00f3mo afecta a la grilla del GP de Qatar\" class=\"sc-198398ff-0 dGmAry\" rel=\"nofollow noopener\" target=\"_blank\"><img alt=\"F\u00f3rmula 1: un piloto sancionado y c\u00f3mo afecta a la grilla del GP de Qatar\" loading=\"lazy\" width=\"290\" height=\"290\" decoding=\"async\" data-nimg=\"1\" style=\"color:transparent\" src=\"https:\/\/www.europesays.com\/es\/wp-content\/uploads\/2025\/11\/3j_y4AMgm_290x290__1.jpg\"\/><\/p>\n<p>Mir\u00e1 tambi\u00e9nF\u00f3rmula 1: un piloto sancionado y c\u00f3mo afecta a la grilla del GP de Qatar<\/p>\n","protected":false},"excerpt":{"rendered":"25\/11\/2025 14:00hs. Actualizado al 25\/11\/2025 15:30hs. Se vienen las \u00faltimas dos jornadas de F\u00f3rmula 1, con la definici\u00f3n&hellip;\n","protected":false},"author":2,"featured_media":256943,"comment_status":"","ping_status":"","sticky":false,"template":"","format":"standard","meta":{"footnotes":""},"categories":[93],"tags":[168,25,24,1723,23,167],"class_list":{"0":"post-256942","1":"post","2":"type-post","3":"status-publish","4":"format-standard","5":"has-post-thumbnail","7":"category-deportes","8":"tag-deportes","9":"tag-es","10":"tag-espana","11":"tag-franco-colapinto","12":"tag-spain","13":"tag-sports"},"share_on_mastodon":{"url":"https:\/\/pubeurope.com\/@es\/115616633131176499","error":""},"_links":{"self":[{"href":"https:\/\/www.europesays.com\/es\/wp-json\/wp\/v2\/posts\/256942","targetHints":{"allow":["GET"]}}],"collection":[{"href":"https:\/\/www.europesays.com\/es\/wp-json\/wp\/v2\/posts"}],"about":[{"href":"https:\/\/www.europesays.com\/es\/wp-json\/wp\/v2\/types\/post"}],"author":[{"embeddable":true,"href":"https:\/\/www.europesays.com\/es\/wp-json\/wp\/v2\/users\/2"}],"replies":[{"embeddable":true,"href":"https:\/\/www.europesays.com\/es\/wp-json\/wp\/v2\/comments?post=256942"}],"version-history":[{"count":0,"href":"https:\/\/www.europesays.com\/es\/wp-json\/wp\/v2\/posts\/256942\/revisions"}],"wp:featuredmedia":[{"embeddable":true,"href":"https:\/\/www.europesays.com\/es\/wp-json\/wp\/v2\/media\/256943"}],"wp:attachment":[{"href":"https:\/\/www.europesays.com\/es\/wp-json\/wp\/v2\/media?parent=256942"}],"wp:term":[{"taxonomy":"category","embeddable":true,"href":"https:\/\/www.europesays.com\/es\/wp-json\/wp\/v2\/categories?post=256942"},{"taxonomy":"post_tag","embeddable":true,"href":"https:\/\/www.europesays.com\/es\/wp-json\/wp\/v2\/tags?post=256942"}],"curies":[{"name":"wp","href":"https:\/\/api.w.org\/{rel}","templated":true}]}}