{"id":256954,"date":"2025-11-26T15:14:15","date_gmt":"2025-11-26T15:14:15","guid":{"rendered":"https:\/\/www.europesays.com\/es\/256954\/"},"modified":"2025-11-26T15:14:15","modified_gmt":"2025-11-26T15:14:15","slug":"el-juez-cita-a-cerdan-y-a-antonio-hernando-como-testigos-en-el-caso-leire-diez-espana","status":"publish","type":"post","link":"https:\/\/www.europesays.com\/es\/256954\/","title":{"rendered":"El juez cita a Cerd\u00e1n y a Antonio Hernando como testigos en el \u2018caso Leire D\u00edez\u2019 | Espa\u00f1a"},"content":{"rendered":"<p class=\"\">El titular del Juzgado de Instrucci\u00f3n n\u00famero 9 de Madrid, Arturo Zamarriego, ha decidido citar el pr\u00f3ximo 2 de febrero como testigo al ex secretario de Organizaci\u00f3n Santos Cerd\u00e1n y al actual secretario de Estado de Telecomunicaciones, Antonio Hernando, en la investigaci\u00f3n contra la exmilitante del PSOE Leire D\u00edez y el empresario Javier P\u00e9rez-Dolset. Ambos imputados est\u00e1n acusados de organizar un \u201cplan delictivo\u201d para desacreditar a las c\u00fapulas de la Fiscal\u00eda Anticorrupci\u00f3n y de la Unidad Central Operativa (UCO) de la Guardia Civil para desbaratar causas contra pol\u00edticos y empresarios. <\/p>\n<p class=\"\">En un nuevo escrito, al que ha tenido acceso EL PA\u00cdS, el instructor, <a href=\"https:\/\/elpais.com\/espana\/2025-11-17\/leire-diez-pide-la-nulidad-de-las-grabaciones-en-las-que-se-presenta-como-mano-derecha-de-cerdan.html\" target=\"_self\" rel=\"nofollow noopener\" title=\"https:\/\/elpais.com\/espana\/2025-11-17\/leire-diez-pide-la-nulidad-de-las-grabaciones-en-las-que-se-presenta-como-mano-derecha-de-cerdan.html\">que escuch\u00f3 la semana pasada las versiones de D\u00edez y Dolset,<\/a> impulsa ahora una serie de pruebas testificales que pueden ayudar a corroborar si D\u00edez trabajaba por libre como periodista, buscando informaci\u00f3n o si ten\u00eda alg\u00fan v\u00ednculo con el Partido Socialista o con Cerd\u00e1n, de quien se le escucha decir en una grabaci\u00f3n que es su \u201cmano derecha\u201d. <\/p>\n<p class=\"\">D\u00edez y Dolset negaron tener un encargo espec\u00edfico por parte de la formaci\u00f3n que dirige el presidente del Gobierno Pedro S\u00e1nchez, aunque reconocieron hasta dos reuniones con Cerd\u00e1n d\u00edas despu\u00e9s de que S\u00e1nchez redactara la carta de reflexi\u00f3n en abril de 2024 por la imputaci\u00f3n de su mujer, Bego\u00f1a G\u00f3mez. El empresario Dolset concret\u00f3 que, al menos, en una de esas reuniones \u2014en la que ambos pretend\u00edan entregar al partido los indicios de que hab\u00edan sido v\u00edctimas de espionaje por parte del comisario Jos\u00e9 Manuel Villarejo, a trav\u00e9s de las saunas del padre de Bego\u00f1a G\u00f3mez\u2014 particip\u00f3 Antonio Hernando cuando este era director adjunto del Gabinete de la Presidencia del Gobierno. <\/p>\n<p class=\"\">El instructor ha oficiado al PSOE en este nuevo escrito para que \u201cen el plazo de diez d\u00edas\u201d concrete si Leire D\u00edez ha sido afiliada del partido y, en tal caso, cu\u00e1ndo ces\u00f3 como afliada. Adem\u00e1s, pide saber \u201csi durante el tiempo que ha estado afiliada\u201d pudo desempe\u00f1ar \u201calguna actividad en el seno del partido\u201d y si, por ello, recibi\u00f3 \u201calg\u00fan tipo de remuneraci\u00f3n\u201d. <\/p>\n<p class=\"\">Cabe recordar que Leire D\u00edez declar\u00f3 en sede judicial que <a href=\"https:\/\/elpais.com\/espana\/2025-11-17\/leire-diez-pide-la-nulidad-de-las-grabaciones-en-las-que-se-presenta-como-mano-derecha-de-cerdan.html\" target=\"_blank\" rel=\"noreferrer nofollow noopener\" title=\"https:\/\/elpais.com\/espana\/2025-11-17\/leire-diez-pide-la-nulidad-de-las-grabaciones-en-las-que-se-presenta-como-mano-derecha-de-cerdan.html\">llevaba casi dos d\u00e9cadas siendo militante del Partido Socialista<\/a>, si bien el pasado mes de junio se dio de baja tras estallar la pol\u00e9mica por la grabaci\u00f3n de una reuni\u00f3n en la que ofrec\u00eda a un imputado de un asunto de hidrocarburos la posibilidad de pactar con la Fiscal\u00eda a cambio de informaci\u00f3n. <\/p>\n<p class=\"\">Zamarriego pide tambi\u00e9n conocer si Hernando y Cerd\u00e1n han sido afiliados y han desempe\u00f1ado \u201calguna actividad en el seno del partido\u201d o del Ejecutivo. <\/p>\n<p>Del Rivero y Alejandro Hamlyn<\/p>\n<p class=\"\">En este nuevo escrito, acuerda escuchar tambi\u00e9n al empresario constructor Luis del Rivero, que organiz\u00f3 la cita el pasado 7 de mayo entre Leire D\u00edez y Dolset con el fiscal Ignacio Stampa,<a href=\"https:\/\/elpais.com\/espana\/2025-11-18\/el-juez-del-caso-leire-diez-citara-al-empresario-que-actuo-de-enlace-en-la-reunion-con-stampa.html\" target=\"_self\" rel=\"nofollow noopener\" title=\"https:\/\/elpais.com\/espana\/2025-11-18\/el-juez-del-caso-leire-diez-citara-al-empresario-que-actuo-de-enlace-en-la-reunion-con-stampa.html\"> tal y como avanz\u00f3 EL PA\u00cdS.<\/a> Este fiscal grab\u00f3 el encuentro, precisamente, en el despacho de Del Rivero que ya hab\u00eda concertado reuniones anteriores entre Stampa y la expresidenta madrile\u00f1a Esperanza Aguirre o el l\u00edder de Vox, Santiago Abascal. <\/p>\n<p class=\"\">Stampa relat\u00f3 que \u00e9l esperaba encontrarse a Cerd\u00e1n ese d\u00eda y en su lugar acudi\u00f3 Leire D\u00edez. Grab\u00f3 todo el encuentro y en ese audio, que se ha incorporado al sumario, se escucha a D\u00edez contar c\u00f3mo ella reportaba a Cerd\u00e1n y a Dolset relatar que el presidente del Gobierno hab\u00eda dado orden de \u201climpiar\u201d las irregularidades en la Fiscal\u00eda o en la Polic\u00eda. <\/p>\n<p class=\"\">No es la \u00fanica grabaci\u00f3n que se ha incorporado a la causa como prueba. El Confidencial public\u00f3 un v\u00eddeo de una reuni\u00f3n en la que tambi\u00e9n estaban D\u00edez y Dolset, as\u00ed como el actual abogado de Cerd\u00e1n, Jacobo Teijelo. El encuentro transcurri\u00f3 el pasado mes de febrero, precisamente en el despacho de este \u00faltimo y all\u00ed mantuvieron una videoconferencia con <a href=\"https:\/\/elpais.com\/espana\/2025-06-30\/un-empresario-de-los-audios-de-leire-diez-evita-presentarse-a-su-juicio-por-un-macrofraude-de-hidrocarburos.html\" target=\"_blank\" rel=\"noreferrer nofollow noopener\" title=\"https:\/\/elpais.com\/espana\/2025-06-30\/un-empresario-de-los-audios-de-leire-diez-evita-presentarse-a-su-juicio-por-un-macrofraude-de-hidrocarburos.html\">un imputado por un asunto de hidrocarburos en la Audiencia Nacional: Alejandro Hamlyn<\/a>. A este \u00faltimo, los interlocutores de la reuni\u00f3n le pidieron informaci\u00f3n sobre miembros de la UCO y, a cambio, le deslizaron que podr\u00eda sentarse a negociar beneficios de su acusaci\u00f3n por fraude con la Fiscal\u00eda y la Abogac\u00eda del Estado. <\/p>\n<p class=\"\">El instructor ha citado igualmente a Hamlyn para que declare como testigo el mismo d\u00eda que Cerd\u00e1n, Hernando y Del Rivero, y ha enviado a la Comisar\u00eda General de Polic\u00eda Cient\u00edfica las dos grabaciones (la de Stampa y la de Hamlyn) para que, en el primer caso, \u201cprocedan a mejorar el audio\u201d y, en el segundo, \u201cdeterminen\u201d si \u201ct\u00e9cnicamente\u201d la grabaci\u00f3n \u201cpudo ser efectuada por uno de los asistentes a la reuni\u00f3n\u201d. <\/p>\n","protected":false},"excerpt":{"rendered":"El titular del Juzgado de Instrucci\u00f3n n\u00famero 9 de Madrid, Arturo Zamarriego, ha decidido citar el pr\u00f3ximo 2&hellip;\n","protected":false},"author":2,"featured_media":256955,"comment_status":"","ping_status":"","sticky":false,"template":"","format":"standard","meta":{"footnotes":""},"categories":[8],"tags":[64519,17,18,25,24,13,14,1160,11,53621,2158,19,20,53620,9,10,15,16,1699,8411,23,12,493,2155,21,22],"class_list":{"0":"post-256954","1":"post","2":"type-post","3":"status-publish","4":"format-standard","5":"has-post-thumbnail","7":"category-espana","8":"tag-antonio-hernando","9":"tag-breaking-news","10":"tag-breakingnews","11":"tag-es","12":"tag-espana","13":"tag-featured-news","14":"tag-featurednews","15":"tag-guardia-civil","16":"tag-headlines","17":"tag-javier-perez-dolset","18":"tag-justicia","19":"tag-latest-news","20":"tag-latestnews","21":"tag-leire-diez","22":"tag-news","23":"tag-noticias","24":"tag-noticias-destacadas","25":"tag-noticiasdestacadas","26":"tag-psoe","27":"tag-santos-cerdan","28":"tag-spain","29":"tag-titulares","30":"tag-tribunales","31":"tag-uco","32":"tag-ultimas-noticias","33":"tag-ultimasnoticias"},"share_on_mastodon":{"url":"https:\/\/pubeurope.com\/@es\/115616655898263433","error":""},"_links":{"self":[{"href":"https:\/\/www.europesays.com\/es\/wp-json\/wp\/v2\/posts\/256954","targetHints":{"allow":["GET"]}}],"collection":[{"href":"https:\/\/www.europesays.com\/es\/wp-json\/wp\/v2\/posts"}],"about":[{"href":"https:\/\/www.europesays.com\/es\/wp-json\/wp\/v2\/types\/post"}],"author":[{"embeddable":true,"href":"https:\/\/www.europesays.com\/es\/wp-json\/wp\/v2\/users\/2"}],"replies":[{"embeddable":true,"href":"https:\/\/www.europesays.com\/es\/wp-json\/wp\/v2\/comments?post=256954"}],"version-history":[{"count":0,"href":"https:\/\/www.europesays.com\/es\/wp-json\/wp\/v2\/posts\/256954\/revisions"}],"wp:featuredmedia":[{"embeddable":true,"href":"https:\/\/www.europesays.com\/es\/wp-json\/wp\/v2\/media\/256955"}],"wp:attachment":[{"href":"https:\/\/www.europesays.com\/es\/wp-json\/wp\/v2\/media?parent=256954"}],"wp:term":[{"taxonomy":"category","embeddable":true,"href":"https:\/\/www.europesays.com\/es\/wp-json\/wp\/v2\/categories?post=256954"},{"taxonomy":"post_tag","embeddable":true,"href":"https:\/\/www.europesays.com\/es\/wp-json\/wp\/v2\/tags?post=256954"}],"curies":[{"name":"wp","href":"https:\/\/api.w.org\/{rel}","templated":true}]}}