{"id":256962,"date":"2025-11-26T15:24:14","date_gmt":"2025-11-26T15:24:14","guid":{"rendered":"https:\/\/www.europesays.com\/es\/256962\/"},"modified":"2025-11-26T15:24:14","modified_gmt":"2025-11-26T15:24:14","slug":"la-principal-amenaza-del-utrecht-contra-el-betis-es-espanola-partido-especial-para-miguel-rodriguez","status":"publish","type":"post","link":"https:\/\/www.europesays.com\/es\/256962\/","title":{"rendered":"La principal amenaza del Utrecht contra el Betis es espa\u00f1ola: partido especial para Miguel Rodr\u00edguez"},"content":{"rendered":"<p class=\"parrafo\"><strong>Una de las principales amenazas para el Betis <\/strong>en la cita europea de este jueves contra el Utrecht <strong>es un futbolista espa\u00f1ol y responde al nombre de Miguel Rodr\u00edguez<\/strong>, que a sus 22 a\u00f1os se ha convertido en una de las sensaciones de la Eredivisie y pieza clave en el rival verdiblanco.<\/p>\n<p class=\"parrafo\">Oriundo de la localidad pontevedresa de Redondela, el extremo diestro, protagonista en la rueda de prensa de esta tarde del conjunto neerland\u00e9s, afronta la visita a La Cartuja como un partido especial, como <strong>una oportunidad para demostrar que regresa a Espa\u00f1a como una referencia indiscutible en su equipo <\/strong>y preparado para dar un salto en su carrera despu\u00e9s de que en el Celta no disfrutara de continuidad en el primer equipo.<\/p>\n<p class=\"parrafo\"><strong>Miguel Rodr\u00edguez suma 14 goles y cuatro asistencias en el Utrecht<\/strong><\/p>\n<p class=\"parrafo\">As\u00ed, se cri\u00f3 en la cantera viguesa, pero <strong>en el Celta no lleg\u00f3 a alcanzar un rol protagonista a pesar de haber participado hasta en 32 partidos<\/strong>, pero en muchas ocasiones durante pocos minutos, como evidencia que solo acumul\u00f3 944 desde que debutara el 10 de abril de 2020 contra Osasuna con un saldo de dos goles y dos asistencias. Registro que ya ha superado con creces en temporada y media en el Utrecht, donde <strong>suma 14 goles y cuatro asistencias en 47 encuentros.<\/strong><\/p>\n<p><a class=\"elementos-rel-t2\" href=\"https:\/\/www.estadiodeportivo.com\/futbol\/betis\/presion-para-betis-con-karouani-lateral-gratis-que-vigila-para-verano-testara-este-jueves-ante-utrecht-20251125-521537.html\" title=\"Presi\u00f3n para el Betis con El Karouani, lateral gratis que vigila para verano y testar\u00e1 este jueves ante el Utrecht\" rel=\"nofollow noopener\" target=\"_blank\">Presi\u00f3n para el Betis con El Karouani, lateral gratis que vigila para verano y testar\u00e1 este jueves ante el Utrecht<img decoding=\"async\" src=\"https:\/\/www.europesays.com\/es\/wp-content\/uploads\/2025\/11\/e9949a10-69fb-4248-98d9-95bc80ea3f82_320x180.jpeg\" alt=\"Presi\u00f3n para el Betis con El Karouani, lateral gratis que vigila para verano y testar\u00e1 este jueves ante el Utrecht\"\/><\/a><a class=\"elementos-rel-t2\" href=\"https:\/\/www.estadiodeportivo.com\/futbol\/betis\/aitor-ruibal-pide-betis-contrato-vitalicio-vestario-paso-adelante-momento-20251125-521569.html\" title=\"Aitor Ruibal pide al Betis &quot;un contrato vitalicio&quot; y al equipo, un paso adelante: &quot;Es el momento&quot; \" rel=\"nofollow noopener\" target=\"_blank\">Aitor Ruibal pide al Betis \u00abun contrato vitalicio\u00bb y al equipo, un paso adelante: \u00abEs el momento\u00bb <img decoding=\"async\" src=\"https:\/\/www.europesays.com\/es\/wp-content\/uploads\/2025\/11\/06aadf9c-a70b-4594-b378-90c377cd79b6_320x180.jpeg\" alt=\"Aitor Ruibal pide al Betis &quot;un contrato vitalicio&quot; y al equipo, un paso adelante: &quot;Es el momento&quot; \"\/><\/a><a class=\"elementos-rel-t2\" href=\"https:\/\/www.estadiodeportivo.com\/futbol\/betis\/golpe-efecto-del-betis-con-pellegrini-visperas-del-derbi-con-acercamiento-decisivo-para-renovacion-20251125-521554.html\" title=\"Golpe de efecto del Betis con Pellegrini en v\u00edsperas del derbi con un acercamiento decisivo para su renovaci\u00f3n  \" rel=\"nofollow noopener\" target=\"_blank\">Golpe de efecto del Betis con Pellegrini en v\u00edsperas del derbi con un acercamiento decisivo para su renovaci\u00f3n  <img decoding=\"async\" src=\"https:\/\/www.europesays.com\/es\/wp-content\/uploads\/2025\/11\/6427267a-935c-421b-a6f8-6c4a9a777235_320x180.jpeg\" alt=\"Golpe de efecto del Betis con Pellegrini en v\u00edsperas del derbi con un acercamiento decisivo para su renovaci\u00f3n  \"\/><\/a><\/p>\n<p class=\"parrafo\">Su notable rendimiento el curso pasado en su cesi\u00f3n propici\u00f3 que <strong>el Utrecht lo comprara este verano por 1,25 millones <\/strong>y sus prestaciones han mejorado m\u00e1s si cabe como futbolista clave en los planes de Ron Hans, que lo emplea tanto en su posici\u00f3n natural como de interior izquierdo o mediapunta.<\/p>\n<p>El extremo espa\u00f1ol anot\u00f3 el \u00faltimo gol europeo del rival b\u00e9tico<\/p>\n<p class=\"parrafo\">De este modo, <strong>se erige en el segundo m\u00e1ximo goleador de su equipo con un total de cuatro goles<\/strong>, tres en la Eredivisie y uno en la fase liga de la Europa League, anotado, precisamente, en la jornada anterior en el meritorio empate contra el Oporto. Este \u00faltimo tanto refleja que Miguel Rodr\u00edguez se crece en partidos importantes como el de ma\u00f1ana contra el Betis, como demostr\u00f3 tambi\u00e9n recientemente en la victoria contra el Ajax.<\/p>\n<p><img decoding=\"async\" src=\"https:\/\/www.europesays.com\/es\/wp-content\/uploads\/2025\/11\/954ea01b-bbdf-4699-984f-f46eb0bedfed_800x821.jpeg\" loading=\"lazy\"\/><\/p>\n<p class=\"parrafo\">La visita a La Cartuja, lo que supone su regreso a Espa\u00f1a por primera vez tras abandonar el Celta, <strong>se presenta como un magn\u00edfico escaparate para un Miguel Rodr\u00edguez en pleno crecimiento <\/strong>y que el curso pasado fue designado como el mejor jugador de la Eredivisie en el mes de abril.<\/p>\n<p>Miguel Rodr\u00edguez, ilusionado con la visita al Betis<\/p>\n<p class=\"parrafo\">De esta forma, afronta con ilusi\u00f3n y como <strong>arma destacada del Utrecht el enfrentamiento contra el Betis<\/strong>, contra el que todav\u00eda no se ha medido en el c\u00e9sped pese a haber estado en el banquillo del Celta en varios encuentros contra los heliopolitanos. <\/p>\n<p class=\"parrafo\">Su alto nivel en el Utrecht ha provocado que <strong>su valor se haya multiplicado por cuatro <\/strong>a la espera de una nueva subida en la pr\u00f3xima revisi\u00f3n, y a d\u00eda de hoy est\u00e1 tasado en 4,5 millones de euros.<\/p>\n","protected":false},"excerpt":{"rendered":"Una de las principales amenazas para el Betis en la cita europea de este jueves contra el Utrecht&hellip;\n","protected":false},"author":2,"featured_media":256963,"comment_status":"","ping_status":"","sticky":false,"template":"","format":"standard","meta":{"footnotes":""},"categories":[268],"tags":[168,25,24,284,280,282,64520,286,281,23,167],"class_list":{"0":"post-256962","1":"post","2":"type-post","3":"status-publish","4":"format-standard","5":"has-post-thumbnail","7":"category-futbol","8":"tag-deportes","9":"tag-es","10":"tag-espana","11":"tag-estadio-deportivo","12":"tag-football","13":"tag-futbol","14":"tag-miguel-rodriguez","15":"tag-real-betis-balompie","16":"tag-soccer","17":"tag-spain","18":"tag-sports"},"share_on_mastodon":{"url":"https:\/\/pubeurope.com\/@es\/115616695599192814","error":""},"_links":{"self":[{"href":"https:\/\/www.europesays.com\/es\/wp-json\/wp\/v2\/posts\/256962","targetHints":{"allow":["GET"]}}],"collection":[{"href":"https:\/\/www.europesays.com\/es\/wp-json\/wp\/v2\/posts"}],"about":[{"href":"https:\/\/www.europesays.com\/es\/wp-json\/wp\/v2\/types\/post"}],"author":[{"embeddable":true,"href":"https:\/\/www.europesays.com\/es\/wp-json\/wp\/v2\/users\/2"}],"replies":[{"embeddable":true,"href":"https:\/\/www.europesays.com\/es\/wp-json\/wp\/v2\/comments?post=256962"}],"version-history":[{"count":0,"href":"https:\/\/www.europesays.com\/es\/wp-json\/wp\/v2\/posts\/256962\/revisions"}],"wp:featuredmedia":[{"embeddable":true,"href":"https:\/\/www.europesays.com\/es\/wp-json\/wp\/v2\/media\/256963"}],"wp:attachment":[{"href":"https:\/\/www.europesays.com\/es\/wp-json\/wp\/v2\/media?parent=256962"}],"wp:term":[{"taxonomy":"category","embeddable":true,"href":"https:\/\/www.europesays.com\/es\/wp-json\/wp\/v2\/categories?post=256962"},{"taxonomy":"post_tag","embeddable":true,"href":"https:\/\/www.europesays.com\/es\/wp-json\/wp\/v2\/tags?post=256962"}],"curies":[{"name":"wp","href":"https:\/\/api.w.org\/{rel}","templated":true}]}}