{"id":256968,"date":"2025-11-26T15:28:12","date_gmt":"2025-11-26T15:28:12","guid":{"rendered":"https:\/\/www.europesays.com\/es\/256968\/"},"modified":"2025-11-26T15:28:12","modified_gmt":"2025-11-26T15:28:12","slug":"hbo-max-anuncia-sus-estrenos-de-diciembre-para-terminar-el-ano-con-fuerza","status":"publish","type":"post","link":"https:\/\/www.europesays.com\/es\/256968\/","title":{"rendered":"HBO Max anuncia sus estrenos de diciembre para terminar el a\u00f1o con fuerza"},"content":{"rendered":"<p>El d\u00eda 5 de diciembre habr\u00e1 un estreno, una <strong>pel\u00edcula titulada La familia McMullen<\/strong>, la cual no se ha estrenado en cines. En Estados Unidos se pudo ver durante una noche en la gran pantalla y, ahora, es el turno de poder disfrutarla en streaming.<\/p>\n<p>Es posible que el t\u00edtulo te suene, dado que <strong>es la secuela tard\u00eda de un film<\/strong> titulado Los hermanos McMullen que se estren\u00f3 en el a\u00f1o 1995. La pel\u00edcula original lleg\u00f3 a recaudar 19,3 millones de d\u00f3lares y, de manera inesperada, ahora protagoniza su secuela.<\/p>\n<p>Contin\u00faa estando al frente de la misma Edward Burns, quien <strong>la protagoniza, dirige y produce<\/strong>, adem\u00e1s de haber escrito el guion. La historia presenta a los personajes principales ahora con m\u00e1s de 50 a\u00f1os y una vida muy distinta a la que ten\u00edan en su momento. El film explora la actualidad de estos personajes, a los que se han sumado hijos y descendientes. Como en la primera pel\u00edcula, les volveremos a ver enfrent\u00e1ndose a desaf\u00edos personales y sentimentales.<\/p>\n<p>En La familia McMullen tambi\u00e9n <strong>encontramos a otros actores<\/strong> como Michael McGlone, Connie Britton o Tracee Ellis Ross, entre otros.<\/p>\n<p>Sarah Squirm: \u00a1En vivo! + En carne y hueso<\/p>\n<p>Desde el 13 de diciembre se podr\u00e1 ver Sarah Squirm: \u00a1En vivo! + En carne y hueso, <strong>un especial de comedia<\/strong> que llega para que los usuarios de HBO Max se puedan re\u00edr sin l\u00edmites.<\/p>\n<p>La protagoniza Sarah Sherman con su personaje de Sarah Squirm, a quien reconocer\u00e1s si eres habitual seguidor del <strong>programa de comedia Saturday Night Live<\/strong>. Seg\u00fan la plataforma, en este especial, la c\u00f3mica se libera y da rienda suelta a toda su locura.<\/p>\n<p><strong>El productor es Lorne Michaels<\/strong>, el visionario creador de Saturday Night Live que ha dejado huella en el mundo de la comedia a lo largo de los a\u00f1os.<\/p>\n<p>Nuevos documentales<\/p>\n<p>Adem\u00e1s de los dos estrenos que hemos mencionado, <strong>HBO Max va a tener nuevos documentales<\/strong> para compartir con todos los usuarios.<\/p>\n<p>Hard Knocks: In season with the NFC East<\/p>\n<p>Esta serie original titulada Hard Knocks: In season with the NFC East estar\u00e1 <strong>disponible desde el d\u00eda 3 de diciembre<\/strong>. Se tratar\u00e1 de un estreno muy bien recibido por los amantes del deporte, puesto que tiene como protagonistas a varios de los equipos m\u00e1s conocidos del f\u00fatbol americano:<\/p>\n<ul>\n<li><strong>Philadelphia Eagles<\/strong> (actuales campeones de la Super Bowl LIX).<\/li>\n<li>Dallas Cowboys<\/li>\n<li>New York Giants<\/li>\n<li>Washington Commanders<\/li>\n<\/ul>\n<p>Los distintos episodios de esta serie documental explorar\u00e1n lo que viven y c\u00f3mo lo viven estos equipos en el momento final de la temporada. Uno de sus incentivos es que tiene al actor Liev Schreiber como narrador. El int\u00e9rprete, que dio vida a <strong>Dientes de sable en el universo X-Men<\/strong>, llevar\u00e1 a los espectadores hasta las profundidades de la NFL.<\/p>\n<p>El rugir de las llamas<\/p>\n<p>Si el estreno anterior es una serie documental, en el caso de El rugir de las llamas, <strong>es una pel\u00edcula documental<\/strong>. Y lo mejor es que se trata de una producci\u00f3n en la que HBO Max ha depositado un gran inter\u00e9s.<\/p>\n<p>Todav\u00eda resulta m\u00e1s interesante debido a que <strong>su historia se ambienta en Espa\u00f1a<\/strong>, lo que no resulta tan habitual como podr\u00edamos imaginar. La directora Robin Petr\u00e9 se lanza a contarnos una historia que nos resulta muy cercana, puesto que trata sobre los incendios producidos en Galicia.<\/p>\n<p>La historia nos permitir\u00e1 entender mejor lo que supone el paso de las llamas por los paisajes gallegos de monta\u00f1a. Para ello, <strong>adoptar\u00e1 distintas perspectivas<\/strong>:<\/p>\n<ul>\n<li>Un bombero que est\u00e1 especializado en an\u00e1lisis de incendios forestales.<\/li>\n<li><strong>Un ni\u00f1o de 10 a\u00f1os<\/strong> que quiere convertirse en vaquero.<\/li>\n<li>Una agricultora y bombera espa\u00f1ola llamada Cristina.<\/li>\n<li>Una veterinaria que se deja la piel para ayudar a caballos en problemas.<\/li>\n<\/ul>\n<p>Music Box: Counting Crows: Have you seen me lately?<\/p>\n<p>Por otro lado, <strong>el d\u00eda 19 de diciembre se estrenar\u00e1<\/strong> esta pel\u00edcula original que llega con el t\u00edtulo de Music Box: Counting Crows: Have you seen me lately?<\/p>\n<p>De la mano de HBO Documentary Films, esta pel\u00edcula profundiza en <strong>la historia de Adam Duritz y su grupo Counting Crows<\/strong>. Para los amantes de la m\u00fasica, ser\u00e1 una forma excelente de descubrir un grupo ic\u00f3nico cuya historia merece ser contada.<\/p>\n<p><img decoding=\"async\" loading=\"lazy\" width=\"1280\" height=\"720\" src=\"https:\/\/www.europesays.com\/es\/wp-content\/uploads\/2025\/11\/Counting-Crows-Have-You-Seen-Me-Lately-Courtesy-of-Chris-Strother-Collection.png\" alt=\"Una escena de\"\/><\/p>\n<p>HBO Max estrena Counting Crows: Have you seen me lately?. \/ Foto: Courtesy-of-Chris-Strother-Collection<br \/>\nMusic Box: Happy and you know it<\/p>\n<p><strong>El \u00faltimo de los nuevos documentales<\/strong> ser\u00e1 Music Box: Happy and you know it, el cual tambi\u00e9n se enmarca dentro de la tem\u00e1tica musical. Estar\u00e1 disponible desde el d\u00eda 26 de diciembre.<\/p>\n<p>En este caso, la historia de la pel\u00edcula documental se concentra en <strong>lo que rodea al pop infantil<\/strong>, analizando su impacto en la industria musical. Tambi\u00e9n tiene espacio para tratar el uso de la IA en la m\u00fasica.<\/p>\n<p>Pel\u00edculas de cat\u00e1logo<\/p>\n<p>Como te dec\u00edamos, los grandes estrenos se ir\u00e1n anunciando de forma independiente al margen de este comunicado de novedades enviado por HBO Max. Pero lo que s\u00ed ha hecho la plataforma ha sido confirmar las <strong>pel\u00edculas que se suman a su cat\u00e1logo<\/strong>.<\/p>\n<p>Y, sobre esto, <strong>hay dos buenas noticias<\/strong>:<\/p>\n<ul>\n<li>Se a\u00f1ade una de las mejores pel\u00edculas Navide\u00f1as de las \u00faltimas d\u00e9cadas: Elf<\/li>\n<li>Entran en el cat\u00e1logo pel\u00edculas de Spider-Man<\/li>\n<\/ul>\n<p><img decoding=\"async\" loading=\"lazy\" width=\"1280\" height=\"720\" src=\"https:\/\/www.europesays.com\/es\/wp-content\/uploads\/2025\/11\/Elf-escena-pelicula-Navidena.png\" alt=\"Una escena de la pel\u00edcula Elf\"\/><\/p>\n<p>Elf llega al cat\u00e1logo de HBO Max en el mes de diciembre. \/ Foto: New Line Cinema<\/p>\n<p>Estos son <strong>todos los estrenos de cat\u00e1logo<\/strong>:<\/p>\n<p><strong>1 de diciembre<\/strong><\/p>\n<ul>\n<li>Blade<\/li>\n<li><strong>Blade Runner<\/strong><\/li>\n<li>Saga Ocean\u2019s<\/li>\n<li>El guardaespaldas<\/li>\n<li>La m\u00e1scara<\/li>\n<li>Elf<\/li>\n<li>Polar Express<\/li>\n<\/ul>\n<p><strong>Saga Spider-Man<\/strong><\/p>\n<ul>\n<li>Spider-Man: Un nuevo universo \u2013 22 de diciembre<\/li>\n<li>Spider-Man: Lejos de casa \u2013 24 de diciembre<\/li>\n<li><strong>Spider-Man: Homecoming<\/strong> \u2013 24 de diciembre<\/li>\n<li>Spider-Man: No Way Home \u2013 24 de diciembre<\/li>\n<li>Spider-Man: Cruzando el Multiverso \u2013 27 de diciembre<\/li>\n<\/ul>\n<p>Adem\u00e1s, HBO Max ha dado otra buena noticia a los usuarios del servicio: en enero <strong>habr\u00e1 dos grandes estrenos<\/strong>. Uno de ellos ser\u00e1 la segunda temporada de The Pitt, la serie de m\u00e9dicos con la que Noah Wyle ha triunfado mundialmente. El otro ser\u00e1 El caballero de los siete reinos, la precuela de Juego de Tronos.<\/p>\n<p>        Preguntas frecuentes sobre los estrenos de HBO Max en diciembre<\/p>\n<p>                        \u00bfCu\u00e1les son los estrenos m\u00e1s destacados del mes?<\/p>\n<p>\n                        La pel\u00edcula La familia McMullen llega creando mucho inter\u00e9s despu\u00e9s de d\u00e9cadas esperando una secuela. Y, la pel\u00edcula documental, El rugir de las llamas tiene una relevancia especial por desarrollarse en Espa\u00f1a.\n                    <\/p>\n<p>                        \u00bfNo hay nuevas series este mes?<\/p>\n<p>\n                        No hay estrenos de series, pero en enero vuelve The Pitt y se estrenar\u00e1 El caballero de los siete reinos.\n                    <\/p>\n<p>                        \u00bfFaltan pel\u00edculas por ser anunciadas para diciembre?<\/p>\n<p>\n                        Es posible. HBO Max anuncia de manera independiente sus grandes pel\u00edculas, as\u00ed que habr\u00e1 que esperar a las pr\u00f3ximas semanas.\n                    <\/p>\n","protected":false},"excerpt":{"rendered":"El d\u00eda 5 de diciembre habr\u00e1 un estreno, una pel\u00edcula titulada La familia McMullen, la cual no se&hellip;\n","protected":false},"author":2,"featured_media":256969,"comment_status":"","ping_status":"","sticky":false,"template":"","format":"standard","meta":{"footnotes":""},"categories":[171],"tags":[146,147,25,24,23,214],"class_list":{"0":"post-256968","1":"post","2":"type-post","3":"status-publish","4":"format-standard","5":"has-post-thumbnail","7":"category-tv","8":"tag-entertainment","9":"tag-entretenimiento","10":"tag-es","11":"tag-espana","12":"tag-spain","13":"tag-tv"},"share_on_mastodon":{"url":"https:\/\/pubeurope.com\/@es\/115616712305740995","error":""},"_links":{"self":[{"href":"https:\/\/www.europesays.com\/es\/wp-json\/wp\/v2\/posts\/256968","targetHints":{"allow":["GET"]}}],"collection":[{"href":"https:\/\/www.europesays.com\/es\/wp-json\/wp\/v2\/posts"}],"about":[{"href":"https:\/\/www.europesays.com\/es\/wp-json\/wp\/v2\/types\/post"}],"author":[{"embeddable":true,"href":"https:\/\/www.europesays.com\/es\/wp-json\/wp\/v2\/users\/2"}],"replies":[{"embeddable":true,"href":"https:\/\/www.europesays.com\/es\/wp-json\/wp\/v2\/comments?post=256968"}],"version-history":[{"count":0,"href":"https:\/\/www.europesays.com\/es\/wp-json\/wp\/v2\/posts\/256968\/revisions"}],"wp:featuredmedia":[{"embeddable":true,"href":"https:\/\/www.europesays.com\/es\/wp-json\/wp\/v2\/media\/256969"}],"wp:attachment":[{"href":"https:\/\/www.europesays.com\/es\/wp-json\/wp\/v2\/media?parent=256968"}],"wp:term":[{"taxonomy":"category","embeddable":true,"href":"https:\/\/www.europesays.com\/es\/wp-json\/wp\/v2\/categories?post=256968"},{"taxonomy":"post_tag","embeddable":true,"href":"https:\/\/www.europesays.com\/es\/wp-json\/wp\/v2\/tags?post=256968"}],"curies":[{"name":"wp","href":"https:\/\/api.w.org\/{rel}","templated":true}]}}