{"id":256975,"date":"2025-11-26T15:32:11","date_gmt":"2025-11-26T15:32:11","guid":{"rendered":"https:\/\/www.europesays.com\/es\/256975\/"},"modified":"2025-11-26T15:32:11","modified_gmt":"2025-11-26T15:32:11","slug":"caceres-se-suma-al-dia-de-la-lucha-contra-el-sida-y-recuerda-la-importancia-de-no-bajar-la-guardia-frente-al-virus","status":"publish","type":"post","link":"https:\/\/www.europesays.com\/es\/256975\/","title":{"rendered":"C\u00e1ceres se suma al D\u00eda de la Lucha contra el Sida y recuerda la importancia de no bajar la guardia frente al virus"},"content":{"rendered":"<p><img id=\"fotoPrincipalNoticia\" src=\"https:\/\/www.europesays.com\/es\/wp-content\/uploads\/2025\/11\/fotonoticia_20251126140717_690.jpg\" loading=\"eager\" decoding=\"async\" style=\"view-transition-name: fechor_20251126140717;\" border=\"0\" alt=\"Acto institucional del Ayuntamiento de C\u00e1ceres con motivo del D\u00eda de la Lucha contra el Sida, que se conmemora el pr\u00f3ximo 1 de diciembre\" fetchpriority=\"high\" title=\"C\u00e1ceres se suma al D\u00eda de la Lucha contra el Sida y recuerda la importancia de no bajar la guardia frente al virus\" width=\"690\" height=\"518\" itemprop=\"image\"\/><\/p>\n<p>Acto institucional del Ayuntamiento de C\u00e1ceres con motivo del D\u00eda de la Lucha contra el Sida, que se conmemora el pr\u00f3ximo 1 de diciembre &#8211; AYUNTAMIENTO DE C\u00c1CERES<\/p>\n<p>C\u00c1CERES 26 Nov. (EUROPA PRESS) &#8211; <\/p>\n<p>   El Ayuntamiento de C\u00e1ceres ha realizado este mi\u00e9rcoles un acto institucional con motivo del D\u00eda de la Lucha contra el Sida, que se conmemora de forma internacional el pr\u00f3ximo 1 de diciembre, en el que se ha destacado la importancia de no bajar la guardia frente al virus del VIH y de la educaci\u00f3n para ponerle barreras, as\u00ed como no estigmatizar a quienes lo contraen.<\/p>\n<p>    El acto ha contado con la presencia de alumando del colegio Diocesano; miembros de la corporaci\u00f3n municipal; la directora del Hospital San Pedro de Alc\u00e1ntara, Julia Mohedano; y el presidente del Comit\u00e9 Antisida de Extremadura (CAEX), Santiago P\u00e9rez, as\u00ed como la concejala de Servicios Sociales, Encarna Sol\u00eds, quien ha agradecido a CAEX \u00absu trabajo incansable\u00bb en la lucha contra el Sida.<\/p>\n<p>   \u00abPor suerte, hemos avanzado mucho en su prevenci\u00f3n y tambi\u00e9n en su tratamiento, pero nuestros esfuerzos nunca ser\u00e1n suficientes mientras el VIH siga prevaleciendo en nuestra sociedad\u00bb, ha dicho Sol\u00eds, que ha resaltado la importancia de la detecci\u00f3n precoz a trav\u00e9s de los test que la organizaci\u00f3n realizar \u00abcon la m\u00e1xima discreci\u00f3n\u00bb.<\/p>\n<p>   Sol\u00eds ha subrayado \u00abla importancia de aprender desde peque\u00f1os, a poner barreras al virus y tambi\u00e9n a no se\u00f1alar ni estigmatizar a quienes contraen el VIH\u00bb.<\/p>\n<p>   Por su parte, Santiago P\u00e9rez ha le\u00eddo el manifiesto del Comit\u00e9 Antisida, bajo el lema &#8216;Por salud. Por responsabilidad. Hazte la prueba del VIH&#8217;, donde se indica que \u00abhoy alzamos la voz para recordar que el VIH\/SIDA no es solo una enfermedad: es un reflejo de nuestras desigualdades, de nuestros silencios y nuestros prejuicios. Pero tambi\u00e9n es un espacio donde la ciencia, la solidaridad y la dignidad humana han demostrado su fuerza\u00bb.<\/p>\n<p>   \u00abExigimos acceso universal, equitativo y continuo a los servicios de salud, denunciamos la persistencia del estigma y la discriminaci\u00f3n, reivindicamos la educaci\u00f3n como estrategia esencial para frenar la epidemia, defendemos los derechos humanos y la dignidad de quienes viven con VIH\u00bb, ha le\u00eddo P\u00e9rez.<\/p>\n<p>   En el manifiesto se pide el impulso de la investigaci\u00f3n cient\u00edfica y la innovaci\u00f3n m\u00e9dica, se hace un llamamieto a la cooperaci\u00f3n global y comunitaria, y se honra la memoria de quieres ya no est\u00e1n, al tiempo que se pretende acompa\u00f1ar \u00aba quienes viven hoy esta realidad\u00bb. \u00abAfirmamos que la palabra es un puente\u00bb, se se\u00f1ala en el texto.<\/p>\n<p>   Adem\u00e1s, se ha hecho hincapi\u00e9 en que el manifiesto \u00abes un compromiso vivo\u00bb y \u00abla promesa de no retroceder en la conquista de derechos, de no permitir que la ignorancia domine, de no dejar que nadie quede atr\u00e1s. Es un llamado a actuar con sensibilidad, responsabilidad y humanidad. Porque cada vida importe. Porque la dignidad no se negocia. Porque el sida no define a nadie\u00bb.<\/p>\n","protected":false},"excerpt":{"rendered":"Acto institucional del Ayuntamiento de C\u00e1ceres con motivo del D\u00eda de la Lucha contra el Sida, que se&hellip;\n","protected":false},"author":2,"featured_media":256976,"comment_status":"","ping_status":"","sticky":false,"template":"","format":"standard","meta":{"footnotes":""},"categories":[92],"tags":[25,24,165,166,23],"class_list":{"0":"post-256975","1":"post","2":"type-post","3":"status-publish","4":"format-standard","5":"has-post-thumbnail","7":"category-salud","8":"tag-es","9":"tag-espana","10":"tag-health","11":"tag-salud","12":"tag-spain"},"share_on_mastodon":{"url":"https:\/\/pubeurope.com\/@es\/115616727101604178","error":""},"_links":{"self":[{"href":"https:\/\/www.europesays.com\/es\/wp-json\/wp\/v2\/posts\/256975","targetHints":{"allow":["GET"]}}],"collection":[{"href":"https:\/\/www.europesays.com\/es\/wp-json\/wp\/v2\/posts"}],"about":[{"href":"https:\/\/www.europesays.com\/es\/wp-json\/wp\/v2\/types\/post"}],"author":[{"embeddable":true,"href":"https:\/\/www.europesays.com\/es\/wp-json\/wp\/v2\/users\/2"}],"replies":[{"embeddable":true,"href":"https:\/\/www.europesays.com\/es\/wp-json\/wp\/v2\/comments?post=256975"}],"version-history":[{"count":0,"href":"https:\/\/www.europesays.com\/es\/wp-json\/wp\/v2\/posts\/256975\/revisions"}],"wp:featuredmedia":[{"embeddable":true,"href":"https:\/\/www.europesays.com\/es\/wp-json\/wp\/v2\/media\/256976"}],"wp:attachment":[{"href":"https:\/\/www.europesays.com\/es\/wp-json\/wp\/v2\/media?parent=256975"}],"wp:term":[{"taxonomy":"category","embeddable":true,"href":"https:\/\/www.europesays.com\/es\/wp-json\/wp\/v2\/categories?post=256975"},{"taxonomy":"post_tag","embeddable":true,"href":"https:\/\/www.europesays.com\/es\/wp-json\/wp\/v2\/tags?post=256975"}],"curies":[{"name":"wp","href":"https:\/\/api.w.org\/{rel}","templated":true}]}}