{"id":256981,"date":"2025-11-26T15:35:10","date_gmt":"2025-11-26T15:35:10","guid":{"rendered":"https:\/\/www.europesays.com\/es\/256981\/"},"modified":"2025-11-26T15:35:10","modified_gmt":"2025-11-26T15:35:10","slug":"onda-y-la-camara-reunen-a-empresas-en-una-jornada-para-tratar-la-construccion-industrializada-y-ceramica","status":"publish","type":"post","link":"https:\/\/www.europesays.com\/es\/256981\/","title":{"rendered":"Onda y la C\u00e1mara re\u00fanen a empresas en una jornada para tratar la construcci\u00f3n industrializada y cer\u00e1mica"},"content":{"rendered":"<p>CASTELL\u00d3.\u00a0Onda volver\u00e1 a situarse este viernes en el centro de la innovaci\u00f3n industrial con la celebraci\u00f3n de la jornada \u201cConstrucci\u00f3n industrializada: c\u00f3mo impacta en el futuro del sector cer\u00e1mico\u201d, un encuentro dirigido a empresas, profesionales y actores del ecosistema cer\u00e1mico para analizar c\u00f3mo los nuevos modelos constructivos definen el futuro de la industria.\u00a0<\/p>\n<p>La cita tendr\u00e1 lugar el 28 de noviembre, a las 9.30 horas, en <strong>La Campaneta Factor\u00eda Cultural<\/strong>, en el marco de la colaboraci\u00f3n entre el <strong>Ayuntamiento de Onda<\/strong> y la <strong>C\u00e1mara de Comercio de Castell\u00f3n<\/strong>. As\u00ed, en esta sesi\u00f3n se abordar\u00e1n los retos y oportunidades que plantea la industrializaci\u00f3n de la construcci\u00f3n para toda la cadena de valor cer\u00e1mica, desde el dise\u00f1o de producto y los procesos productivos hasta la digitalizaci\u00f3n industrial y la sostenibilidad, con la participaci\u00f3n de l\u00edderes empresariales y tecnol\u00f3gicos del sector. En esta l\u00ednea, el concejal de Industria del Ayuntamiento de Onda, <strong>Vicente Ram\u00f3n<\/strong>, ha puesto en valor el papel del municipio como punto de encuentro para el sector: \u201cOnda apuesta por liderar la transformaci\u00f3n industrial del sector cer\u00e1mico desde la cooperaci\u00f3n, la innovaci\u00f3n y la visi\u00f3n de futuro\u201d.<\/p>\n<p>Ponentes y contenidos<\/p>\n<p>La alcaldesa de Onda, <strong>Carmina Ballester<\/strong>, y la presidenta de la C\u00e1mara de Comercio de Castell\u00f3n, <strong>Lola Guillam\u00f3n<\/strong>, inaugurar\u00e1n la jornada, que contar\u00e1 con intervenciones de perfiles estrat\u00e9gicos del sector como <strong>Joaqu\u00edn Peris<\/strong>, CEO de Peronda Group, con un pitch inspiracional sobre integraci\u00f3n de la baldosa en sistemas constructivos industrializados; y una mesa de debate empresarial moderada por la Directora General de ITC-AICE, <strong>Yolanda Roig<\/strong>, con la participaci\u00f3n de <strong>Joaqu\u00edn Peris<\/strong>, de Peronda Group; <strong>Javier L\u00f3pez<\/strong> de Reymansa; y <strong>Leonardo Nomdedeu<\/strong> de Boreal Open Systems.\u00a0<\/p>\n<p>Con este objetivo, la jornada se presenta como un espacio de trabajo para analizar c\u00f3mo la reducci\u00f3n de plazos, la sostenibilidad, la automatizaci\u00f3n y la digitalizaci\u00f3n est\u00e1n redefiniendo los requisitos constructivos y, con ello, generando nuevas oportunidades de mercado para los materiales cer\u00e1micos t\u00e9cnicos y de alto rendimiento. El encuentro finalizar\u00e1 con un espacio de networking empresarial para fomentar la creaci\u00f3n de alianzas y nuevos proyectos. Las personas interesadas en participar en la jornada todav\u00eda pueden inscribirse a trav\u00e9s de un formulario online.<\/p>\n","protected":false},"excerpt":{"rendered":"CASTELL\u00d3.\u00a0Onda volver\u00e1 a situarse este viernes en el centro de la innovaci\u00f3n industrial con la celebraci\u00f3n de la&hellip;\n","protected":false},"author":2,"featured_media":256982,"comment_status":"","ping_status":"","sticky":false,"template":"","format":"standard","meta":{"footnotes":""},"categories":[80],"tags":[82,95,94,25,24,23],"class_list":{"0":"post-256981","1":"post","2":"type-post","3":"status-publish","4":"format-standard","5":"has-post-thumbnail","7":"category-economia","8":"tag-business","9":"tag-economia","10":"tag-economy","11":"tag-es","12":"tag-espana","13":"tag-spain"},"share_on_mastodon":{"url":"https:\/\/pubeurope.com\/@es\/115616738567005347","error":""},"_links":{"self":[{"href":"https:\/\/www.europesays.com\/es\/wp-json\/wp\/v2\/posts\/256981","targetHints":{"allow":["GET"]}}],"collection":[{"href":"https:\/\/www.europesays.com\/es\/wp-json\/wp\/v2\/posts"}],"about":[{"href":"https:\/\/www.europesays.com\/es\/wp-json\/wp\/v2\/types\/post"}],"author":[{"embeddable":true,"href":"https:\/\/www.europesays.com\/es\/wp-json\/wp\/v2\/users\/2"}],"replies":[{"embeddable":true,"href":"https:\/\/www.europesays.com\/es\/wp-json\/wp\/v2\/comments?post=256981"}],"version-history":[{"count":0,"href":"https:\/\/www.europesays.com\/es\/wp-json\/wp\/v2\/posts\/256981\/revisions"}],"wp:featuredmedia":[{"embeddable":true,"href":"https:\/\/www.europesays.com\/es\/wp-json\/wp\/v2\/media\/256982"}],"wp:attachment":[{"href":"https:\/\/www.europesays.com\/es\/wp-json\/wp\/v2\/media?parent=256981"}],"wp:term":[{"taxonomy":"category","embeddable":true,"href":"https:\/\/www.europesays.com\/es\/wp-json\/wp\/v2\/categories?post=256981"},{"taxonomy":"post_tag","embeddable":true,"href":"https:\/\/www.europesays.com\/es\/wp-json\/wp\/v2\/tags?post=256981"}],"curies":[{"name":"wp","href":"https:\/\/api.w.org\/{rel}","templated":true}]}}